{"id":5227,"date":"2015-05-06T14:33:50","date_gmt":"2015-05-06T11:33:50","guid":{"rendered":"http:\/\/akincilardergisi.com\/dergi\/?p=5227"},"modified":"2023-11-07T11:29:45","modified_gmt":"2023-11-07T08:29:45","slug":"dinle-problemi-olanlarin-diyaneti-kaldirmak-istemesi","status":"publish","type":"post","link":"https:\/\/akincilardergisi.com\/tr\/dinle-problemi-olanlarin-diyaneti-kaldirmak-istemesi\/","title":{"rendered":"D\u0130NLE PROBLEM\u0130 OLANLARIN D\u0130YANET\u0130 KALDIRMAK \u0130STEMES\u0130"},"content":{"rendered":"<p><span style=\"font-family: 'Palatino Linotype'\">Se\u00e7imler yakla\u015ft\u0131k\u00e7a siyasetin dozunun artmas\u0131yla birlikte tart\u0131\u015fma konular\u0131 da \u00e7e\u015fitleniyor. Son tart\u0131\u015fma konusu ise \u201cDiyanet \u0130\u015fleri Ba\u015fkanl\u0131\u011f\u0131\u201d oldu. Bir siyaset\u00e7i iktidar olduklar\u0131nda Diyanet \u0130\u015fleri Ba\u015fkanl\u0131\u011f\u0131\u2019n\u0131 kald\u0131racaklar\u0131n\u0131 s\u00f6yl\u00fcyor. Dini toplumun hayat\u0131ndan kald\u0131racaklar\u0131n\u0131 s\u00f6yleyemedikleri i\u00e7in Diyanet\u2019i kald\u0131raca\u011f\u0131z diyorlar. Allah size hi\u00e7bir zaman f\u0131rsat vermesin. Gezicilerin allamesi, Diyanet \u0130\u015fleri Ba\u015fkanl\u0131\u011f\u0131\u2019n\u0131n Emeviler\u2019in ihdas etti\u011fi bir kurum oldu\u011funu ve Bel\u2019am oldu\u011funu s\u00f6yl\u00fcyor. Genel olarak Bel\u2019am: \u201c<b>D\u00fcnyevi \u00e7\u0131kar ve hesaplar i\u00e7in Allah\u2019\u0131n dinini tahrif eden bir ilim ve din adam\u0131n\u0131n k\u00fcf\u00fcr sistemlerine ve k\u00e2fir y\u00f6neticilere yaranmak maksad\u0131yla Allah\u2019\u0131n h\u00fck\u00fcmlerini \u00e7i\u011fneyen ve as\u0131l gayesinden sapt\u0131ran kimseleri temsil etmektir.\u201d <\/b>\u015fekilde bilinir.<\/span><\/p>\n<p class=\"ecxMsoNormal\" style=\"text-align: justify\"><span style=\"font-family: 'Palatino Linotype'\">Diyanet \u0130\u015fleri Ba\u015fkanl\u0131\u011f\u0131\u2019n\u0131n stat\u00fcs\u00fc y\u0131llard\u0131r tart\u0131\u015f\u0131l\u0131r, durulur. Bir sonuca da var\u0131lamaz. Ba\u015fkanl\u0131\u011fa al\u0131nan ara\u00e7 herkesin kafas\u0131na biner. Genel m\u00fcd\u00fcrlerin bindi\u011fi ara\u00e7lar Diyanet \u0130\u015fleri Ba\u015fkan\u0131na \u00e7ok g\u00f6r\u00fcl\u00fcr. \u00a0Zaten ba\u015fkan da bir kez bile binmedi\u011fini ve arac\u0131 iade edece\u011fini a\u00e7\u0131klam\u0131\u015f. Fakat bu kurumun kendisini sorgulamas\u0131 gerekmez mi? Bu kurumu kuranlar, \u0130slam\u2019a hizmet olsun, Allah\u2019\u0131n h\u00fckm\u00fc toplumda h\u00e2kim olsun diye mi kurdular? Bu kurumu kuranlar\u0131n \u0130slam\u2019la ne ilgileri vard\u0131? Bu kurumu kuranlar \u0130slam\u2019\u0131n neresindeydiler. \u0130slam\u2019\u0131n hangi h\u00fckm\u00fcne inand\u0131lar, hangi h\u00fckm\u00fcn\u00fc ya\u015fad\u0131lar? \u0130nanmad\u0131klar\u0131, ya\u015famad\u0131klar\u0131 bir dinle alakal\u0131 bir te\u015fkilat kuranlar\u0131n amac\u0131n\u0131n bu dinin do\u011fru \u00f6\u011fretilmesi oldu\u011funu s\u00f6ylemek m\u00fcmk\u00fcn m\u00fcd\u00fcr? Yoksa Allah\u2019\u0131n dinini kontrol alt\u0131na almak i\u00e7in mi kurdular? Elbette bunun i\u00e7in kurdular. Biz nas\u0131l istersek siz \u00f6yle inanacaks\u0131n\u0131z demeye getirdiler ve bizim istedi\u011fimiz kadar iman edeceksiniz; sonra kar\u0131\u015fmay\u0131z ha demeye getirmediler mi?<\/span><\/p>\n<p class=\"ecxMsoNormal\" style=\"text-align: justify\"><span style=\"font-family: 'Palatino Linotype'\">Diyanet \u0130\u015fleri Ba\u015fkanl\u0131 siyasi iktidarlar\u0131n dinle ilgilerine g\u00f6re ilerleme kaydetti veya kabu\u011funa \u00e7ekildi. Zaman zaman da g\u00fczel i\u015flere imza att\u0131\u011f\u0131n\u0131 s\u00f6ylemeliyiz. Bug\u00fcn Diyanet \u0130\u015fleri\u2019ni tart\u0131\u015fma konusu yapanlar\u0131n niyetleri, Diyanet daha iyi olsun, daha iyi hizmet etsin diye de\u011fil; asl\u0131nda bir kurum \u00fczerinden kavga ba\u015flat\u0131rken bilin\u00e7 alt\u0131ndaki dine bak\u0131\u015f\u0131n\u0131 a\u00e7\u0131\u011fa vurmaktad\u0131r. Mert olmad\u0131klar\u0131 i\u00e7in kurum \u00fczerinden intikam almak istiyorlar.<\/span><\/p>\n<p class=\"ecxMsoNormal\" style=\"text-align: justify\"><span style=\"font-family: 'Palatino Linotype'\">Diyanet\u2019i konu\u015fmaktan ve hizmetlerini tart\u0131\u015fmaktan \u00e7ekinilmemelidir. E\u011fitim bizim \u00fclkemizde yaz-boz tahtas\u0131na d\u00f6nd\u00fc\u011f\u00fcnden her kurum bu olumsuzluktan nasibini almaktad\u0131r. Bug\u00fcn h\u00e2l\u00e2 Diyanet te\u015fkilat\u0131nda Buhari\u2019nin hakemli\u011fini kabul etmeyen k\u00e2firdir diyen hocalar (!) varsa, Peygamberimizi cennette Hz. Meryem ile evlendiren g\u00f6revliler varsa, Diyanet\u2019in radyosunda h\u00e2l\u00e2 buram buram \u015firk kokan ilahi ad\u0131 alt\u0131nda sa\u00e7mal\u0131klar s\u00f6ylenmeye devam ediliyorsa bunlar\u0131n sorgulanmas\u0131 gerekmez mi? Baz\u0131 g\u00f6revliler Hz. Peygamberi, Hz. Ebubekir\u2019i, Hz. \u00d6mer\u2019i, Hz. Osman\u2019\u0131, Hz. Ali\u2019yi ve Hz. Hamza\u2019y\u0131 atlar\u0131na binip \u00c7anakkale\u2019ye sava\u015fa g\u00f6t\u00fcr\u00fcyorsa, k\u00fcrs\u00fcn\u00fcn alt\u0131nda bunlar\u0131 dinleyen m\u00fcft\u00fclerimiz evlad\u0131m siz bunlar\u0131 nereden \u00e7\u0131kart\u0131yorsunuz; Medine \u0130ngilizlere teslim edilirken ne \u00c7anakkale\u2019sinden bahsediyorsunuz demiyorsa s\u0131k\u0131nt\u0131lar var demektir. Allah\u2019\u0131n dininin do\u011fru anlat\u0131lmas\u0131 noktas\u0131nda vazifeli olan karde\u015flerimiz onun bunun kitaplar\u0131n\u0131 Kur\u2019an\u2019\u0131n \u00f6n\u00fcne ge\u00e7iriyorsa, onun bunun din anlay\u0131\u015f\u0131n\u0131 \u0130slam Dini diye anlat\u0131yorsa burada da bir s\u0131k\u0131nt\u0131 vard\u0131r. M\u00fcft\u00fc hocalar\u0131m\u0131z \u015funu bilmelidirler ki hizmet i\u00e7i e\u011fitimlerde veya yapt\u0131\u011f\u0131n\u0131z s\u0131navlarda belki Diyanet\u2019in kitaplar\u0131 baz al\u0131n\u0131yorken bir\u00e7ok karde\u015fimizin dini anlatma noktas\u0131nda ba\u015fka ba\u015fka anlay\u0131\u015flar\u0131n kitaplar\u0131n\u0131 baz ald\u0131klar\u0131n\u0131 bilmelisiniz, g\u00f6rmelisiniz. Herkes Allah\u2019\u0131n do\u011fru dinini anlatt\u0131\u011f\u0131n\u0131 s\u00f6yleyecek olsa da bunun b\u00f6yle olmad\u0131\u011f\u0131n\u0131 hepimiz biliyoruz. <\/span><\/p>\n<p class=\"ecxMsoNormal\" style=\"text-align: justify\"><span style=\"font-family: 'Palatino Linotype'\">\u0130\u00e7e d\u00f6n\u00fck \u00f6z ele\u015ftirilirimizi olumsuzluk olarak g\u00f6rmeyelim, daha iyiyi, daha g\u00fczeli bulma ad\u0131na bunu yapmal\u0131y\u0131z.<\/span><\/p>\n<p class=\"ecxMsoNormal\" style=\"text-align: justify\"><span style=\"font-family: Tahoma;font-size: 20pt\">\u00a0<\/span><\/p>\n<p class=\"ecxMsoNormal\" style=\"text-align: justify\"><b><span style=\"font-family: Tahoma;font-size: 20pt\">\u00d6mer Naci YILMAZ<\/span><\/b><\/p>\n<p class=\"ecxMsoNormal\" style=\"text-align: justify\"><b><span style=\"font-family: Tahoma;font-size: 20pt\">\u00a0<\/span><\/b><\/p>\n<p class=\"ecxMsoNormal\" style=\"text-align: justify\"><span style=\"font-family: Tahoma;font-size: 20pt\">\u00a0<\/span><\/p>\n","protected":false},"excerpt":{"rendered":"<p>Se\u00e7imler yakla\u015ft\u0131k\u00e7a siyasetin dozunun artmas\u0131yla birlikte tart\u0131\u015fma konular\u0131 da \u00e7e\u015fitleniyor. Son tart\u0131\u015fma konusu ise \u201cDiyanet \u0130\u015fleri Ba\u015fkanl\u0131\u011f\u0131\u201d oldu. Bir siyaset\u00e7i iktidar olduklar\u0131nda Diyanet \u0130\u015fleri Ba\u015fkanl\u0131\u011f\u0131\u2019n\u0131 kald\u0131racaklar\u0131n\u0131 s\u00f6yl\u00fcyor. Dini toplumun hayat\u0131ndan kald\u0131racaklar\u0131n\u0131 s\u00f6yleyemedikleri i\u00e7in Diyanet\u2019i kald\u0131raca\u011f\u0131z diyorlar. Allah size hi\u00e7bir zaman f\u0131rsat vermesin. Gezicilerin allamesi, Diyanet \u0130\u015fleri Ba\u015fkanl\u0131\u011f\u0131\u2019n\u0131n Emeviler\u2019in ihdas etti\u011fi bir kurum oldu\u011funu ve Bel\u2019am &hellip;<\/p>\n","protected":false},"author":26,"featured_media":48521,"comment_status":"open","ping_status":"open","sticky":false,"template":"","format":"standard","meta":{"om_disable_all_campaigns":false,"_themeisle_gutenberg_block_has_review":false,"_joinchat":[],"footnotes":""},"categories":[38,54,43],"tags":[],"class_list":["post-5227","post","type-post","status-publish","format-standard","has-post-thumbnail","","category-guncel","category-omer","category-yazarlar"],"_links":{"self":[{"href":"https:\/\/akincilardergisi.com\/tr\/wp-json\/wp\/v2\/posts\/5227","targetHints":{"allow":["GET"]}}],"collection":[{"href":"https:\/\/akincilardergisi.com\/tr\/wp-json\/wp\/v2\/posts"}],"about":[{"href":"https:\/\/akincilardergisi.com\/tr\/wp-json\/wp\/v2\/types\/post"}],"author":[{"embeddable":true,"href":"https:\/\/akincilardergisi.com\/tr\/wp-json\/wp\/v2\/users\/26"}],"replies":[{"embeddable":true,"href":"https:\/\/akincilardergisi.com\/tr\/wp-json\/wp\/v2\/comments?post=5227"}],"version-history":[{"count":0,"href":"https:\/\/akincilardergisi.com\/tr\/wp-json\/wp\/v2\/posts\/5227\/revisions"}],"wp:featuredmedia":[{"embeddable":true,"href":"https:\/\/akincilardergisi.com\/tr\/wp-json\/wp\/v2\/media\/48521"}],"wp:attachment":[{"href":"https:\/\/akincilardergisi.com\/tr\/wp-json\/wp\/v2\/media?parent=5227"}],"wp:term":[{"taxonomy":"category","embeddable":true,"href":"https:\/\/akincilardergisi.com\/tr\/wp-json\/wp\/v2\/categories?post=5227"},{"taxonomy":"post_tag","embeddable":true,"href":"https:\/\/akincilardergisi.com\/tr\/wp-json\/wp\/v2\/tags?post=5227"}],"curies":[{"name":"wp","href":"https:\/\/api.w.org\/{rel}","templated":true}]}}