{"id":5218,"date":"2015-05-05T13:41:13","date_gmt":"2015-05-05T10:41:13","guid":{"rendered":"http:\/\/akincilardergisi.com\/dergi\/?p=5218"},"modified":"2023-11-04T20:12:27","modified_gmt":"2023-11-04T17:12:27","slug":"yuruyen-kuran-olursak-eger","status":"publish","type":"post","link":"https:\/\/akincilardergisi.com\/tr\/yuruyen-kuran-olursak-eger\/","title":{"rendered":"Y\u00dcR\u00dcYEN KUR&#8217;AN OLURSAK E\u011eER?!!!!"},"content":{"rendered":"<div>Tayyip Erdo\u011fan, eline &#8220;K\u00fcrt\u00e7e Mealli Kur&#8217;an&#8221; kitab\u0131n\u0131 al\u0131nca, k\u0131yamet koptu. &#8220;Sen siyaset meydan\u0131nda, eline, Kur&#8217;an&#8217;\u0131 nas\u0131l al\u0131rs\u0131n&#8221; diye.<\/p>\n<p>Peki de neden alamazm\u0131\u015f ki?<\/p>\n<p>Ge\u00e7en seneler, eline &#8220;Mem-u Zin&#8221; kitab\u0131n\u0131n &#8220;K\u00fcrt\u00e7e&#8221; yay\u0131m\u0131n\u0131 eline ald\u0131\u011f\u0131nda bu k\u0131yamet niye kopmad\u0131?.. Adam, bas\u0131m ve yay\u0131m\u0131n\u0131 kendisinin ve kendi zaman\u0131n\u0131n yapt\u0131\u011f\u0131 bir yay\u0131n\u0131, eline al\u0131p millete g\u00f6steriyor ve &#8220;Bunu ben sa\u011flad\u0131m&#8221; diyor.<\/p>\n<p>Yalan m\u0131?&#8230;<\/p>\n<p>Yalan de\u011fil&#8230; Do\u011fru ve dos-do\u011fru.<\/p>\n<p>O halde, ayk\u0131r\u0131 olan nedir?<\/p>\n<p>-Efendim, bu, S\u0131ff\u0131n sava\u015f\u0131nda, m\u0131zraklar\u0131n ucuna Kur&#8217;an sahifelerinin tak\u0131lmas\u0131 gibi bir \u015fey.<\/p>\n<p>\u00d6yle mi?<\/p>\n<p>Peki de&#8230; &#8220;Siyaset&#8221; bir sava\u015f m\u0131?<\/p>\n<p>Siyaseti bir sava\u015f olarak m\u0131 kabul ediyorsunuz?<\/p>\n<p>Yoksa, Siyaset, bir &#8220;erdem yar\u0131\u015f\u0131&#8221; m\u0131d\u0131r?<\/p>\n<p>Sava\u015f ise, Tayyip Erdo\u011fan ger\u00e7ekten halt etmi\u015f.<\/p>\n<p>Peki ama, siyaset bir sava\u015f m\u0131?<\/p>\n<p>Hadi&#8230; Hadi s\u00f6yleyin. Bir sava\u015f i\u00e7inde misiniz yoksa kendinizin &#8220;se\u00e7ilebilir erdemde&#8221; insan oldu\u011funu isbat etmek pe\u015finde olan &#8220;iyi insanlar&#8221;dan bir insan m\u0131s\u0131n\u0131z?<\/p>\n<p>Habgisi oluyorsunuz?<\/p>\n<p>Anlad\u0131\u011f\u0131m kadar\u0131 ile &#8220;sava\u015f\u00e7\u0131&#8221; de\u011filsiniz. Siyaset de zaten bir &#8220;sava\u015f&#8221; de\u011fil. \u00d6yle de\u011fil mi?<\/p>\n<p>O halde, di\u011fer se\u00e7enek \u00fcst\u00fcnde dural\u0131m.<\/p>\n<p>&#8220;Siyaset, bir erdemler ve erdemliler yar\u0131\u015f\u0131&#8221;d\u0131r.<\/p>\n<p>Erdemli insan\u0131n, erdemli olu\u015funun ilk \u015fekli,bu topraklar ve insan\u0131m\u0131z iktizas\u0131nca onun &#8220;besmeleli&#8221; olu\u015fudur.<\/p>\n<p>Besmele ise Kur&#8217;an&#8217;d\u0131r ve Kur&#8217;an&#8217;dan bir ayettir. Ayet de hangi ayet olursa olsun okundu\u011fu anda Kur&#8217;an&#8217;d\u0131r.<\/p><\/div>\n<div><\/div>\n<div>Demekki, neymi\u015f&#8230; Erdemli insan, Kur&#8217;an okumal\u0131d\u0131r.\u00a0 Kur&#8217;an okumal\u0131 ve Kur&#8217;an okumu\u015f birisi olmal\u0131d\u0131r. Aksi halde, &#8220;Besmelesiz&#8221; olur. Besmelesiz olunca da Kur&#8217;ans\u0131z olur. Evet, evinde, &#8220;Kitab&#8221;\u0131 olur ve fakat, kendisi bizatihi besmelesiz olur. Besmeleli olmak, Kur&#8217;an\u0131 okumak demektir. \u00c7\u00fcnk\u00fc, besmele Kur&#8217;an&#8217;d\u0131r.<\/p>\n<p>\u015eimdi, tekrar d\u00fc\u015f\u00fcnelim:<\/p>\n<p>Elimize, &#8220;Kur&#8217;an Kitab\u0131&#8221; al\u0131nca, &#8220;sava\u015f\u00e7\u0131&#8221; oluyoruz ve Kur&#8217;an kitab\u0131, elimizde oldu\u011fu zaman, onu silahlar\u0131m\u0131z\u0131n ucuna takm\u0131\u015f oluyoruz. Ama????<\/p>\n<p>Ama, ayn\u0131 meydanda &#8220;Besmele&#8221; \u00e7ekersek, bu bizim &#8220;erdemli&#8221; olu\u015fumuza delil oluyor.<\/p>\n<p>S\u00f6yler misiniz,Allah a\u015fk\u0131na&#8230;Bu nas\u0131l bir kepaze ak\u0131l oyunudur?<\/p>\n<p>&#8220;Kur&#8217;an&#8217;dan uzak dur&#8221; demek i\u00e7in elinizde ve dilinizde kelime mi kalmad\u0131 ki, bu kadar kepaze bir ak\u0131l oyunu oynuyorsunuz?<\/p>\n<p>M\u00fcsl\u00fcman ki\u015finin hedefi, bizatihi, Peygamberimiz Efendimiz gibi, &#8220;Y\u00fcr\u00fcyen Kur&#8217;an&#8221; olmakt\u0131r. Ve bu hedefe ne kadar yak\u0131nsak, biliyoruz ki o kadar erdemli oluruz.<\/p>\n<p>Besmele \u00e7ekmek g\u00fczel: Yani, Kur&#8217;an okumak g\u00fczel&#8230; Y\u00fcr\u00fcyen Kur&#8217;an olmak \u00e7ok daha g\u00fczel&#8230;<\/p>\n<p>Ama, eline, Kur&#8217;an Kitab\u0131 alm\u0131\u015f olmak ise &#8220;tu kaka&#8221; \u00f6yle mi?<\/p>\n<p>Siz, Kur&#8217;an&#8217;\u0131, raflarda ve \u00e7antalarda ve muhafazalarda g\u00f6rmek istemekten ba\u015fka ne istemi\u015f oluyorsunuz?<\/p>\n<p>Hadi s\u00f6yleyin bakal\u0131m: Sahi, ba\u015fka ne istemi\u015f oluyorsunuz?<\/p>\n<p>Kur&#8217;an, raflarda dursun.Muhafazal\u0131 \u00e7antalarda duvarlara as\u0131ls\u0131n ama elimize al\u0131nmas\u0131n. Aksi halde, elimizde olursa, m\u0131zraklar ucuna as\u0131lm\u0131\u015f olur \u00f6yle mi?<\/p>\n<p>Elde Kur&#8217;an, dilde Kur&#8217;an diye bo\u015funa m\u0131 dedik. Bu kadar m\u0131 yalanc\u0131 olduk?<\/p>\n<p>\u00d6zleminiz, eskiye ama o eski art\u0131k \u00f6ld\u00fc&#8230;. \u00d6ld\u00fc. \u0130yi ki de \u00f6ld\u00fc?<\/p>\n<p>\u00c7ok daha eskiden, siyaset\u00e7i, Camiye gitmezdi. Camiyi m\u0131zraklar ucunda g\u00f6stermemek i\u00e7in.<\/p>\n<p>Onlar, o m\u0131zraklar\u0131 ile g\u00f6m\u00fcld\u00fcler. \u0130yi ki de g\u00f6m\u00fcld\u00fcler.<\/p>\n<p>Yalan m\u0131?<\/p><\/div>\n<div><\/div>\n","protected":false},"excerpt":{"rendered":"<p>Tayyip Erdo\u011fan, eline &#8220;K\u00fcrt\u00e7e Mealli Kur&#8217;an&#8221; kitab\u0131n\u0131 al\u0131nca, k\u0131yamet koptu. &#8220;Sen siyaset meydan\u0131nda, eline, Kur&#8217;an&#8217;\u0131 nas\u0131l al\u0131rs\u0131n&#8221; diye. Peki de neden alamazm\u0131\u015f ki? Ge\u00e7en seneler, eline &#8220;Mem-u Zin&#8221; kitab\u0131n\u0131n &#8220;K\u00fcrt\u00e7e&#8221; yay\u0131m\u0131n\u0131 eline ald\u0131\u011f\u0131nda bu k\u0131yamet niye kopmad\u0131?.. Adam, bas\u0131m ve yay\u0131m\u0131n\u0131 kendisinin ve kendi zaman\u0131n\u0131n yapt\u0131\u011f\u0131 bir yay\u0131n\u0131, eline al\u0131p millete g\u00f6steriyor ve &#8220;Bunu ben &hellip;<\/p>\n","protected":false},"author":17,"featured_media":48521,"comment_status":"open","ping_status":"open","sticky":false,"template":"","format":"standard","meta":{"om_disable_all_campaigns":false,"_themeisle_gutenberg_block_has_review":false,"_joinchat":[],"footnotes":""},"categories":[53,38,43],"tags":[],"class_list":["post-5218","post","type-post","status-publish","format-standard","has-post-thumbnail","","category-aydin","category-guncel","category-yazarlar"],"_links":{"self":[{"href":"https:\/\/akincilardergisi.com\/tr\/wp-json\/wp\/v2\/posts\/5218","targetHints":{"allow":["GET"]}}],"collection":[{"href":"https:\/\/akincilardergisi.com\/tr\/wp-json\/wp\/v2\/posts"}],"about":[{"href":"https:\/\/akincilardergisi.com\/tr\/wp-json\/wp\/v2\/types\/post"}],"author":[{"embeddable":true,"href":"https:\/\/akincilardergisi.com\/tr\/wp-json\/wp\/v2\/users\/17"}],"replies":[{"embeddable":true,"href":"https:\/\/akincilardergisi.com\/tr\/wp-json\/wp\/v2\/comments?post=5218"}],"version-history":[{"count":0,"href":"https:\/\/akincilardergisi.com\/tr\/wp-json\/wp\/v2\/posts\/5218\/revisions"}],"wp:featuredmedia":[{"embeddable":true,"href":"https:\/\/akincilardergisi.com\/tr\/wp-json\/wp\/v2\/media\/48521"}],"wp:attachment":[{"href":"https:\/\/akincilardergisi.com\/tr\/wp-json\/wp\/v2\/media?parent=5218"}],"wp:term":[{"taxonomy":"category","embeddable":true,"href":"https:\/\/akincilardergisi.com\/tr\/wp-json\/wp\/v2\/categories?post=5218"},{"taxonomy":"post_tag","embeddable":true,"href":"https:\/\/akincilardergisi.com\/tr\/wp-json\/wp\/v2\/tags?post=5218"}],"curies":[{"name":"wp","href":"https:\/\/api.w.org\/{rel}","templated":true}]}}