{"id":52128,"date":"2025-06-13T03:58:44","date_gmt":"2025-06-13T00:58:44","guid":{"rendered":"https:\/\/akincilardergisi.com\/tr\/?p=52128"},"modified":"2025-06-13T03:58:45","modified_gmt":"2025-06-13T00:58:45","slug":"hak-ettik-mi","status":"publish","type":"post","link":"https:\/\/akincilardergisi.com\/tr\/hak-ettik-mi\/","title":{"rendered":"HAK ETT\u0130K M\u0130?"},"content":{"rendered":"\n<p>Bence<\/p>\n\n\n\n<p>\u0130stanbul\u2019da ya\u015fayanlar olarak bunu fazlas\u0131yla hak ettik.<\/p>\n\n\n\n<p>&#8211; \u0130yi ama biz bu adama oy vermedik ki, hak edelim!<\/p>\n\n\n\n<p>&#8211; Vermedik ama biz de yeteri kadar \u00e7al\u0131\u015fmad\u0131k ki, ba\u015f\u0131m\u0131za bunlar geliyor.<\/p>\n\n\n\n<p><strong>OTOB\u00dcSLER<\/strong><\/p>\n\n\n\n<p>25 y\u0131lda<\/p>\n\n\n\n<p>Durduk yerde yanmayan, gidip a\u011faca kafa atmayan, \u00e7arp\u0131\u015fmayan, yolda kalmayan \u0130ETT otob\u00fcslerine sanki lanetli bir el de\u011fmi\u015f gibi her g\u00fcn ar\u0131za verip yolda kal\u0131yor, yan\u0131yor<\/p>\n\n\n\n<p>Veya yol kenar\u0131nda<\/p>\n\n\n\n<p>Kaderine terkedilmi\u015f edilmi\u015f olarak bekliyor.<\/p>\n\n\n\n<p>Bu t\u00fcr manzaralar \u0130stanbullular i\u00e7in art\u0131k rutin hale gelmi\u015f bulunmaktad\u0131r.<\/p>\n\n\n\n<p><strong>PARALAR \u00d6DENM\u0130YOR<\/strong><\/p>\n\n\n\n<p>T\u00fcm bunlar yetmiyormu\u015f gibi,<\/p>\n\n\n\n<p>Bu sefer<\/p>\n\n\n\n<p>Halk Otob\u00fcsleri alacaklar\u0131n\u0131 tahsil edemedikleri i\u00e7in kontak kapat\u0131nca haliyle insanlar yollarda peri\u015fan oldu.<\/p>\n\n\n\n<p>Neyse ki,<\/p>\n\n\n\n<p>Sorun k\u0131sa s\u00fcrece \u00e7\u00f6z\u00fclerek anla\u015fma sa\u011fland\u0131.<\/p>\n\n\n\n<p>Ya hu!<\/p>\n\n\n\n<p>Mademki, anla\u015fmak bu kadar kolayd\u0131,<\/p>\n\n\n\n<p>4 ayd\u0131r otob\u00fcs sahiplerinin alacaklar\u0131n\u0131 savsaklay\u0131p neden vermiyorsunuz da insanlar\u0131 duraklarda peri\u015fan ediyorsunuz?<\/p>\n\n\n\n<p>\u0130stanbul\u2019da ya\u015fayanlar olarak;<\/p>\n\n\n\n<p>Bu ve buna benzer belediye kaynakl\u0131 binlerce sorun ya\u015f\u0131yoruz. Yazmaya kalksam uzun bir liste tutar<\/p>\n\n\n\n<p>Ama \u015fu kadar\u0131n\u0131 s\u00f6yleyeyim:<\/p>\n\n\n\n<p>\u0130stanbul B. \u015eehir Belediyesi\u2019ni ilgilendiren akl\u0131n\u0131za gelen her konuda.. konut \u00fcretiminden su ar\u0131tma ve su teminine, yol kav\u015fak t\u00fcnel yapmaktan lale, a\u011fa\u00e7 dikimine kadar her konuda ama her konuda ba\u015far\u0131s\u0131z oldular \u00e7amura batt\u0131lar.<\/p>\n\n\n\n<p>Peki,<\/p>\n\n\n\n<p>Biz bunu hak ediyor muyuz?<\/p>\n\n\n\n<p>Bence fazlas\u0131yla hak ediyoruz\u2026<\/p>\n\n\n\n<p><strong>NEDEN?<\/strong><\/p>\n\n\n\n<p>\u00c7\u00fcnk\u00fc<\/p>\n\n\n\n<p>Bizim gibi 70\u2019li- 80\u2019li-90\u2019l\u0131 y\u0131llar\u0131n CHP belediyecili\u011fini g\u00f6rm\u00fc\u015f se\u00e7menler olarak kesinlikle CHP\u2019ye \u0130stanbul belediyesinin teslim edilmemesi gerekti\u011fini bilmi\u015f olmas\u0131 laz\u0131md\u0131.<\/p>\n\n\n\n<p>Hadi diyelim ki, ge\u00e7mi\u015f ge\u00e7mi\u015fte kald\u0131 unutuldu.<\/p>\n\n\n\n<p>Peki,<\/p>\n\n\n\n<p>&#8211; Bu adam\u0131n 2019-2024 y\u0131llar\u0131 aras\u0131nda nas\u0131l bir belediye ba\u015fkanl\u0131\u011f\u0131 yapt\u0131\u011f\u0131n\u0131 g\u00f6rmedik mi?<\/p>\n\n\n\n<p>&#8211; Vaktini belediye i\u015flerine ay\u0131rmay\u0131p, otel tatil ve seyahatlerde ge\u00e7irdi\u011fini\u2026 Toplant\u0131lar\u0131n\u0131 belediyenin mek\u00e2nlar\u0131 yerine kameralar\u0131 bantlanm\u0131\u015f otellerde kendisine ayr\u0131lan s\u00fcper l\u00fcks yerlerde yapt\u0131\u011f\u0131n\u0131\u2026<\/p>\n\n\n\n<p>&#8211; Bo\u015f vakitlerinde belediyeye u\u011frasa bile, daha \u00f6nce haz\u0131rlanm\u0131\u015f projeleri iptal etmekle vakit ge\u00e7irdi\u011fini\u2026 (Kanal \u0130stanbul ekibini da\u011f\u0131tma, projelerini rafa kald\u0131rma\u2026 Ar\u0131tma Tesisi Temel Atmama T\u00f6reni\u2026 Dolmabah\u00e7e-Levaz\u0131m t\u00fcnelinin iptali vb. gibi)<\/p>\n\n\n\n<p>&#8211; Akparti d\u00f6neminde haz\u0131rlanm\u0131\u015f olan 150 km yol, t\u00fcnel ve viyad\u00fckleri iptal etti\u011fini\u2026<\/p>\n\n\n\n<p>&#8211; Ar\u0131tma tesisini iptal etmekle kalmay\u0131p, Mevcut ar\u0131tma tesislerini de \u00e7al\u0131\u015ft\u0131rmad\u0131\u011f\u0131 i\u00e7in Marmara ve Hali\u00e7\u2019i m\u00fcsilaj kaplad\u0131\u011f\u0131n\u0131\u2026<\/p>\n\n\n\n<p>&#8211; Deprem b\u00fct\u00e7esini k\u0131rpa k\u0131rpa %5\u2019ten %1\u2019in alt\u0131na indirdi\u011fini (%0.8)<\/p>\n\n\n\n<p>Bunun yerine e\u011flence ve reklam b\u00fct\u00e7esini katlad\u0131\u011f\u0131n\u0131\u2026<\/p>\n\n\n\n<p>&#8211; Bundan dolay\u0131<\/p>\n\n\n\n<p>Depreme kar\u015f\u0131 g\u00fcvensiz.. Yang\u0131na kar\u015f\u0131 emniyetsiz diye \u0130SPARK\u2019a ait 20 otopark\u0131n kap\u0131s\u0131na kilit vurdu\u011funu\u2026<\/p>\n\n\n\n<p><strong>FASILA<\/strong><\/p>\n\n\n\n<p>Burada durup bir muhasebe yapmak istiyorum:<\/p>\n\n\n\n<p>Ya hu otoparklar senin!<\/p>\n\n\n\n<p>\u0130tfaiye de senin emrinde\u2026<\/p>\n\n\n\n<p>G\u00fc\u00e7lendirme veya Kentsel D\u00f6n\u00fc\u015f\u00fcm\u2019\u00fc yapacak olan da sensin<\/p>\n\n\n\n<p>Ama 6 Y\u0131l boyunca s\u00f6z verdi\u011fin<\/p>\n\n\n\n<p>100 bin ara\u00e7l\u0131k otoparklar\u0131 yapmad\u0131\u011f\u0131n gibi mevcut olanlar\u0131n\u0131 da kapat\u0131yorsun.<\/p>\n\n\n\n<p>\u00dcstelik<\/p>\n\n\n\n<p>\u0130stanbul\u2019un en b\u00fcy\u00fck sorunu otopark sorunu iken bunu yap\u0131yorsun<\/p>\n\n\n\n<p>Ve \u0130stanbul halk\u0131 seni ikince defa %51\u2019le se\u00e7iyorsa su\u00e7 senin de\u011fil\u2026<\/p>\n\n\n\n<p>T\u00fcm bunlar\u0131 \u201cgen\u00e7ler bilmiyor, eskidendi o\u201d diyemeyiz.<\/p>\n\n\n\n<p>\u00c7\u00fcnk\u00fc bunlar\u0131n hepsi yak\u0131n zamanda olan hadiselerdir.<\/p>\n\n\n\n<p>Binaenaleyh<\/p>\n\n\n\n<p>Su\u00e7 senin de\u011fil bizimdir.<\/p>\n\n\n\n<p>\u00c7\u00fcnk\u00fc<\/p>\n\n\n\n<p>\u0130stanbul\u2019a tek bir \u00e7ivi \u00e7akmayaca\u011f\u0131n\u0131 5 y\u0131ll\u0131k icraat\u0131nla g\u00f6sterdin.<\/p>\n\n\n\n<p>Ancak<\/p>\n\n\n\n<p>\u0130\u015fin yarg\u0131ya intikal eden taraf\u0131 var o beni ilgilendirmez<\/p>\n\n\n\n<p>Ama biz se\u00e7menler olarak hizmeti hak etmiyoruz.<\/p>\n\n\n\n<p><strong>\u00dcSK\u00dcDAR-DEDETA\u015e<\/strong><\/p>\n\n\n\n<p>\u0130BB b\u00f6yle de il\u00e7e belediyeleri \u00e7ok mu matah\u2026<\/p>\n\n\n\n<p>Mesela;<\/p>\n\n\n\n<p>CHP\u2019nin \u00dcsk\u00fcdar belediyesini ele alal\u0131m<\/p>\n\n\n\n<p>\u00dcsk\u00fcdar\u2019da<\/p>\n\n\n\n<p>30 y\u0131ld\u0131r i\u015f\u00e7i ve memurlar\u0131n maa\u015f\u0131 t\u0131k\u0131r t\u0131k\u0131r \u00f6deniyordu. Halka bekledi\u011finden fazla hizmet veriliyordu. O kadar ki, \u00c7ocuk K\u00f6y\u00fc bile kurulmu\u015ftu (S\u00f6ylemeye gerek var m\u0131 bilmiyorum. Yeni y\u00f6netim o k\u00f6y\u00fcn kap\u0131s\u0131na kilit vurdu)<\/p>\n\n\n\n<p>Ama ne olduysa;<\/p>\n\n\n\n<p>CHP belediyeyi al\u0131r almaz i\u015fler aksamaya verim d\u00fc\u015fmeye ve belediye ba\u015fkan\u0131 \u00f6deme yapamad\u0131\u011f\u0131 i\u00e7in belediyeye haciz gelmeye ba\u015fl\u0131yor.<\/p>\n\n\n\n<p>H\u00e2lbuki<\/p>\n\n\n\n<p>30 y\u0131ld\u0131r biriktirilen kamu mal ve m\u00fclkleri yeni gelen y\u00f6netim satm\u0131\u015f<\/p>\n\n\n\n<p>Ve<\/p>\n\n\n\n<p>Belediyenin kasas\u0131na h\u00fckumetten gelen para haricinde ayr\u0131ca 800 milyon liral\u0131k bir gelir sa\u011flanm\u0131\u015ft\u0131.<\/p>\n\n\n\n<p>Bu kadar gelire ra\u011fmen<\/p>\n\n\n\n<p>Belediye m\u00fcteahhidin alaca\u011f\u0131 5 milyonu veremiyor bundan dolay\u0131 da belediyeye haciz geliyor.<\/p>\n\n\n\n<p><strong>H\u00dcLASA<\/strong><\/p>\n\n\n\n<p>\u015eimdi sormak laz\u0131m:<\/p>\n\n\n\n<p>Bir s\u00fcr\u00fc kirli ittifaklar kurarak davul-zurna e\u015fli\u011finde koltu\u011fa oturttu\u011funuz belediye ba\u015fkanlar\u0131 yarg\u0131ya hesap veriyor.<\/p>\n\n\n\n<p>Yakas\u0131n\u0131 kurtaranlar \u0130stanbullulara eziyet etmeye devam ediyor.<\/p>\n\n\n\n<p>\u015eimdi bu iyi mi oldu?<\/p>\n\n\n\n<p>Durduk yerde adam\u0131n da ba\u015f\u0131n\u0131 yakt\u0131n\u0131z\u2026<\/p>\n\n\n\n<p>Makama, mala, \u015f\u00f6hrete herkes dayanabilir mi sand\u0131n\u0131z da bir 5 y\u0131l daha ba\u015fkanl\u0131k yapmas\u0131 i\u00e7in oy verdiniz.<\/p>\n\n\n\n<p>O da<\/p>\n\n\n\n<p>\u0130stanbullular\u0131n bu deste\u011fini g\u00f6r\u00fcnce \u015f\u0131mard\u0131k\u00e7a \u015f\u0131mard\u0131.<\/p>\n\n\n\n<p>Belediye bana yetmez deyip il il dola\u015fmaya ba\u015flad\u0131. Neymi\u015f? 2028\u2019de yap\u0131lacak se\u00e7ime haz\u0131rlan\u0131yormu\u015f.<\/p>\n\n\n\n<p>Ne demi\u015fler:<\/p>\n\n\n\n<p>Allah cc<\/p>\n\n\n\n<p>Paran\u0131n da<\/p>\n\n\n\n<p>Evlad\u0131n da<\/p>\n\n\n\n<p>\u0130\u015fin de<\/p>\n\n\n\n<p>Han\u0131m\u0131n da<\/p>\n\n\n\n<p>Belediye Ba\u015fkanl\u0131\u011f\u0131n\u0131n da hay\u0131rl\u0131s\u0131n\u0131 nasip etsin.<\/p>\n\n\n\n<p><strong>Emin Batur<\/strong><\/p>\n","protected":false},"excerpt":{"rendered":"<p>Bence \u0130stanbul\u2019da ya\u015fayanlar olarak bunu fazlas\u0131yla hak ettik. &#8211; \u0130yi ama biz bu adama oy vermedik ki, hak edelim! &#8211; Vermedik ama biz de yeteri kadar \u00e7al\u0131\u015fmad\u0131k ki, ba\u015f\u0131m\u0131za bunlar geliyor. OTOB\u00dcSLER 25 y\u0131lda Durduk yerde yanmayan, gidip a\u011faca kafa atmayan, \u00e7arp\u0131\u015fmayan, yolda kalmayan \u0130ETT otob\u00fcslerine sanki lanetli bir el de\u011fmi\u015f gibi her g\u00fcn ar\u0131za &hellip;<\/p>\n","protected":false},"author":14,"featured_media":52129,"comment_status":"open","ping_status":"open","sticky":false,"template":"","format":"standard","meta":{"om_disable_all_campaigns":false,"_themeisle_gutenberg_block_has_review":false,"_joinchat":[],"footnotes":""},"categories":[38,43],"tags":[],"class_list":["post-52128","post","type-post","status-publish","format-standard","has-post-thumbnail","","category-guncel","category-yazarlar"],"_links":{"self":[{"href":"https:\/\/akincilardergisi.com\/tr\/wp-json\/wp\/v2\/posts\/52128","targetHints":{"allow":["GET"]}}],"collection":[{"href":"https:\/\/akincilardergisi.com\/tr\/wp-json\/wp\/v2\/posts"}],"about":[{"href":"https:\/\/akincilardergisi.com\/tr\/wp-json\/wp\/v2\/types\/post"}],"author":[{"embeddable":true,"href":"https:\/\/akincilardergisi.com\/tr\/wp-json\/wp\/v2\/users\/14"}],"replies":[{"embeddable":true,"href":"https:\/\/akincilardergisi.com\/tr\/wp-json\/wp\/v2\/comments?post=52128"}],"version-history":[{"count":1,"href":"https:\/\/akincilardergisi.com\/tr\/wp-json\/wp\/v2\/posts\/52128\/revisions"}],"predecessor-version":[{"id":52130,"href":"https:\/\/akincilardergisi.com\/tr\/wp-json\/wp\/v2\/posts\/52128\/revisions\/52130"}],"wp:featuredmedia":[{"embeddable":true,"href":"https:\/\/akincilardergisi.com\/tr\/wp-json\/wp\/v2\/media\/52129"}],"wp:attachment":[{"href":"https:\/\/akincilardergisi.com\/tr\/wp-json\/wp\/v2\/media?parent=52128"}],"wp:term":[{"taxonomy":"category","embeddable":true,"href":"https:\/\/akincilardergisi.com\/tr\/wp-json\/wp\/v2\/categories?post=52128"},{"taxonomy":"post_tag","embeddable":true,"href":"https:\/\/akincilardergisi.com\/tr\/wp-json\/wp\/v2\/tags?post=52128"}],"curies":[{"name":"wp","href":"https:\/\/api.w.org\/{rel}","templated":true}]}}