{"id":51984,"date":"2025-04-19T17:16:25","date_gmt":"2025-04-19T14:16:25","guid":{"rendered":"https:\/\/akincilardergisi.com\/tr\/?p=51984"},"modified":"2025-04-19T17:19:09","modified_gmt":"2025-04-19T14:19:09","slug":"fitneci-vezir-hikayesi","status":"publish","type":"post","link":"https:\/\/akincilardergisi.com\/tr\/fitneci-vezir-hikayesi\/","title":{"rendered":"F\u0130TNEC\u0130 VEZ\u0130R H\u0130K\u00c2YES\u0130"},"content":{"rendered":"\n<p>Hikaye Mesnev\u00ee&#8217;den&#8230; Mevlana Mesnevi&#8217;sinden..<\/p>\n\n\n\n<p>Keferelerin casusu \u0130slam ulkesinde vezirlik makamina kadar y\u00fckselir.&nbsp;<\/p>\n\n\n\n<p>Hedefinde padi\u015fahl\u0131k ve b\u00f6ylece \u00fclkenin mahvedilmesi vard\u0131r.&nbsp;<\/p>\n\n\n\n<p>Memleket huzur i\u00e7indedir.&nbsp;&nbsp;<\/p>\n\n\n\n<p>Fakat vezir memlekette fakirlerin lehine olarak bazi mali duzenlemeler yap\u0131lmas\u0131n\u0131 istemektedir.&nbsp;<\/p>\n\n\n\n<p>Yapt\u0131\u011f\u0131 fakirlik tan\u0131m\u0131na g\u00f6re de padi\u015fah saray\u0131n\u0131n d\u0131\u015f\u0131nda kalan herkes fakirdir. Dolay\u0131s\u0131yla vezir saraya kar\u015f\u0131 halk\u0131n s\u00f6zc\u00fcl\u00fc\u011f\u00fcn\u00fc yapar gibidir.<\/p>\n\n\n\n<p>Gibidir de degil aynen \u00f6yledir.<\/p>\n\n\n\n<p>\u00dclke gerildikce gerilmektedir.&nbsp;<\/p>\n\n\n\n<p>Padisah uyumdan yanad\u0131r ama vezirin istediklerinin oluru m\u00fcmk\u00fcn de\u011fildir. Dedigi olacak olsa \u00fclke belki ordusuz bile kalacak; \u00fcretim duracak herkes elindekini yemenin yoluna gidecektir.<\/p>\n\n\n\n<p>Padisah ad\u0131m atmak ve bir orta yol bulmak ister ama vezir illa kendi dedigi gibi olmas\u0131n\u0131 ba\u015fka t\u00fcrl\u00fc bir anla\u015fmaya da yana\u015fmayaca\u011f\u0131n\u0131 hatta gerekirse bu ugurda \u00f6l\u00fcm\u00fc dahi g\u00f6ze ald\u0131\u011f\u0131n\u0131 s\u00f6yler.&nbsp;<\/p>\n\n\n\n<p>Sadece soylemekle de kalmaz kendisini bir magaraya hapseder.&nbsp;<\/p>\n\n\n\n<p>P\u00e2di\u015f\u00e2h dediklerini kabul etmedi\u011fi takdirde gerekirse burada \u00f6lece\u011fini de ilan eder.<\/p>\n\n\n\n<p>Araya beyler girer. Komutanlar girer. Cok hat\u0131rl\u0131 kisiler girer.&nbsp;<\/p>\n\n\n\n<p>Hatta sultan &#8220;tamam&#8221; der.&nbsp;<\/p>\n\n\n\n<p>Sultan tamam deyince aracilar veziri gidip \u00e7\u0131karmak isterler. Vezir disarida olup biten her seyden haberlidir. Bu yuzden g\u00f6r\u00fc\u015fmeye gelenlerle g\u00f6r\u00fc\u015fmeyi de reddeder. Oyle ki el\u00e7iler vezire sultanin &#8220;tamam&#8221; dedigini bile diyecek yolu bulamazlar.<\/p>\n\n\n\n<p>S\u00fcre\u00e7 bir sure de b\u00f6yle gider..<\/p>\n\n\n\n<p>Sonunda vezir der ki<\/p>\n\n\n\n<p>Tamam g\u00f6r\u00fc\u015fmeyi kabul ediyorum ama gelenleri heyet olarak degil birer birer kabul edecegim.<\/p>\n\n\n\n<p>\u0130stek kabul edilir.&nbsp; En r\u00fctbeliden ba\u015flayarak her birisi sira ile i\u00e7eri girerler ve bir sure sonra da d\u0131\u015far\u0131 \u00e7\u0131karlar. D\u0131\u015far\u0131 \u00e7\u0131kan herkesin a\u011fz\u0131na kilit vurulmu\u015f gibi hic bir sey konu\u015fmuyorlar. Herkes bir haberi bekler gibi bekliyor.<\/p>\n\n\n\n<p>Ne oldu dersiniz?<\/p>\n\n\n\n<p>Vezir iceriye ald\u0131\u011f\u0131 herkese ayn\u0131 s\u00f6z\u00fc s\u00f6yler.&nbsp;<\/p>\n\n\n\n<p>Der ki:<\/p>\n\n\n\n<p>Tamam ben \u00e7\u0131kaca\u011f\u0131m ama padi\u015faha g\u00fcvenmiyorum. Bir gece daha bekleyip \u00f6yle \u00e7\u0131kaca\u011f\u0131m. Korkuyorum ki ben d\u0131\u015far\u0131 \u00e7\u0131kar cikmaz beni \u00f6ld\u00fcrtecektir. Hatta burada bile tam emniyette degilim. Ba\u015f\u0131ma bir hal gelirse benim emanetim sendedir ve kanimin varisi de artik sensin. \u0130ste sana bunun ni\u015fanesi olarak y\u00fcz\u00fc\u011f\u00fcmu veriyorum.<\/p>\n\n\n\n<p>Magaraya giren herkes bu emanet ile \u00e7\u0131km\u0131\u015ft\u0131r.<\/p>\n\n\n\n<p>Herkes ertesi g\u00fcn\u00fc bekler.&nbsp;<\/p>\n\n\n\n<p>Ertesi g\u00fcn\u00fc gelirler.&nbsp; Gelirler ki Veziri alip da padi\u015fah\u0131n huzuruna gideler.<\/p>\n\n\n\n<p>Fakat iceriye girerler ki vezir \u00f6lm\u00fc\u015ft\u00fcr. \u00d6lm\u00fc\u015f ama \u00f6ld\u00fcr\u00fclm\u00fc\u015f gibidir.<\/p>\n\n\n\n<p>Ne olur dersiniz?<\/p>\n\n\n\n<p>Herkes vezirin emaneti bendedir diye vezirin kaninin bedelini sormak icin ayaklan\u0131r. Bir elleriyle bir bir birleriyle bir elleriyle sultan ile sava\u015fa tutu\u015furlar.<\/p>\n\n\n\n<p>\u0130slam ulkesi bir u\u00e7tan bir uca kan deryas\u0131na d\u00f6ner.<\/p>\n\n\n\n<p>K\u00e2firlerin yani vezirin hedefi de budur.<\/p>\n\n\n\n<p>Vezir \u00f6lm\u00fc\u015ft\u00fcr ama zaferini kazanarak \u00f6lm\u00fc\u015ft\u00fcr.<\/p>\n\n\n\n<p>Turkiye b\u00f6yle bir takim vezirciklerin surecini ya\u015f\u0131yor.<\/p>\n\n\n\n<p>Ama ben diyeyim.<\/p>\n\n\n\n<p>\u00d6ld\u00fckleri ile kal\u0131rlar. Magaradan cesetlerini \u00e7\u0131karacak kisi de olmaz.<\/p>\n\n\n\n<p>Oyle giderler.<\/p>\n\n\n\n<p>&#8230;&nbsp;<\/p>\n\n\n\n<p>Bu yaz\u0131m\u0131z iki y\u0131l \u00f6nce facebook sayfamda yay\u0131nlanm\u0131\u015f bir yaz\u0131d\u0131r.&nbsp;<\/p>\n","protected":false},"excerpt":{"rendered":"<p>Hikaye Mesnev\u00ee&#8217;den&#8230; Mevlana Mesnevi&#8217;sinden.. Keferelerin casusu \u0130slam ulkesinde vezirlik makamina kadar y\u00fckselir.&nbsp; Hedefinde padi\u015fahl\u0131k ve b\u00f6ylece \u00fclkenin mahvedilmesi vard\u0131r.&nbsp; Memleket huzur i\u00e7indedir.&nbsp;&nbsp; Fakat vezir memlekette fakirlerin lehine olarak bazi mali duzenlemeler yap\u0131lmas\u0131n\u0131 istemektedir.&nbsp; Yapt\u0131\u011f\u0131 fakirlik tan\u0131m\u0131na g\u00f6re de padi\u015fah saray\u0131n\u0131n d\u0131\u015f\u0131nda kalan herkes fakirdir. Dolay\u0131s\u0131yla vezir saraya kar\u015f\u0131 halk\u0131n s\u00f6zc\u00fcl\u00fc\u011f\u00fcn\u00fc yapar gibidir. Gibidir de degil &hellip;<\/p>\n","protected":false},"author":17,"featured_media":51986,"comment_status":"open","ping_status":"open","sticky":false,"template":"","format":"standard","meta":{"om_disable_all_campaigns":false,"_themeisle_gutenberg_block_has_review":false,"_joinchat":[],"footnotes":""},"categories":[53,38,43],"tags":[],"class_list":["post-51984","post","type-post","status-publish","format-standard","has-post-thumbnail","","category-aydin","category-guncel","category-yazarlar"],"_links":{"self":[{"href":"https:\/\/akincilardergisi.com\/tr\/wp-json\/wp\/v2\/posts\/51984","targetHints":{"allow":["GET"]}}],"collection":[{"href":"https:\/\/akincilardergisi.com\/tr\/wp-json\/wp\/v2\/posts"}],"about":[{"href":"https:\/\/akincilardergisi.com\/tr\/wp-json\/wp\/v2\/types\/post"}],"author":[{"embeddable":true,"href":"https:\/\/akincilardergisi.com\/tr\/wp-json\/wp\/v2\/users\/17"}],"replies":[{"embeddable":true,"href":"https:\/\/akincilardergisi.com\/tr\/wp-json\/wp\/v2\/comments?post=51984"}],"version-history":[{"count":1,"href":"https:\/\/akincilardergisi.com\/tr\/wp-json\/wp\/v2\/posts\/51984\/revisions"}],"predecessor-version":[{"id":51985,"href":"https:\/\/akincilardergisi.com\/tr\/wp-json\/wp\/v2\/posts\/51984\/revisions\/51985"}],"wp:featuredmedia":[{"embeddable":true,"href":"https:\/\/akincilardergisi.com\/tr\/wp-json\/wp\/v2\/media\/51986"}],"wp:attachment":[{"href":"https:\/\/akincilardergisi.com\/tr\/wp-json\/wp\/v2\/media?parent=51984"}],"wp:term":[{"taxonomy":"category","embeddable":true,"href":"https:\/\/akincilardergisi.com\/tr\/wp-json\/wp\/v2\/categories?post=51984"},{"taxonomy":"post_tag","embeddable":true,"href":"https:\/\/akincilardergisi.com\/tr\/wp-json\/wp\/v2\/tags?post=51984"}],"curies":[{"name":"wp","href":"https:\/\/api.w.org\/{rel}","templated":true}]}}