{"id":51864,"date":"2025-03-04T09:41:14","date_gmt":"2025-03-04T06:41:14","guid":{"rendered":"https:\/\/akincilardergisi.com\/tr\/?p=51864"},"modified":"2025-03-07T11:02:21","modified_gmt":"2025-03-07T08:02:21","slug":"anilar-uzerinden-oruc-anlatimimiz","status":"publish","type":"post","link":"https:\/\/akincilardergisi.com\/tr\/anilar-uzerinden-oruc-anlatimimiz\/","title":{"rendered":"ANILAR \u00dcZER\u0130NDEN ORU\u00c7 ANLATIMIMIZ.\u00a0"},"content":{"rendered":"\n<p>1980 darbe g\u00fcnlerinde \u00f6\u011fretmendim.&nbsp;<\/p>\n\n\n\n<p>Din k\u00fclt\u00fcr\u00fc ve ahlak bilgisi \u00f6\u011fretmeni idim.&nbsp;<\/p>\n\n\n\n<p>Bu d\u00f6nem &#8220;aferine ko\u015fan k\u00f6pekler&#8221; zaman\u0131yd\u0131. Dolay\u0131s\u0131yla hakk\u0131m\u0131zda \u015fikayetler olur ve ikide birde asker veya sivil tefti\u015f\u00e7ilerim olurdu.&nbsp;<\/p>\n\n\n\n<p>\u015eimdiki zamanda baz\u0131 \u00f6\u011frencilerim ile kar\u015f\u0131la\u015ft\u0131\u011f\u0131mda&nbsp; anlatanlar oldu.&nbsp;<\/p>\n\n\n\n<p>Asker \u00e7ocu\u011fu \u00f6\u011frencilerim. Onlardan anlatan oldu. Me\u011fer babalar\u0131 onlara tenbih etmi\u015fler ve benim derslerimi teyp kayd\u0131 al\u0131rlar ve evde babalar\u0131 ile dinlerler imi\u015fler.&nbsp;<\/p>\n\n\n\n<p>Bunun tecellisi bir ba\u015fka yaz\u0131 konusu&#8230; \u015eimdilik bu konuyu ge\u00e7elim.&nbsp;<\/p>\n\n\n\n<p>Konumuz ibadetler ve biz kullar\u0131n ibadetlere kar\u015f\u0131 durumu.&nbsp;<\/p>\n\n\n\n<p>Hani yar\u0131n Ramazan ya&#8230; Hani oru\u00e7 tutaca\u011f\u0131z ya.&nbsp;<\/p>\n\n\n\n<p>Her kanalda&nbsp; orucun&nbsp; ne kadar yararl\u0131 bir \u015fey oldu\u011funu seyredecek ve dinleyece\u011fiz.&nbsp;<\/p>\n\n\n\n<p>\u0130\u015fte bizim konu da bu. Bu ama biz \u00f6yle bir \u015fey demeyece\u011fiz.&nbsp;<\/p>\n\n\n\n<p>Bir olay anlatay\u0131m da siz ne demek istedi\u011fimi anlay\u0131n. \u00c7\u00fcnk\u00fc d\u00fcmd\u00fck anlatmak olmaz.&nbsp;<\/p>\n\n\n\n<p>Bak\u0131n\u0131z \u015f\u00f6yle bir \u015fey olmu\u015ftu.&nbsp;<\/p>\n\n\n\n<p>Ben \u00f6\u011fretmen iken; yani aferine ko\u015fan k\u00f6pekler zaman\u0131nda olmu\u015ftu.&nbsp;<\/p>\n\n\n\n<p>Muhtemelen birisi yine \u015fikayet etmi\u015fti ve yine bir tefti\u015f\u00e7im gelmi\u015fti.&nbsp;<\/p>\n\n\n\n<p>Tefti\u015f\u00e7im bir binba\u015f\u0131 idi. S\u0131n\u0131fta en arka s\u0131raya oturmu\u015ftu ve bir yandan beni dinlerken bir yandan da toplad\u0131\u011f\u0131 defterlerden \u00e7ocuklar\u0131n neler yazd\u0131klar\u0131na bak\u0131yordu.&nbsp;<\/p>\n\n\n\n<p>Dersimiz&nbsp; &#8220;namaz abdesti&#8217; idi.&nbsp;<\/p>\n\n\n\n<p>Konuyu i\u015fledik ve mesela teyemm\u00fcm bahsine ge\u00e7iyorduk ki binba\u015f\u0131 s\u00f6ze girdi ve y\u00fcce dinimizin temizli\u011fe \u00e7ok \u00f6nem verdi\u011fini bir g\u00fczel allad\u0131 pullad\u0131 ve&nbsp; bu y\u00fczden \u00e7ocuklara ak\u015fam yatmadan \u00f6nce di\u015flerini f\u0131r\u00e7alamalar\u0131 ve sabah kalkt\u0131klar\u0131nda da ellerini y\u00fczlerini y\u0131kamalar\u0131n\u0131 bir g\u00fczel \u00f6\u011f\u00fctledi.&nbsp;<\/p>\n\n\n\n<p>\u00c7\u00fcnk\u00fc y\u00fcce dinimiz temizli\u011fe \u00e7ok \u00f6nem verir.&nbsp;<\/p>\n\n\n\n<p>Binba\u015f\u0131 b\u00f6ylece \u00fcst\u00fc kapal\u0131 bir \u015fekilde bana ders nas\u0131l anlat\u0131l\u0131r onu g\u00f6stermi\u015f oluyordu.&nbsp;<\/p>\n\n\n\n<p>Ben de \u00fcst\u00fc kapal\u0131 bir \u015fekilde ona dersini teyemm\u00fcm\u00fc anlatarak cevap verdim.&nbsp;<\/p>\n\n\n\n<p>Teyemm\u00fcm nedir ve nas\u0131l yap\u0131l\u0131r anlatt\u0131m ve dedim ki&#8230;&nbsp;<\/p>\n\n\n\n<p>Abdest temizlik iken ayn\u0131 yeri tutan teyemm\u00fcm\u00fcn temizlik ile ilgisi yoktur. Ama teyemm\u00fcm olmazsa namaz da olmaz.&nbsp;<\/p>\n\n\n\n<p>Yani \u00e7ocuklar biz ibadetleri ibadet olduklar\u0131 i\u00e7in yapar\u0131z ve ibadetler nas\u0131lsa aynen \u00f6yle yapar\u0131z. Allah r\u0131zas\u0131 d\u0131\u015f\u0131nda hi\u00e7 bir gaye veya \u00e7\u0131kar amac\u0131 g\u00f6zetmeyiz.&nbsp;<\/p>\n\n\n\n<p>Hatta teyemm\u00fcmde oldu\u011fu gibi zarar\u0131 bile olsa biz o ibadeti yine yapar\u0131z.&nbsp;<\/p>\n\n\n\n<p>Yar\u0131n oru\u00e7 tutaca\u011f\u0131z ya&#8230; Bo\u015f verin fayda veya zarar\u0131n\u0131 da oru\u00e7 tutun. Oru\u00e7 da sizi tutsun.&nbsp;<\/p>\n\n\n\n<p>Allah kabul etsin.<\/p>\n","protected":false},"excerpt":{"rendered":"<p>1980 darbe g\u00fcnlerinde \u00f6\u011fretmendim.&nbsp; Din k\u00fclt\u00fcr\u00fc ve ahlak bilgisi \u00f6\u011fretmeni idim.&nbsp; Bu d\u00f6nem &#8220;aferine ko\u015fan k\u00f6pekler&#8221; zaman\u0131yd\u0131. Dolay\u0131s\u0131yla hakk\u0131m\u0131zda \u015fikayetler olur ve ikide birde asker veya sivil tefti\u015f\u00e7ilerim olurdu.&nbsp; \u015eimdiki zamanda baz\u0131 \u00f6\u011frencilerim ile kar\u015f\u0131la\u015ft\u0131\u011f\u0131mda&nbsp; anlatanlar oldu.&nbsp; Asker \u00e7ocu\u011fu \u00f6\u011frencilerim. Onlardan anlatan oldu. Me\u011fer babalar\u0131 onlara tenbih etmi\u015fler ve benim derslerimi teyp kayd\u0131 al\u0131rlar ve &hellip;<\/p>\n","protected":false},"author":17,"featured_media":51868,"comment_status":"open","ping_status":"open","sticky":false,"template":"","format":"standard","meta":{"om_disable_all_campaigns":false,"_themeisle_gutenberg_block_has_review":false,"_joinchat":[],"footnotes":""},"categories":[53,38,43],"tags":[],"class_list":["post-51864","post","type-post","status-publish","format-standard","has-post-thumbnail","","category-aydin","category-guncel","category-yazarlar"],"_links":{"self":[{"href":"https:\/\/akincilardergisi.com\/tr\/wp-json\/wp\/v2\/posts\/51864","targetHints":{"allow":["GET"]}}],"collection":[{"href":"https:\/\/akincilardergisi.com\/tr\/wp-json\/wp\/v2\/posts"}],"about":[{"href":"https:\/\/akincilardergisi.com\/tr\/wp-json\/wp\/v2\/types\/post"}],"author":[{"embeddable":true,"href":"https:\/\/akincilardergisi.com\/tr\/wp-json\/wp\/v2\/users\/17"}],"replies":[{"embeddable":true,"href":"https:\/\/akincilardergisi.com\/tr\/wp-json\/wp\/v2\/comments?post=51864"}],"version-history":[{"count":1,"href":"https:\/\/akincilardergisi.com\/tr\/wp-json\/wp\/v2\/posts\/51864\/revisions"}],"predecessor-version":[{"id":51865,"href":"https:\/\/akincilardergisi.com\/tr\/wp-json\/wp\/v2\/posts\/51864\/revisions\/51865"}],"wp:featuredmedia":[{"embeddable":true,"href":"https:\/\/akincilardergisi.com\/tr\/wp-json\/wp\/v2\/media\/51868"}],"wp:attachment":[{"href":"https:\/\/akincilardergisi.com\/tr\/wp-json\/wp\/v2\/media?parent=51864"}],"wp:term":[{"taxonomy":"category","embeddable":true,"href":"https:\/\/akincilardergisi.com\/tr\/wp-json\/wp\/v2\/categories?post=51864"},{"taxonomy":"post_tag","embeddable":true,"href":"https:\/\/akincilardergisi.com\/tr\/wp-json\/wp\/v2\/tags?post=51864"}],"curies":[{"name":"wp","href":"https:\/\/api.w.org\/{rel}","templated":true}]}}