{"id":51852,"date":"2025-02-26T09:57:19","date_gmt":"2025-02-26T06:57:19","guid":{"rendered":"https:\/\/akincilardergisi.com\/tr\/?p=51852"},"modified":"2025-02-26T10:00:40","modified_gmt":"2025-02-26T07:00:40","slug":"trump-bos-atiyor-yakinda-patlayabilir","status":"publish","type":"post","link":"https:\/\/akincilardergisi.com\/tr\/trump-bos-atiyor-yakinda-patlayabilir\/","title":{"rendered":"TRUMP BO\u015e ATIYOR\u00a0YAKINDA PATLAYAB\u0130L\u0130R\u00a0"},"content":{"rendered":"\n<p>ABD Ba\u015fkan\u0131 Trump se\u00e7ildi\u011fi g\u00fcnden beri sa\u011fa sola ayar verip y\u00fcksek perdeden sall\u0131yor&nbsp;&nbsp;<\/p>\n\n\n\n<p>Ama Amerika\u2019n\u0131n dibi \u00e7\u00fcr\u00fck\u2026&nbsp;<\/p>\n\n\n\n<p>Binaenaleyh Trump&nbsp;<\/p>\n\n\n\n<p>Yak\u0131nda kimsenin onu ciddiye almad\u0131\u011f\u0131.. hatta alaya ald\u0131\u011f\u0131 bir lider konumuna gelebilir.&nbsp;<\/p>\n\n\n\n<p>Neden?&nbsp;<\/p>\n\n\n\n<p>Bu \u201c\u00e7\u00fcr\u00fck\u201d mevzulara birazdan de\u011finece\u011fim ama Trump\u2019\u0131n d\u0131\u015f d\u00fcnyaya a\u00e7t\u0131\u011f\u0131 cepheler var. ABD bu haliyle bunlar\u0131n alt\u0131ndan kalkamaz.&nbsp;&nbsp;&nbsp;&nbsp;&nbsp;&nbsp;&nbsp;&nbsp;&nbsp;&nbsp;&nbsp;&nbsp;&nbsp;&nbsp;&nbsp;&nbsp;&nbsp;&nbsp;&nbsp;&nbsp;&nbsp;&nbsp;&nbsp;&nbsp;&nbsp;&nbsp;&nbsp;&nbsp;&nbsp;&nbsp; 1945\u2019te&nbsp; Hiro\u015fima\u2019ya&nbsp;&nbsp;<\/p>\n\n\n\n<p>Atom bombas\u0131 att\u0131ktan sonra bir ABD lideri \u00e7\u0131k\u0131p Trump\u2019\u0131n bu dediklerini dile getirseydi.. bunun belki iler-tutar bir taraf\u0131 olurdu ama \u015fimdi \u00f6yle bir ihtimal bile yok.&nbsp;<\/p>\n\n\n\n<p>Yani&nbsp;<\/p>\n\n\n\n<p>ABD\u2019nin bu kadar geni\u015f bir cephede m\u00fccadele edip dayanmas\u0131 m\u00fcmk\u00fcn de\u011fil.&nbsp;<\/p>\n\n\n\n<p>Binaenaleyh&nbsp;<\/p>\n\n\n\n<p>Trump bir balon gibi yak\u0131nda patlayabilir veya U d\u00f6n\u00fc\u015f\u00fc yapmak zorunda kalacakt\u0131r.&nbsp;<\/p>\n\n\n\n<p><strong>CEPHELER\u00a0<\/strong><\/p>\n\n\n\n<p>Trump sadece Avrupa\u2019ya 2 cephe a\u00e7t\u0131.&nbsp;<\/p>\n\n\n\n<p>Kanada ile \u00e7eki\u015fmesi asl\u0131nda \u0130ngiltere ile olan bir sava\u015f cephesidir.&nbsp;<\/p>\n\n\n\n<p>Gr\u00f6nland isteyip Ukrayna\u2019y\u0131 da Avrupa\u2019n\u0131n kuca\u011f\u0131nda b\u0131rakmas\u0131 ABD\u2019nin alelacele Afganistan\u2019dan defolup gitmesinden daha b\u00fcy\u00fck bir skandald\u0131r. Avrupal\u0131lar daha o \u015foku atlatamam\u0131\u015fken \u015fimdi ikinci bir \u015fok ya\u015f\u0131yorlar.&nbsp;<\/p>\n\n\n\n<p>Di\u011fer cepheleri \u015f\u00f6yle s\u0131ralayabiliriz:&nbsp;<\/p>\n\n\n\n<ul class=\"wp-block-list\">\n<li>Panama Kanal\u0131 ve Tayvan \u00fczerinden \u00c7in\u2019e a\u00e7\u0131lan cephe\u00a0\u00a0\u00a0\u00a0\u00a0\u00a0\u00a0\u00a0\u00a0\u00a0\u00a0\u00a0\u00a0\u00a0\u00a0\u00a0\u00a0\u00a0\u00a0\u00a0\u00a0\u00a0\u00a0\u00a0\u00a0\u00a0\u00a0\u00a0\u00a0\u00a0\u00a0\u00a0\u00a0\u00a0\u00a0\u00a0\u00a0\u00a0\u00a0\u00a0\u00a0\u00a0\u00a0\u00a0\u00a0\u00a0\u00a0\u00a0\u00a0\u00a0\u00a0\u00a0\u00a0\u00a0\u00a0\u00a0\u00a0\u00a0\u00a0\u00a0\u00a0\u00a0\u00a0\u00a0\u00a0\u00a0\u00a0\u00a0\u00a0\u00a0\u00a0\u00a0\u00a0\u00a0\u00a0\u00a0 (Pasifik\u2019te adalar \u00fczerinden birbirleri ile olan \u00e7eki\u015fmeleri saym\u0131yorum)\u00a0<\/li>\n<\/ul>\n\n\n\n<ul class=\"wp-block-list\">\n<li>G\u00fcmr\u00fckleri art\u0131rmak istemesi ile Meksika\u2019ya a\u00e7t\u0131\u011f\u0131 cephe\u00a0<\/li>\n<\/ul>\n\n\n\n<ul class=\"wp-block-list\">\n<li>G\u00f6\u00e7menlere gayri insani davranarak ve \u00fclkeden \u00e7\u0131karmakla tehdit ederek t\u00fcm Latin Amerikal\u0131lara a\u00e7t\u0131\u011f\u0131 cephe\u00a0<\/li>\n<\/ul>\n\n\n\n<ul class=\"wp-block-list\">\n<li>\u0130srail\u2019e sonsuz destek vererek \u0130slam d\u00fcnyas\u0131na a\u00e7t\u0131\u011f\u0131 cephe\u00a0<\/li>\n<\/ul>\n\n\n\n<ul class=\"wp-block-list\">\n<li>Gazzelileri M\u0131s\u0131r ve \u00dcrd\u00fcn\u2019e s\u00fcrmek istemesi ile Arap d\u00fcnyas\u0131na a\u00e7t\u0131\u011f\u0131 cephe\u00a0\u00a0\u00a0\u00a0\u00a0\u00a0\u00a0\u00a0\u00a0\u00a0\u00a0\u00a0\u00a0\u00a0\u00a0\u00a0\u00a0\u00a0\u00a0\u00a0\u00a0\u00a0\u00a0\u00a0\u00a0\u00a0\u00a0\u00a0\u00a0\u00a0\u00a0\u00a0\u00a0\u00a0\u00a0\u00a0\u00a0\u00a0\u00a0\u00a0\u00a0\u00a0\u00a0\u00a0\u00a0\u00a0\u00a0\u00a0\u00a0\u00a0\u00a0\u00a0\u00a0\u00a0\u00a0\u00a0\u00a0\u00a0\u00a0\u00a0\u00a0\u00a0\u00a0\u00a0\u00a0\u00a0\u00a0\u00a0\u00a0\u00a0\u00a0\u00a0\u00a0\u00a0\u00a0\u00a0\u00a0\u00a0\u00a0\u00a0\u00a0\u00a0\u00a0\u00a0\u00a0\u00a0\u00a0\u00a0\u00a0\u00a0\u00a0\u00a0\u00a0\u00a0\u00a0\u00a0\u00a0\u00a0\u00a0\u00a0\u00a0\u00a0\u00a0\u00a0\u00a0\u00a0\u00a0\u00a0\u00a0\u00a0\u00a0\u00a0\u00a0\u00a0\u00a0\u00a0\u00a0\u00a0\u00a0\u00a0\u00a0\u00a0\u00a0\u00a0\u00a0\u00a0\u00a0\u00a0\u00a0\u00a0\u00a0\u00a0\u00a0\u00a0\u00a0 (Arap rejimleri \u015fimdilik teslim olmu\u015f g\u00f6r\u00fcn\u00fcyor ama Arap halklar\u0131 ayakta\u2026)\u00a0<\/li>\n<\/ul>\n\n\n\n<p>Cepheleri daha da uzatabiliriz ama gerek yok.&nbsp;&nbsp;&nbsp;&nbsp;&nbsp;&nbsp;&nbsp;&nbsp;&nbsp;&nbsp;&nbsp;&nbsp;&nbsp;&nbsp;&nbsp;&nbsp;&nbsp;&nbsp;&nbsp;&nbsp;&nbsp;&nbsp;&nbsp;&nbsp;&nbsp;&nbsp;&nbsp;&nbsp;&nbsp;&nbsp;&nbsp;&nbsp;&nbsp;&nbsp;&nbsp;&nbsp;&nbsp;&nbsp;&nbsp;&nbsp;&nbsp;&nbsp;&nbsp;&nbsp;&nbsp;&nbsp;&nbsp;&nbsp;&nbsp;&nbsp;&nbsp;&nbsp;&nbsp;&nbsp;&nbsp;&nbsp;&nbsp;&nbsp;&nbsp;&nbsp;&nbsp;&nbsp;&nbsp;&nbsp;&nbsp;&nbsp;&nbsp;&nbsp;&nbsp;&nbsp;&nbsp;&nbsp;&nbsp; \u015eu kadar\u0131n\u0131 s\u00f6ylemek kafi gelir san\u0131r\u0131m:&nbsp;&nbsp;&nbsp;&nbsp;&nbsp;&nbsp;&nbsp;&nbsp;&nbsp;&nbsp;&nbsp;&nbsp;&nbsp;&nbsp;&nbsp;&nbsp;&nbsp;&nbsp;&nbsp;&nbsp;&nbsp;&nbsp;&nbsp;&nbsp;&nbsp;&nbsp;&nbsp;&nbsp;&nbsp;&nbsp;&nbsp;&nbsp;&nbsp;&nbsp;&nbsp;&nbsp;&nbsp;&nbsp;&nbsp;&nbsp;&nbsp;&nbsp;&nbsp;&nbsp;&nbsp;&nbsp;&nbsp;&nbsp;&nbsp;&nbsp;&nbsp;&nbsp;&nbsp;&nbsp;&nbsp;&nbsp;&nbsp;&nbsp;&nbsp;&nbsp;&nbsp;&nbsp;&nbsp;&nbsp;&nbsp;&nbsp;&nbsp;&nbsp;&nbsp;&nbsp;&nbsp;&nbsp;&nbsp;&nbsp;&nbsp;&nbsp;&nbsp;&nbsp;&nbsp;&nbsp;&nbsp;&nbsp;&nbsp;&nbsp;&nbsp;&nbsp;&nbsp;&nbsp;&nbsp;&nbsp;&nbsp;&nbsp;&nbsp;&nbsp; ABD ba\u015fta Japonya.. Almanya.. Afganistan.. Irak.. Vietnam ve di\u011fer \u00fclkelerde o kadar \u00e7ok katliam yapt\u0131 ki, Amerikal\u0131lar bug\u00fcn d\u00fcnyada en \u00e7ok nefret edilen millet haline gelmi\u015f bulunmaktad\u0131rlar.&nbsp;<\/p>\n\n\n\n<p><strong>\u00c7\u0130N VE T\u00dcRK\u0130YE\u2019N\u0130N NEFES\u0130\u00a0<\/strong><\/p>\n\n\n\n<p><strong>ABD\u2019N\u0130N ENSES\u0130NDE\u00a0<\/strong><\/p>\n\n\n\n<p>Bug\u00fcn ABD eskisi gibi&nbsp;&nbsp;<\/p>\n\n\n\n<p>Hem silah hem ekonomi hem de siyasi arenada a\u00e7\u0131k ara \u00f6nde de\u011fil. T\u00fcrkiye ve \u00c7in\u2019in nefesi ensesinde\u2026&nbsp;&nbsp;<\/p>\n\n\n\n<p>(Asl\u0131nda \u00c7in\u2019in de dibi \u00e7\u00fcr\u00fck ama ba\u015fka bir yaz\u0131 konusu. T\u00fcrkiye ise ekonomik olarak hen\u00fcz de\u011fil ama \u2018g\u00fc\u00e7\u2019 derken sadece ekonomiyi anlamamak gerekir. Almanya ve Japonya ekonomik olarak g\u00fc\u00e7l\u00fcler ama d\u00fcnya siyasi sahnesinde esameleri bile okunmaz)&nbsp;<\/p>\n\n\n\n<p>Bu sat\u0131rlar\u0131 yazarken&nbsp;<\/p>\n\n\n\n<p>Frans\u0131zlar\u0131n d\u00fcnyaca me\u015fhur Le Point dergisini g\u00f6rmemi\u015ftim. Pazar g\u00fcn\u00fc gazeteler mezk\u00fbr derginin kapa\u011f\u0131n\u0131 yay\u0131mlad\u0131\u011f\u0131nda bu d\u00fc\u015f\u00fcncemi ayn\u0131 \u015fekilde yans\u0131tt\u0131\u011f\u0131n\u0131 g\u00f6rd\u00fcm.&nbsp;&nbsp;<\/p>\n\n\n\n<p><strong>NEDEN D\u0130\u011eER \u00dcLKELER DE\u011e\u0130L DE\u00a0<\/strong><\/p>\n\n\n\n<p><strong>T\u00dcRK\u0130YE VE \u00c7\u0130N\u00a0<\/strong><\/p>\n\n\n\n<p>\u00c7\u00fcnk\u00fc Fransa \u00e7ok g\u00fc\u00e7 kaybetti.&nbsp;&nbsp;<\/p>\n\n\n\n<p>Her g\u00fcn Afrika \u00fclkelerinden \u00e7ekilme haberleri geliyor.&nbsp;<\/p>\n\n\n\n<p>\u00c7ad, Nijer ve Mali\u2019den sonra Fildi\u015fi Sahili\u2019ndeki askerlerini de \u00e7ekmek zorunda kald\u0131. Yani Fransa\u2019n\u0131n kendisine bile art\u0131k hayr\u0131 yok.&nbsp;<\/p>\n\n\n\n<p>Almanya ve Japonya ise anlad\u0131\u011f\u0131m\u0131z manada ba\u011f\u0131ms\u0131z \u00fclkeler de\u011fil. Onlar ekonomik olarak g\u00fc\u00e7l\u00fc olsalar da d\u00fcnya g\u00fc\u00e7 yar\u0131\u015f\u0131ndan \u00e7oktan \u00e7ekilmi\u015f \u00fclkelerdir.&nbsp;<\/p>\n\n\n\n<p>\u0130ngiltere&nbsp;<\/p>\n\n\n\n<p>Kendisine Kanada\u2019da a\u00e7\u0131lan yeni cephede ABD\u2019ye kar\u015f\u0131 nas\u0131l savunma yapaca\u011f\u0131 tela\u015f\u0131 i\u00e7inde.&nbsp;<\/p>\n\n\n\n<p>Malum oldu\u011fu \u00fczere&nbsp;<\/p>\n\n\n\n<ol start=\"1\" class=\"wp-block-list\">\n<li>D\u00fcnya Sava\u015f\u0131\u2019nda elinde bulundurdu\u011fu s\u00f6m\u00fcrgelerin \u00e7o\u011funu 2. D\u00fcnya Sava\u015f\u0131\u2019nda ABD\u2019ye kapt\u0131rm\u0131\u015ft\u0131. ABD \u015fimdi de burnunun dibindeki Commonwealth \u00fclkelerinden Kanada\u2019ya g\u00f6z dikmi\u015f durumda.\u00a0<\/li>\n<\/ol>\n\n\n\n<p>Yani \u0130ngiltere&nbsp;&nbsp;<\/p>\n\n\n\n<p>Fiili olmasa da \u015fu anda zaten ABD ile \u00e7eki\u015fme halindedir ve \u0130ngiliz Milletler Toplulu\u011fu\u2019nu koruyabilirse bu onun i\u00e7in k\u00e2rd\u0131r.&nbsp;&nbsp;&nbsp;<\/p>\n\n\n\n<p>Rusya\u2019ya gelince:&nbsp;<\/p>\n\n\n\n<p>Hava \u00fcst\u00fcnl\u00fc\u011f\u00fc ve n\u00fckleer silahlar\u0131 olan Rusya\u2019n\u0131n karada \u00e7ok ba\u015far\u0131s\u0131z oldu\u011funu Ukrayna\u2019da g\u00f6rd\u00fck. Suriye\u2019de de hesaplar\u0131 alt-\u00fcst oldu.&nbsp;<\/p>\n\n\n\n<p>T\u00fcrkiye\u2019nin g\u00fc\u00e7l\u00fc y\u00f6nlerine ve neden nefesi ABD\u2019nin ensesinde oldu\u011funa gelece\u011fim&nbsp;&nbsp;<\/p>\n\n\n\n<p>Ama ABD\u2019nin zay\u0131f y\u00f6nlerine devam etmek istiyorum.&nbsp;&nbsp;<\/p>\n\n\n\n<p><strong>BEK\u00c2R ANNE ORANI %21\u00a0<\/strong><\/p>\n\n\n\n<p>Evet,&nbsp;<\/p>\n\n\n\n<p>Amerika para, silah ve teknoloji bak\u0131m\u0131ndan s\u00fcper g\u00fc\u00e7&nbsp;<\/p>\n\n\n\n<p>Ancak&nbsp;<\/p>\n\n\n\n<p>Sosyal hayat ve aile bak\u0131m\u0131ndan bitmi\u015f durumda.&nbsp;<\/p>\n\n\n\n<p>Mesel\u00e2;&nbsp;<\/p>\n\n\n\n<p>Bek\u00e2r anne oran\u0131 %21 kad\u0131n\u0131n \u00e7ocu\u011fu var ama evli de\u011fil. Baba yok. \u00c7ocuk amca hala diye bir \u015fey bilmiyor. Tek ba\u015f\u0131na ya\u015fayanlar\u0131n mevzusuna hi\u00e7 girmiyorum. Onlar da hem say\u0131ca \u00e7oklar hem de \u00e7o\u011fu kafay\u0131 yemi\u015f durumda. Bundan dolay\u0131 bat\u0131l\u0131 \u00fclkelerde \u2019Yaln\u0131zl\u0131k Bakanl\u0131\u011f\u0131\u2019 kuruluyor. Amerika\u2019da da eli kula\u011f\u0131nda\u2026&nbsp;<\/p>\n\n\n\n<p><strong>SADECE SOSYAL HAYAT VE A\u0130LE M\u0130 B\u0130TM\u0130\u015e\u00a0<\/strong><\/p>\n\n\n\n<p>Hay\u0131r!&nbsp;<\/p>\n\n\n\n<p>Altyap\u0131s\u0131n\u0131 da eskimi\u015f\u2026&nbsp;<\/p>\n\n\n\n<p>Demiryollar\u0131, karayollar\u0131, k\u00f6pr\u00fcleri .. g\u00f6kdelenleri miad\u0131n\u0131 doldurmu\u015f&nbsp;&nbsp;<\/p>\n\n\n\n<p>Ve ABD neredeyse&nbsp;&nbsp;<\/p>\n\n\n\n<p>T\u00fcm d\u00fcnyay\u0131 s\u00f6m\u00fcrd\u00fc\u011f\u00fc halde bunlar\u0131 yenileyemiyor.&nbsp;<\/p>\n\n\n\n<p><strong>KAL\u0130FORN\u0130YA YANGINI\u00a0<\/strong><\/p>\n\n\n\n<p>B\u0131rak\u0131n yenilemeyi.. Los Angeles\u2019te yanan on binlerce evi y\u00fcz\u00fcst\u00fc b\u0131rakt\u0131. Tabir caizse ev sahiplerine&nbsp; \u201cNe haliniz varsa g\u00f6r\u00fcn!\u201d dedi.&nbsp;<\/p>\n\n\n\n<p>Ama buna kar\u015f\u0131 T\u00fcrkiye ne yapt\u0131?&nbsp;<\/p>\n\n\n\n<p>6 \u015eubat 2023\u2019te meydana gelen ve Almanya b\u00fcy\u00fckl\u00fc\u011f\u00fcndeki bir alan\u0131n hem altyap\u0131s\u0131 hem \u00fcst yap\u0131s\u0131n\u0131 etkileyen depremden 2 y\u0131l sonra 201 bin konutu altyap\u0131s\u0131n\u0131 tamamlanm\u0131\u015f olarak teslim etti. Bu y\u0131lsonuna kadar da bu say\u0131 453 bine tamamlayacak.&nbsp;&nbsp;&nbsp;<\/p>\n\n\n\n<p>Bunun altyap\u0131s\u0131n\u0131 da hesaba katt\u0131\u011f\u0131m\u0131z zaman 1 milyon konuta e\u015fde\u011fer bir \u00fcretim olmu\u015f ki, bug\u00fcn bunu bu kadar k\u0131sa s\u00fcrede yapabilecek d\u00fcnyada bir \u00fclke yok.&nbsp;<\/p>\n\n\n\n<p><strong>EKONOM\u0130S\u0130 \u00c7OK MU \u0130Y\u0130\u00a0<\/strong><\/p>\n\n\n\n<p>Hay\u0131r!&nbsp;<\/p>\n\n\n\n<p>Amerika\u2019n\u0131n milli geliri 24-25 Trilyon $&nbsp;<\/p>\n\n\n\n<p>Ama borcu 34 Trilyonu ge\u00e7mi\u015f durumda.&nbsp;<\/p>\n\n\n\n<p>\u00dcstelik bu milli gelirinin yar\u0131s\u0131 ye\u015fil ve sar\u0131 k\u00e2\u011f\u0131tlardan oldu\u011fu i\u00e7in balon. Ger\u00e7ek ekonomik \u00fcretime dayanm\u0131yor yani.&nbsp;<\/p>\n\n\n\n<p>Milli gelirinin yar\u0131s\u0131 borsa oyunlar\u0131na ve kar\u015f\u0131l\u0131ks\u0131z bast\u0131\u011f\u0131 dolarlara bor\u00e7lu\u2026&nbsp;<\/p>\n\n\n\n<p>1945 y\u0131l\u0131nda&nbsp;<\/p>\n\n\n\n<p>\u0130ngiltere\u2019nin ba\u015f\u0131na geldi\u011fi gibi, bir g\u00fcn dolar da rezerv para olmaktan \u00e7\u0131kt\u0131\u011f\u0131 g\u00fcn ABD\u2019nin yere serilece\u011fi g\u00fcnd\u00fcr.&nbsp;<\/p>\n\n\n\n<p>\u0130ngiltere&nbsp;&nbsp;<\/p>\n\n\n\n<p>Derin siyasi akl\u0131yla s\u00f6m\u00fcrgeleri elinde tutmay\u0131 ba\u015fard\u0131\u011f\u0131 i\u00e7in 1945\u2019te paras\u0131 rezerv olmaktan \u00e7\u0131kt\u0131\u011f\u0131nda kay\u0131plar ya\u015fad\u0131 ama yere serilmemi\u015fti.&nbsp;<\/p>\n\n\n\n<p>Ancak ABD \u00f6yle de\u011fil.&nbsp;<\/p>\n\n\n\n<p>G\u00fcc\u00fcne g\u00fcvenip vah\u015fice girdi\u011fi her yerden tekmeyi yiyerek \u00e7\u0131kmak zorunda kald\u0131. Yapt\u0131klar\u0131 vah\u015fet ve katliamlardan dolay\u0131 da bug\u00fcn en sevilmeyen milletlerden biridir Amerikal\u0131lar.&nbsp;<\/p>\n\n\n\n<p>Binaenaleyh&nbsp;<\/p>\n\n\n\n<p>T\u00fcrb\u00fclansa girdi\u011fi anda tepetaklak olmas\u0131 ka\u00e7\u0131n\u0131lmazd\u0131r.&nbsp;<\/p>\n\n\n\n<p><strong>GEN\u00c7L\u0130K-ALKOL\u0130ZM-UYU\u015eTURUCU- LGBT-BENC\u0130LL\u0130K<\/strong>\u00a0<\/p>\n\n\n\n<p><strong>VE D\u0130K\u0130\u015e TUTMAYAN ASKER\u0130 HARCAMALAR\u00a0<\/strong><\/p>\n\n\n\n<p>Amerikan halk\u0131 bencil bir toplum\u2026&nbsp;<\/p>\n\n\n\n<p>Binaenaleyh bunlar iflah olmaz.&nbsp;<\/p>\n\n\n\n<p>Gen\u00e7lik-aile-alkol-uyu\u015fturucu vb. konularda uzun yazmaya gerek yok. 1990-2004 aras\u0131 do\u011fanlar\u0131n %22\u2019si kendini LGBT\u2019li san\u0131yor. 2040 y\u0131l\u0131nda bu rakam %67\u2019ye gelecek.&nbsp;&nbsp;<\/p>\n\n\n\n<p>Yani&nbsp;<\/p>\n\n\n\n<p>Bu vb. sosyal konularda bitmi\u015f vaziyettedir diyeyim yeterlidir san\u0131r\u0131m. Bunun i\u00e7in \u201cdibi \u00e7\u00fcr\u00fck\u201d diyorum.&nbsp;<\/p>\n\n\n\n<p>Ancak&nbsp;<\/p>\n\n\n\n<p>Mevzunun anla\u015f\u0131lmas\u0131 i\u00e7in bir \u00f6rnek vererek yaz\u0131m\u0131 tamamlamak istiyorum.&nbsp;<\/p>\n\n\n\n<p><strong>DEPREM VE YANGIN\u00a0\u00a0<\/strong><\/p>\n\n\n\n<p><strong>PAROLA: ORAYA MI G\u0130D\u0130YORSUNUZ?\u00a0<\/strong><\/p>\n\n\n\n<p>6 \u015eubat\u2019ta b\u00fcy\u00fck deprem meydana geldi\u011finde&nbsp;<\/p>\n\n\n\n<p>Nas\u0131l bir devlet-millet dayan\u0131\u015fmas\u0131 ile bu b\u00fcy\u00fck yaran\u0131n sar\u0131ld\u0131\u011f\u0131na dair bir \u00f6rnek vermek istiyorum.&nbsp;<\/p>\n\n\n\n<p>Ba\u015fak\u015fehir\u2019den Salih karde\u015fimiz depremi duyar duymaz arkada\u015flar\u0131 ile kamyonet tipi bir ara\u00e7la yola \u00e7\u0131kar&nbsp;<\/p>\n\n\n\n<p>Ama yolda mola verirken \u201cYa hu biz gidiyoruz ama bo\u015f elle ne faydam\u0131z olacak.. bi yere u\u011fray\u0131p kazma k\u00fcrek ip ve sandvi\u00e7 t\u00fcr\u00fc yiyecek nevalesi al\u0131p \u00f6yle devam edelim\u201d diye konu\u015furlar.&nbsp;<\/p>\n\n\n\n<p>Anadolu\u2019nun orta yerinde kasabadan biraz hallice bir yerin nalbur d\u00fckk\u00e2n\u0131na u\u011frarlar.&nbsp;<\/p>\n\n\n\n<p>Aceleyle d\u00fckkan sahibine \u201c\u015fundan ver, bundan ver.. \u015funu da koy!\u201d dedikten sonra s\u0131ra \u00f6deyecekleri miktar\u0131 sormaya gelince d\u00fckkan sahibi; \u201cOraya gidiyorsunuz de\u011fil mi?\u201d ve \u201cBu da benden ufak bir katk\u0131 olsun\u201d diyerek hesab\u0131 \u0131srarlar\u0131na ra\u011fmen almaz.&nbsp;&nbsp;<\/p>\n\n\n\n<p>Salih Karde\u015fim.&nbsp;<\/p>\n\n\n\n<p>Ayn\u0131 \u015feyin sandvi\u00e7 vb. \u015feyleri al\u0131rken de tekrarland\u0131\u011f\u0131n\u0131 anlatm\u0131\u015ft\u0131&nbsp;&nbsp;<\/p>\n\n\n\n<p>Peki,&nbsp;<\/p>\n\n\n\n<p>Kaliforniya\u2019da yang\u0131n olunca Amerikan halk\u0131 ne yapm\u0131\u015ft\u0131?&nbsp;<\/p>\n\n\n\n<p>Yanan evleri&nbsp;<\/p>\n\n\n\n<p>Bir Hollywood filmi seyreder gibi seyrettiler.&nbsp;<\/p>\n\n\n\n<p>\u0130\u015fte&nbsp;&nbsp;<\/p>\n\n\n\n<p>\u201cBa\u015fka \u00e2lemlerden fark\u0131m\u0131z bizim\u2026\u201d&nbsp;<\/p>\n\n\n\n<p><strong>25.02.2025\u00a0<\/strong><\/p>\n\n\n\n<p><strong>Emin Batur\u00a0<\/strong><\/p>\n","protected":false},"excerpt":{"rendered":"<p>ABD Ba\u015fkan\u0131 Trump se\u00e7ildi\u011fi g\u00fcnden beri sa\u011fa sola ayar verip y\u00fcksek perdeden sall\u0131yor&nbsp;&nbsp; Ama Amerika\u2019n\u0131n dibi \u00e7\u00fcr\u00fck\u2026&nbsp; Binaenaleyh Trump&nbsp; Yak\u0131nda kimsenin onu ciddiye almad\u0131\u011f\u0131.. hatta alaya ald\u0131\u011f\u0131 bir lider konumuna gelebilir.&nbsp; Neden?&nbsp; Bu \u201c\u00e7\u00fcr\u00fck\u201d mevzulara birazdan de\u011finece\u011fim ama Trump\u2019\u0131n d\u0131\u015f d\u00fcnyaya a\u00e7t\u0131\u011f\u0131 cepheler var. ABD bu haliyle bunlar\u0131n alt\u0131ndan kalkamaz.&nbsp;&nbsp;&nbsp;&nbsp;&nbsp;&nbsp;&nbsp;&nbsp;&nbsp;&nbsp;&nbsp;&nbsp;&nbsp;&nbsp;&nbsp;&nbsp;&nbsp;&nbsp;&nbsp;&nbsp;&nbsp;&nbsp;&nbsp;&nbsp;&nbsp;&nbsp;&nbsp;&nbsp;&nbsp;&nbsp; 1945\u2019te&nbsp; Hiro\u015fima\u2019ya&nbsp;&nbsp; Atom bombas\u0131 att\u0131ktan &hellip;<\/p>\n","protected":false},"author":14,"featured_media":51854,"comment_status":"open","ping_status":"open","sticky":false,"template":"","format":"standard","meta":{"om_disable_all_campaigns":false,"_themeisle_gutenberg_block_has_review":false,"_joinchat":[],"footnotes":""},"categories":[56,43],"tags":[],"class_list":["post-51852","post","type-post","status-publish","format-standard","has-post-thumbnail","","category-emin","category-yazarlar"],"_links":{"self":[{"href":"https:\/\/akincilardergisi.com\/tr\/wp-json\/wp\/v2\/posts\/51852","targetHints":{"allow":["GET"]}}],"collection":[{"href":"https:\/\/akincilardergisi.com\/tr\/wp-json\/wp\/v2\/posts"}],"about":[{"href":"https:\/\/akincilardergisi.com\/tr\/wp-json\/wp\/v2\/types\/post"}],"author":[{"embeddable":true,"href":"https:\/\/akincilardergisi.com\/tr\/wp-json\/wp\/v2\/users\/14"}],"replies":[{"embeddable":true,"href":"https:\/\/akincilardergisi.com\/tr\/wp-json\/wp\/v2\/comments?post=51852"}],"version-history":[{"count":1,"href":"https:\/\/akincilardergisi.com\/tr\/wp-json\/wp\/v2\/posts\/51852\/revisions"}],"predecessor-version":[{"id":51853,"href":"https:\/\/akincilardergisi.com\/tr\/wp-json\/wp\/v2\/posts\/51852\/revisions\/51853"}],"wp:featuredmedia":[{"embeddable":true,"href":"https:\/\/akincilardergisi.com\/tr\/wp-json\/wp\/v2\/media\/51854"}],"wp:attachment":[{"href":"https:\/\/akincilardergisi.com\/tr\/wp-json\/wp\/v2\/media?parent=51852"}],"wp:term":[{"taxonomy":"category","embeddable":true,"href":"https:\/\/akincilardergisi.com\/tr\/wp-json\/wp\/v2\/categories?post=51852"},{"taxonomy":"post_tag","embeddable":true,"href":"https:\/\/akincilardergisi.com\/tr\/wp-json\/wp\/v2\/tags?post=51852"}],"curies":[{"name":"wp","href":"https:\/\/api.w.org\/{rel}","templated":true}]}}