{"id":51747,"date":"2025-01-28T19:50:39","date_gmt":"2025-01-28T16:50:39","guid":{"rendered":"https:\/\/akincilardergisi.com\/tr\/?p=51747"},"modified":"2025-01-28T19:59:47","modified_gmt":"2025-01-28T16:59:47","slug":"ayse-barim","status":"publish","type":"post","link":"https:\/\/akincilardergisi.com\/tr\/ayse-barim\/","title":{"rendered":"AY\u015eE BARIM\u00a0\u00a0"},"content":{"rendered":"\n<p><strong>VE MESLEK ODALARININ G\u00d6REV\u0130\u00a0<\/strong><\/p>\n\n\n\n<p>Ay\u015fe Bar\u0131m&nbsp;&nbsp;<\/p>\n\n\n\n<p>Ve bir\u00e7ok meslek odas\u0131n\u0131n g\u00f6revi milletimizi \u00f6z\u00fcnden kopar\u0131p.. bat\u0131ya ram olacak hale getirmektir. Yani maddi ve manevi (k\u00fclt\u00fcrel) olarak bat\u0131ya olan hayranl\u0131\u011f\u0131m\u0131z\u0131 devam ettirmektir g\u00f6revleri.&nbsp;<\/p>\n\n\n\n<p>A.Bar\u0131m \u00f6nce sanat d\u00fcnyas\u0131nda yapm\u0131\u015f oldu\u011fu tekelle\u015fme ile ilgili g\u00f6zalt\u0131na al\u0131nda&nbsp;<\/p>\n\n\n\n<p>Ama sonra g\u00f6r\u00fcld\u00fc ki, bu as\u0131l g\u00f6revinin yan\u0131nda bir hi\u00e7mi\u015f\u2026&nbsp;<\/p>\n\n\n\n<p>Sekt\u00f6r\u00fc ele ge\u00e7irmesi i\u00e7in ona destek verenlerin kendisinden bekledi\u011fi daha b\u00fcy\u00fck g\u00f6revleri varm\u0131\u015f.&nbsp;&nbsp;<\/p>\n\n\n\n<p>Yani&nbsp;&nbsp;<\/p>\n\n\n\n<p>\u00c7evirdi\u011fi film ve dizilerle&nbsp;<\/p>\n\n\n\n<p>Milletin \u00f6z\u00fcn\u00fc de\u011fi\u015ftirme i\u015fi ona yetmemi\u015f.. me\u015fru iktidar\u0131 ala\u015fa\u011f\u0131 etme g\u00f6revi de alm\u0131\u015f oldu\u011funu \u00e7\u0131kan haberlerden \u00f6\u011freniyoruz.&nbsp;&nbsp;&nbsp;<\/p>\n\n\n\n<p>Ay\u015fe Bar\u0131m bu i\u015fi k\u00fclt\u00fcr ve sanat alan\u0131nda yaparken&nbsp;<\/p>\n\n\n\n<p>Bir\u00e7ok meslek odas\u0131 fiili olarak bunu yapar.&nbsp;<\/p>\n\n\n\n<p>Yani&nbsp;<\/p>\n\n\n\n<p>\u00dclkemizin bir milim ileriye gitmemesi.. hatta geriye gitmesi i\u00e7in ellerindeki t\u00fcm imk\u00e2nlar\u0131 sonuna kadar kullanmaktan \u00e7ekinmezler.&nbsp;<\/p>\n\n\n\n<p>Bunu nas\u0131l yapt\u0131klar\u0131n\u0131 k\u0131saca anlatmaya \u00e7al\u0131\u015fay\u0131m.&nbsp;<\/p>\n\n\n\n<p><strong>1950 KIRILMA NOKTASIDIR\u00a0<\/strong><\/p>\n\n\n\n<p>1950\u2019ye kadar \u0130ttihat-Terakki ve CHP&nbsp;<\/p>\n\n\n\n<p>Milletimizin y\u00f6n\u00fcn\u00fc bat\u0131ya \u00e7evirmek i\u00e7in siyasi bask\u0131 uygulad\u0131lar.&nbsp;&nbsp;<\/p>\n\n\n\n<p>Bu d\u00f6n\u00fc\u015f\u00fcm\u00fc yarg\u0131y\u0131 siyasalla\u015ft\u0131rarak ve jandarma dip\u00e7i\u011fiyle yapmaya kalkt\u0131lar&nbsp;&nbsp;<\/p>\n\n\n\n<p>Ama halk\u0131m\u0131z; s\u0131k\u0131nt\u0131lara ra\u011fmen direndi ve \u00f6z\u00fcne sahip \u00e7\u0131kmaya \u00e7al\u0131\u015ft\u0131.&nbsp;<\/p>\n\n\n\n<p>Uzun s\u00fcren bu bask\u0131lardan sonra&nbsp;<\/p>\n\n\n\n<p>\u0130stedikleri neticeyi alamad\u0131klar\u0131 gibi 1950\u2019de siyasi iktidarlar\u0131n\u0131 da kaybettiler.&nbsp;<\/p>\n\n\n\n<p><strong>CHP YEN\u0130L\u0130YOR\u00a0<\/strong><\/p>\n\n\n\n<p>Bat\u0131n\u0131n bil\u00e2 kayd-\u015fart (kay\u0131ts\u0131z \u015farts\u0131z) temsilcisi olan CHP\u2019nin 1950\u2019de alm\u0131\u015f oldu\u011fu bu b\u00fcy\u00fck yenilginin alt\u0131nda kalmayaca\u011f\u0131 a\u015fik\u00e2rd\u0131.&nbsp;<\/p>\n\n\n\n<p>\u00c7\u00fcnk\u00fc&nbsp;<\/p>\n\n\n\n<p>Her ne kadar siyasi iktidar\u0131 kaybetmi\u015f olsa da,&nbsp;&nbsp;<\/p>\n\n\n\n<p>Sermaye&nbsp;<\/p>\n\n\n\n<p>Bas\u0131n-yay\u0131n (medya)&nbsp;<\/p>\n\n\n\n<p>Askeriye&nbsp;<\/p>\n\n\n\n<p>\u00dcniversiteler&nbsp;<\/p>\n\n\n\n<p>Ve b\u00fcrokraside tart\u0131\u015fmas\u0131z olarak CHP iktidardayd\u0131.&nbsp;&nbsp;<\/p>\n\n\n\n<p>Demokrat Parti\u2019nin h\u00fckm\u00fc sadece parlamentoda ge\u00e7erliydi. Mecliste alm\u0131\u015f oldu\u011fu kararlar bile b\u00fcrokratlar eliyle ku\u015fa \u00e7evrilip halka \u00f6yle yans\u0131t\u0131l\u0131yordu.&nbsp;<\/p>\n\n\n\n<p>Binaenaleyh CHP\u2019nin elindeki&nbsp;&nbsp;<\/p>\n\n\n\n<p>Sermaye ve medya arac\u0131l\u0131\u011f\u0131 ile e\u011flence sekt\u00f6r\u00fcn\u00fc k\u0131sa s\u00fcrede domine etmesi (tahakk\u00fcm-bask\u0131-kontrol) uzun s\u00fcrmedi.&nbsp;<\/p>\n\n\n\n<p><strong>BU ARADA D\u0130N\u0130 VE M\u0130LL\u0130 CEMAATLAR<\/strong>\u00a0\u00a0<\/p>\n\n\n\n<p><strong>NE YAPIYORDU\u00a0<\/strong><\/p>\n\n\n\n<p>Milletin \u00f6z\u00fcn\u00fc te\u015fkil eden bu kesim&nbsp;<\/p>\n\n\n\n<p>Uzun y\u0131llar s\u00fcren harp-darp vs. den sonra elde avu\u00e7ta ne varsa gitmi\u015f.. k\u00fc\u00e7\u00fck bir az\u0131nl\u0131k olan mason ve gayrim\u00fcslimlerin elindeki fabrika ve tarlalarda i\u015f\u00e7i ve \u0131rgat olmu\u015ftu. K\u00fc\u00e7\u00fck esnaf olanlar\u0131 da ak\u015fama tenceresini kaynatabiliyorsa \u201cYarabbi \u015f\u00fck\u00fcr!\u201d diyordu.&nbsp;&nbsp;<\/p>\n\n\n\n<p>Ancak&nbsp;<\/p>\n\n\n\n<p>Halk\u0131n kahir ekseriyetini olu\u015fturan bu insanlar\u0131n i\u00e7inde b\u00fcy\u00fck bir bo\u015fluk vard\u0131.&nbsp;&nbsp;<\/p>\n\n\n\n<p>Bir yandan kaybedilmi\u015f bir imparatorluk,&nbsp;<\/p>\n\n\n\n<p>Di\u011fer yandan yasaklanan Ezan.. Kur\u2019an ve dini ilimlerin tedrisi vs. gibi de\u011ferler b\u00fcy\u00fck bir ac\u0131 veriyordu.&nbsp;&nbsp;<\/p>\n\n\n\n<p>\u00dcstelik&nbsp;&nbsp;<\/p>\n\n\n\n<p>Bat\u0131dan ithal edilen k\u0131l\u0131k-k\u0131yafetle dola\u015fmaktan utan\u0131yor.. yaz\u0131s\u0131 de\u011fi\u015ftirilerek \u0130slam aleyhtar\u0131 bir e\u011fitim vermeye \u00e7al\u0131\u015fan okullara \u00e7ocuklar\u0131n\u0131 g\u00f6ndermek istemiyordu.&nbsp;<\/p>\n\n\n\n<p><strong>E\u011eLENCE SEKT\u00d6R\u00dc\u00a0<\/strong><\/p>\n\n\n\n<p>Tam b\u00f6yle bir zamanda Demokrat partinin iktidara gelmesi \u015fok etkisi yapm\u0131\u015ft\u0131.&nbsp;<\/p>\n\n\n\n<p>Ezan asl\u0131na d\u00f6n\u00fcyor, Kuran kurslar\u0131 a\u00e7\u0131larak k\u0131smen de olsa dini e\u011fitimin \u00f6n\u00fc a\u00e7\u0131l\u0131yordu.&nbsp;<\/p>\n\n\n\n<p>Ancak m\u00fctedeyyin-muhafazak\u00e2rlar&nbsp;<\/p>\n\n\n\n<p>B\u00fcy\u00fck bir kitle olmalar\u0131na ra\u011fmen ellerindeki imk\u00e2nlar \u00e7ok k\u0131s\u0131tl\u0131yd\u0131.&nbsp;<\/p>\n\n\n\n<p>H\u00e2lbuki di\u011fer yanda&nbsp;<\/p>\n\n\n\n<p>Bat\u0131 k\u00fclt\u00fcr\u00fcne hayran k\u00fc\u00e7\u00fck bir az\u0131nl\u0131\u011f\u0131n elinde \u00e7ok b\u00fcy\u00fck sermaye ve imk\u00e2nlar vard\u0131. E\u011flence sekt\u00f6r\u00fcne oyuncu, teknik eleman vs. bulmak i\u00e7in de altyap\u0131lar\u0131 haz\u0131rd\u0131.&nbsp;<\/p>\n\n\n\n<p>Hemen kollar\u0131 s\u0131vay\u0131p i\u015fe giri\u015ftiler.&nbsp;<\/p>\n\n\n\n<p>Halk\u0131 d\u00f6n\u00fc\u015ft\u00fcrme i\u015fi iktidar ve onun kolluk kuvvetleri vas\u0131tas\u0131 ile yap\u0131lam\u0131yorsa bu sefer soft (yumu\u015fak) g\u00fc\u00e7 kullanarak yap\u0131lacakt\u0131.&nbsp;<\/p>\n\n\n\n<p><strong>SAVRULMA\u00a0\u00a0<\/strong><\/p>\n\n\n\n<p>Bu s\u0131rada&nbsp;<\/p>\n\n\n\n<p>Menderes liderli\u011finde Demokrat Parti iktidar olmu\u015ftu&nbsp;&nbsp;<\/p>\n\n\n\n<p>Ama ona destek veren halk k\u00f6yl\u00fc ve esnaft\u0131.&nbsp;<\/p>\n\n\n\n<p>Yurt d\u0131\u015f\u0131nda e\u011fitim g\u00f6rm\u00fc\u015f&nbsp;<\/p>\n\n\n\n<p>Devasa \u015firketlerin distrib\u00fct\u00f6rl\u00fc\u011f\u00fcn\u00fc alm\u0131\u015f, Adalar\u2019da Moda\u2019larda ve Bo\u011faz\u2019\u0131n en mutena yerlerinde ya\u015fayanlar ya gayrim\u00fcslim az\u0131nl\u0131k veya CHP se\u00e7meniydi (Bu bug\u00fcn de b\u00f6yledir)&nbsp;<\/p>\n\n\n\n<p>Haliyle&nbsp;<\/p>\n\n\n\n<p>Demokrat partinin 10 y\u0131ll\u0131k iktidar\u0131 kad\u00fck kalm\u0131\u015ft\u0131r.&nbsp;<\/p>\n\n\n\n<p>1960 y\u0131l\u0131nda darbe olup ard\u0131ndan Menderes de idam edilince CHP ve elitlerine g\u00fcn do\u011fdu. Hem sinema.. hem ekonomik.. hem de siyasi olarak pe\u015f pe\u015fe filmler \u00e7evirmeye milletin ba\u015f\u0131na da \u00e7orap \u00f6rmeye ba\u015flad\u0131lar.&nbsp;<\/p>\n\n\n\n<p><strong>S\u0130NEMA\u00a0\u00a0<\/strong><\/p>\n\n\n\n<p>Ay\u015fe Bar\u0131m\u2019\u0131n \u00f6nc\u00fcleri bu i\u015fe haz\u0131r oldu\u011fu i\u00e7in hemen film ve plak \u00fcretimine ge\u00e7mi\u015flerdi.&nbsp;<\/p>\n\n\n\n<p>Yap\u0131lan filmlerin akla mant\u0131\u011fa ger\u00e7e\u011fe uygun olmas\u0131&nbsp;&nbsp;<\/p>\n\n\n\n<p>Veya&nbsp;<\/p>\n\n\n\n<p>Sanat y\u00f6n\u00fc falan hi\u00e7 \u00f6nemli de\u011fildi.&nbsp;&nbsp;<\/p>\n\n\n\n<p>Zengin k\u0131z fakir o\u011flan.. biraz Bo\u011faz g\u00f6r\u00fcnt\u00fcs\u00fc bir tane de Pa\u015fa Baba\u2019n\u0131n K\u00f6\u015fk\u00fc kiraland\u0131 m\u0131 bu i\u015f tamamd\u0131r.&nbsp;&nbsp;<\/p>\n\n\n\n<p>\u0130nsanlar da e\u011flenmek ve biraz da i\u00e7inde bulunduklar\u0131 s\u0131k\u0131nt\u0131lardan kurtulup hayal d\u00fcnyas\u0131na dalmak i\u00e7in na\u00e7ar bu filmlere gidiyordu.&nbsp;<\/p>\n\n\n\n<p><strong>NET\u0130CE\u00a0<\/strong><\/p>\n\n\n\n<p>Ay\u015fe Bar\u0131m ve \u00f6nc\u00fcleri en az 60 y\u0131ld\u0131r bu milleti d\u00f6n\u00fc\u015ft\u00fcrmek i\u00e7in u\u011fra\u015ft\u0131 ama kimse bunun hesab\u0131n\u0131 sormad\u0131.&nbsp;<\/p>\n\n\n\n<p>Ta ki, sekt\u00f6rde tekel olu\u015fturdu\u011fu&nbsp;<\/p>\n\n\n\n<p>Ve Gezi Park\u0131 olaylar\u0131n\u0131 organize etti\u011fi anla\u015f\u0131l\u0131ncaya kadar bu b\u00f6yle s\u00fcrd\u00fc.&nbsp;<\/p>\n\n\n\n<p>\u015eimdilik bu iki su\u00e7tan yarg\u0131lanacak.&nbsp;<\/p>\n\n\n\n<p>Milleti d\u00f6n\u00fc\u015ft\u00fcrme su\u00e7u ise ahirete kald\u0131.&nbsp;<\/p>\n\n\n\n<p>28.01.2025&nbsp;<\/p>\n\n\n\n<p>Emin Batur&nbsp;<\/p>\n\n\n\n<p>NOT: Baz\u0131 meslek odalar\u0131n\u0131n \u00fclkemize nas\u0131l takoz olduklar\u0131n\u0131&nbsp;&nbsp;&nbsp;&nbsp;&nbsp;&nbsp;&nbsp;&nbsp;&nbsp;&nbsp;&nbsp;&nbsp;&nbsp;&nbsp;&nbsp;&nbsp;&nbsp;&nbsp;&nbsp;&nbsp;&nbsp;&nbsp;&nbsp;&nbsp;&nbsp;&nbsp;&nbsp;&nbsp;&nbsp;&nbsp;&nbsp;&nbsp;&nbsp;&nbsp;&nbsp;&nbsp;&nbsp;&nbsp;&nbsp; ba\u015fka bir yaz\u0131da arz edece\u011fim in\u015fallah\u2026&nbsp;<\/p>\n\n\n\n<p><strong>Emin Batur\u00a0<\/strong>\u00a0\u00a0\u00a0<\/p>\n","protected":false},"excerpt":{"rendered":"<p>VE MESLEK ODALARININ G\u00d6REV\u0130\u00a0 Ay\u015fe Bar\u0131m&nbsp;&nbsp; Ve bir\u00e7ok meslek odas\u0131n\u0131n g\u00f6revi milletimizi \u00f6z\u00fcnden kopar\u0131p.. bat\u0131ya ram olacak hale getirmektir. Yani maddi ve manevi (k\u00fclt\u00fcrel) olarak bat\u0131ya olan hayranl\u0131\u011f\u0131m\u0131z\u0131 devam ettirmektir g\u00f6revleri.&nbsp; A.Bar\u0131m \u00f6nce sanat d\u00fcnyas\u0131nda yapm\u0131\u015f oldu\u011fu tekelle\u015fme ile ilgili g\u00f6zalt\u0131na al\u0131nda&nbsp; Ama sonra g\u00f6r\u00fcld\u00fc ki, bu as\u0131l g\u00f6revinin yan\u0131nda bir hi\u00e7mi\u015f\u2026&nbsp; Sekt\u00f6r\u00fc ele ge\u00e7irmesi &hellip;<\/p>\n","protected":false},"author":14,"featured_media":51749,"comment_status":"open","ping_status":"open","sticky":false,"template":"","format":"standard","meta":{"om_disable_all_campaigns":false,"_themeisle_gutenberg_block_has_review":false,"_joinchat":[],"footnotes":""},"categories":[56,38,43],"tags":[],"class_list":["post-51747","post","type-post","status-publish","format-standard","has-post-thumbnail","","category-emin","category-guncel","category-yazarlar"],"_links":{"self":[{"href":"https:\/\/akincilardergisi.com\/tr\/wp-json\/wp\/v2\/posts\/51747","targetHints":{"allow":["GET"]}}],"collection":[{"href":"https:\/\/akincilardergisi.com\/tr\/wp-json\/wp\/v2\/posts"}],"about":[{"href":"https:\/\/akincilardergisi.com\/tr\/wp-json\/wp\/v2\/types\/post"}],"author":[{"embeddable":true,"href":"https:\/\/akincilardergisi.com\/tr\/wp-json\/wp\/v2\/users\/14"}],"replies":[{"embeddable":true,"href":"https:\/\/akincilardergisi.com\/tr\/wp-json\/wp\/v2\/comments?post=51747"}],"version-history":[{"count":0,"href":"https:\/\/akincilardergisi.com\/tr\/wp-json\/wp\/v2\/posts\/51747\/revisions"}],"wp:featuredmedia":[{"embeddable":true,"href":"https:\/\/akincilardergisi.com\/tr\/wp-json\/wp\/v2\/media\/51749"}],"wp:attachment":[{"href":"https:\/\/akincilardergisi.com\/tr\/wp-json\/wp\/v2\/media?parent=51747"}],"wp:term":[{"taxonomy":"category","embeddable":true,"href":"https:\/\/akincilardergisi.com\/tr\/wp-json\/wp\/v2\/categories?post=51747"},{"taxonomy":"post_tag","embeddable":true,"href":"https:\/\/akincilardergisi.com\/tr\/wp-json\/wp\/v2\/tags?post=51747"}],"curies":[{"name":"wp","href":"https:\/\/api.w.org\/{rel}","templated":true}]}}