{"id":51609,"date":"2025-01-09T15:13:13","date_gmt":"2025-01-09T12:13:13","guid":{"rendered":"https:\/\/akincilardergisi.com\/tr\/?p=51609"},"modified":"2025-01-09T15:16:19","modified_gmt":"2025-01-09T12:16:19","slug":"cocuklar-neden-ateist-oldular","status":"publish","type":"post","link":"https:\/\/akincilardergisi.com\/tr\/cocuklar-neden-ateist-oldular\/","title":{"rendered":"\u00c7OCUKLAR NEDEN ATE\u0130ST OLDULAR?"},"content":{"rendered":"\n<p><strong>Ayd\u0131n Ayd\u0131n<\/strong><\/p>\n\n\n\n<p>Son bir iki y\u0131ld\u0131r \u00e7ocuklar\u0131n ateist veya deist olduklar\u0131na dair organize yay\u0131nlar var. Organize diyorum \u00e7\u00fcnk\u00fc en az\u0131ndan deist olabilmek i\u00e7in derinlemesine bir \u015fekilde din ve ilahiyat bilgisine sahip olmak gerekir. Halbuki bu \u00e7ocuklar hayatlar\u0131n\u0131n hi\u00e7 bir deminde din ile ve dine ait bir bilgi ile hi\u00e7 kar\u015f\u0131la\u015fmad\u0131lar<\/p>\n\n\n\n<p>\u00c7ocuklar ancak ateist olabilirler. \u00c7\u00fcnk\u00fc bu \u00e7ocuklar\u0131n ateist olmaktan ba\u015fka yollar\u0131 ve \u00e7areleri de yoktur.<\/p>\n\n\n\n<p>Bug\u00fcn ergen ve yeti\u015fkin olan hi\u00e7 kimsenin din bak\u0131m\u0131ndan oldu\u011fu yerden hi\u00e7bir su\u00e7 ve kusuru yoktur.<\/p>\n\n\n\n<p>Ben \u015fahsen bu i\u015flerin b\u00f6yle olaca\u011f\u0131n\u0131 2013 y\u0131l\u0131 i\u00e7inde yazd\u0131\u011f\u0131m #\u0130NSanlariAhmetler kitab\u0131mda a\u00e7\u0131k\u00e7a yazm\u0131\u015ft\u0131m.<\/p>\n\n\n\n<p>Yazm\u0131\u015ft\u0131m ki, bu \u00e7ocuklar\u0131m\u0131z olabildi\u011fince vatansever ve milliyet\u00e7i ve fakat ne vatan nedir onu bilir, ne milliyet\u00e7ilik nedir onu bilir bir nesil olacakt\u0131r. Bu neslin ne dini vard\u0131r ne iman\u0131; ancak her hocadan daha dindar bir nesil ortaya \u00e7\u0131kacak\u2026 Diye dedim.<\/p>\n\n\n\n<p>\u00c7\u00fcnk\u00fc bu \u00e7ocuklar sekiz y\u0131ll\u0131k kesintisiz e\u011fitim d\u00f6nemi ve on be\u015f ya\u015f alt\u0131 \u00e7ocuklara Kur&#8217;an i Kerim dersinin verilmesinin yasak oldu\u011fu d\u00f6nemin \u00e7ocuklar\u0131d\u0131r.<\/p>\n\n\n\n<p>Bu \u00e7ocuklar, \u015fu anda her biri devletin dahi bir kadrosunu te\u015fkil ediyorlar.<\/p>\n\n\n\n<p>Unuttunuz tabii ki\u2026 \u00c7\u00fcnk\u00fc, \u0130slam&#8217;\u0131 o kadar i\u00e7ten ve derinden ve hu\u015fu i\u00e7inde ya\u015f\u0131yordunuz ki T\u00fcrkiye&#8217;de on iki y\u0131l boyunca Kur&#8217;an&#8217;\u0131 Kerim \u00f6\u011frenilmesinin kanunen ve cebren yasak oldu\u011funu da hissetmediniz.<\/p>\n\n\n\n<p>Vah dulu ba\u015f\u0131m vah\u2026.<\/p>\n\n\n\n<p>Hi\u00e7 bir zul\u00fcm sebepsiz de\u011fildir ve kendi zaman\u0131m\u0131zda tecelli eden her zulm\u00fcn sebebi biziz.<\/p>\n\n\n\n<p>Zalimin zulm\u00fcne kar\u015f\u0131 adaleti Allah Tealadan beklemek ise ki\u015fiye zul\u00fcm olarak yaz\u0131l\u0131r.<\/p>\n\n\n\n<p>Yani\u2026 Esasen zalim bizleriz.<\/p>\n\n\n\n<p>\u00c7ocuklar\u0131n neden ateist veya deist olduklar\u0131n\u0131 bilemediniz bari bunu bileydiniz.<\/p>\n\n\n\n<p>Zalim bizleriz. \u00c7ocuklar\u0131n ne su\u00e7u var ki.<\/p>\n","protected":false},"excerpt":{"rendered":"<p>Ayd\u0131n Ayd\u0131n Son bir iki y\u0131ld\u0131r \u00e7ocuklar\u0131n ateist veya deist olduklar\u0131na dair organize yay\u0131nlar var. Organize diyorum \u00e7\u00fcnk\u00fc en az\u0131ndan deist olabilmek i\u00e7in derinlemesine bir \u015fekilde din ve ilahiyat bilgisine sahip olmak gerekir. Halbuki bu \u00e7ocuklar hayatlar\u0131n\u0131n hi\u00e7 bir deminde din ile ve dine ait bir bilgi ile hi\u00e7 kar\u015f\u0131la\u015fmad\u0131lar \u00c7ocuklar ancak ateist olabilirler. \u00c7\u00fcnk\u00fc &hellip;<\/p>\n","protected":false},"author":17,"featured_media":51611,"comment_status":"open","ping_status":"open","sticky":false,"template":"","format":"standard","meta":{"om_disable_all_campaigns":false,"_themeisle_gutenberg_block_has_review":false,"_joinchat":[],"footnotes":""},"categories":[53,38,43],"tags":[],"class_list":["post-51609","post","type-post","status-publish","format-standard","has-post-thumbnail","","category-aydin","category-guncel","category-yazarlar"],"_links":{"self":[{"href":"https:\/\/akincilardergisi.com\/tr\/wp-json\/wp\/v2\/posts\/51609","targetHints":{"allow":["GET"]}}],"collection":[{"href":"https:\/\/akincilardergisi.com\/tr\/wp-json\/wp\/v2\/posts"}],"about":[{"href":"https:\/\/akincilardergisi.com\/tr\/wp-json\/wp\/v2\/types\/post"}],"author":[{"embeddable":true,"href":"https:\/\/akincilardergisi.com\/tr\/wp-json\/wp\/v2\/users\/17"}],"replies":[{"embeddable":true,"href":"https:\/\/akincilardergisi.com\/tr\/wp-json\/wp\/v2\/comments?post=51609"}],"version-history":[{"count":0,"href":"https:\/\/akincilardergisi.com\/tr\/wp-json\/wp\/v2\/posts\/51609\/revisions"}],"wp:featuredmedia":[{"embeddable":true,"href":"https:\/\/akincilardergisi.com\/tr\/wp-json\/wp\/v2\/media\/51611"}],"wp:attachment":[{"href":"https:\/\/akincilardergisi.com\/tr\/wp-json\/wp\/v2\/media?parent=51609"}],"wp:term":[{"taxonomy":"category","embeddable":true,"href":"https:\/\/akincilardergisi.com\/tr\/wp-json\/wp\/v2\/categories?post=51609"},{"taxonomy":"post_tag","embeddable":true,"href":"https:\/\/akincilardergisi.com\/tr\/wp-json\/wp\/v2\/tags?post=51609"}],"curies":[{"name":"wp","href":"https:\/\/api.w.org\/{rel}","templated":true}]}}