{"id":51481,"date":"2024-12-25T16:29:52","date_gmt":"2024-12-25T13:29:52","guid":{"rendered":"https:\/\/akincilardergisi.com\/tr\/?p=51481"},"modified":"2024-12-25T16:33:18","modified_gmt":"2024-12-25T13:33:18","slug":"bana-ne-boptan-borandanbana-ne-arz-i-mevudun-sinirlarindan","status":"publish","type":"post","link":"https:\/\/akincilardergisi.com\/tr\/bana-ne-boptan-borandanbana-ne-arz-i-mevudun-sinirlarindan\/","title":{"rendered":"BANA NE BOP\u2019TAN BORANDAN, BANA NE ARZ-I MEVUD\u2019UN SINIRLARINDAN"},"content":{"rendered":"\n<p><strong>Emin Batur<\/strong><\/p>\n\n\n\n<p>Aram\u0131zda<br>Olaylar\u0131 y\u00fcz y\u0131l geriden takip edenler var.<br>Pasif, pesimist, edilgen bir ruh haline sahip bu arkada\u015flar y\u00fcz y\u0131l \u00f6nceki gibi;<br>\u201cRuslar \u015f\u00f6yle b\u00f6yle yapacak<br>\u0130ngiliz ve Frans\u0131zlar \u015funu bunu d\u00fc\u015f\u00fcn\u00fcyor vs. gibi \u015feyler yaz\u0131p \u00e7iziyorlar.<\/p>\n\n\n\n<p><strong>B\u0130Z\u0130M EL\u0130M\u0130Z ARMUT MU TOPLUYOR?<\/strong><br>Bir k\u0131sm\u0131 ise i\u015fi biraz daha ileri g\u00f6t\u00fcrerek;<br>Cumhurba\u015fkan\u0131m\u0131z\u0131 da bu plan\u0131n bir par\u00e7as\u0131 imi\u015f gibi g\u00f6stermeye \u00e7al\u0131\u015f\u0131yor.<br>BOP e\u015f genel ba\u015fkanl\u0131\u011f\u0131n\u0131 diline dolayarak gavura hizmet etti\u011fini ima ediyor.<br>Bir ba\u015fkas\u0131,<br>Elinde \u0130srail\u2019in Arz-\u0131 Mev\u2019ud haritas\u0131 ahk\u00e2m kesiyor.<\/p>\n\n\n\n<p>Biraz sadede gelelim.<br>D\u00fc\u015fmanlar\u0131m\u0131z\u0131n elinde planlar var m\u0131? Var!<br>Bug\u00fcn de var.. y\u00fcz y\u0131l \u00f6nce de vard\u0131.. bin y\u0131l \u00f6nce de\u2026<br>Ama bu planlar\u0131n<br>Bug\u00fcne kadar hangisi ger\u00e7ekle\u015fti de yar\u0131n ger\u00e7ekle\u015fmi\u015f olsun.<br>D\u00fcn t\u00fcm Avrupa.. Ha\u00e7l\u0131lar olarak \u00fcst\u00fcm\u00fcze geldi\u011finde netice alabildiler mi? Hay\u0131r!<br>Kald\u0131 ki,<br>Bug\u00fcn Avrupa\u2019n\u0131n parampar\u00e7a olmas\u0131 bir yana siyasi ve ekonomik olarak ayakta duracak hali yok.<br>Keza Rusya da \u00f6yle\u2026<br>D\u00fcnk\u00fc kendi topra\u011f\u0131 Ukrayna ile ba\u015f edemiyor da K. Kore\u2019den asker ithal etmek zorunda kald\u0131. \u015eu anda Rusya ba\u015f\u0131n\u0131n \u00e7aresine bak\u0131yor.<br>Bunlar\u0131 s\u00f6ylerken Ruslar olsun di\u011fer gavurlar olsun planlar\u0131ndan vazge\u00e7ti\u011fini s\u00f6ylemiyorum<br>Ancak<br>Bizim de planlar\u0131m\u0131z var.. Allah\u2019\u0131n da cc planlar\u0131 var.<\/p>\n\n\n\n<p>Ama diyelim ki,<br>T\u00fcm gavurlar birle\u015fti ve Arz-\u0131 Mevud\u2019u ger\u00e7ekle\u015ftirmek \u00fczere y\u00fczy\u0131l \u00f6nceki gibi \u00fcst\u00fcm\u00fcze geldiler.<br>Y\u00fczy\u0131l \u00f6nce netice alabildiler mi? Hay\u0131r!<br>\u00c7anakkale\u2019de havalar\u0131n\u0131 al\u0131p gitmediler mi?<br>\u00dcstelik o g\u00fcnlerde topumuz t\u00fcfe\u011fimiz bile Almanlardan geliyordu. \u015eimdiki gibi insans\u0131z hava u\u00e7a\u011f\u0131 falan \u00fcretimi bir yana.. yokluk i\u00e7inde olup, y\u0131k\u0131l\u0131\u015f vetiresine (s\u00fcrecine) girmi\u015f bulunuyorduk.<br>\u015eimdi ise;<br>Allah\u2019\u0131n izniyle biz y\u00fckseli\u015fte bat\u0131 d\u00fcnyas\u0131 ini\u015fe ge\u00e7mi\u015f durumdad\u0131r<br>Ama velev ki, \u00f6yle olmas\u0131n.<br>D\u00fc\u015fman \u00fcst\u00fcm\u00fcze geldi diyelim. Bizim elimiz armut mu topluyor?<\/p>\n\n\n\n<p><strong>\u0130SRA\u0130L\u2019\u0130N<br>ARZ-I MEVUD\u2019UNA GEL\u0130NCE<\/strong><br>\u0130srail\u2019in Arz-\u0131 Mev\u2019ud safsatas\u0131na gelince\u2026<br>Herkesin kendine g\u00f6re bir \u00fclk\u00fcs\u00fc vard\u0131r.<br>Nas\u0131l ki, bizim;<br>\u0130slam Birle\u015fmi\u015f Devletleri<br>B\u00fcy\u00fck Turan Birli\u011fi.. D-8.. K\u0131z\u0131l Elma vb. gibi \u00fclk\u00fclerimiz varsa<br>Yahudilerin de Arz-\u0131 Mev\u2019ud \u00fclk\u00fcs\u00fc var m\u0131? Var\u2026<br>Ama bizim \u00fclk\u00fclerimizin ger\u00e7ekle\u015fme ihtimali yeri ve zaman\u0131 geldi\u011finde m\u00fcmk\u00fcn olma ihtimali y\u00fcksek.<br>Nitekim D-8\u2019e Azerbaycan dahil oldu. K\u0131sa bir s\u00fcre \u00f6nce de T\u00fcrk Devletler Te\u015fkilat\u0131\u2019n\u0131n Macaristan\u2019daki toplant\u0131s\u0131nda yeni bayra\u011f\u0131n\u0131 kabul etti.<br>Yani olma ihtimali var<br>Ama<br>Yahudilerin ise; bu \u00fclk\u00fcs\u00fcn\u00fcn ger\u00e7ekle\u015fme ihtimali s\u0131f\u0131r. Evet s\u0131f\u0131rd\u0131r!<\/p>\n\n\n\n<p>Zaten<br>4 bin y\u0131ll\u0131k tarihlerinde ka\u00e7 tane Arz- Mev\u2019udlar\u0131 var ki?<br>Kurduklar\u0131 en b\u00fcy\u00fck devlet Karadeniz ile Hazar denizi aras\u0131ndaki Hazar Ka\u011fanl\u0131\u011f\u0131\u2019d\u0131r. Ki onu da Musevilik dinini se\u00e7mi\u015f T\u00fcrkler kurmu\u015ftur. Yahudilik inanc\u0131na g\u00f6re sonradan Yahudi olunmayaca\u011f\u0131na g\u00f6re bu da onlara ait bir devlet say\u0131lmaz.<br>H\u00e2lbuki biz,<br>Ka\u00e7 tane \u0130slam ve T\u00fcrk imparatorluklar kurmu\u015f bir milletiz. Bir avu\u00e7 korkak Yahudi\u2019ye pabu\u00e7 mu b\u0131rakaca\u011f\u0131z?<\/p>\n\n\n\n<p><strong>NEDEN?<\/strong><br>Nedeni \u00e7ok ama her \u015feyden \u00f6nce n\u00fcfuslar\u0131 buna yeterli de\u011fil.<br>\u0130srail\u2019in n\u00fcfusu 10 milyon bile de\u011fil.<br>Bunun 3 milyonu Filistinli\u2026 \u015eu andaki h\u00fckumetleri de koalisyon oldu\u011funa g\u00f6re, Yahudilerin i\u00e7inde bu \u00fclk\u00fcye adanm\u0131\u015f insan say\u0131s\u0131 bir avu\u00e7 fanatik. Di\u011ferleri d\u00fcnyalar\u0131n\u0131 ya\u015fama derdinde.<br>Bu bir avu\u00e7 Yahudi mi Nil nehrinden F\u0131rat\u2019a kadar olan ve i\u00e7inde T\u00fcrkiye, \u0130ran ve M\u0131s\u0131r gibi devletlerin de oldu\u011fu 7-8 \u00fclkelik co\u011frafyay\u0131 kontrol edecek?<br>Daha kendi i\u00e7lerinde olan Filistin\u2019i b\u0131rak\u0131n<br>Bir avu\u00e7 Gazzeli m\u00fccahit ile ba\u015f edemiyorlar da Arz-\u0131 Mevud\u2019u ger\u00e7ekle\u015ftireceklermi\u015f.<\/p>\n\n\n\n<p><strong>\u015eUNU DESELER ANLARIM<\/strong><br>\u201cYahudiler<br>Ellerindeki sermaye ve medya g\u00fcc\u00fc ile d\u00fcnyay\u0131 tehdit ediyor \u00fclkeleri kendine kul k\u00f6le yap\u0131yor.\u201d Deseler, kabul ederim.<br>Bu do\u011fru.. buna itiraz\u0131m yok.<br>Ama \u0130srail\u2019e o kadar g\u00fc\u00e7 vehmetmek.. gelecek de bizi yutacak gibi \u015feyleri kabul etmiyorum.<\/p>\n\n\n\n<p>Bug\u00fcnk\u00fc \u0130srail Arz-\u0131 Mev\u2019ud i\u00e7in de\u011fil,<br>Amerika ve bat\u0131 d\u00fcnyas\u0131n\u0131n pis i\u015flerini deruhte etmek i\u00e7in kurulmu\u015f bir devlettir ki, bug\u00fcn de bu i\u015fleri yap\u0131yor. Vakti zaman\u0131 geldi\u011finde y\u0131k\u0131l\u0131p gidecek olan bir devlettir.<\/p>\n\n\n\n<p><strong>NET\u0130CE-\u0130 KELAM<\/strong><br>Bug\u00fcn Suriye<br>\u00d6zg\u00fcrl\u00fc\u011f\u00fcne kavu\u015fmu\u015f bir \u00fclkedir.<br>61 y\u0131ll\u0131k despot y\u00f6netim defolup gitmi\u015ftir.<br>Zalim rejimin<br>Geride ne kadar b\u00fcy\u00fck ac\u0131lar ve ne kadar b\u00fcy\u00fck bir enkaz b\u0131rakt\u0131\u011f\u0131 g\u00f6zler \u00f6n\u00fcndedir.<br>Suriyeliler bu g\u00fcnleri g\u00f6steren Allah\u2019a cc \u015f\u00fckrediyor.. \u00e7\u0131lg\u0131nlar gibi \u015eam-\u0131 \u015eerif, Halep ve di\u011fer \u015fehirlerde sevin\u00e7 g\u00f6zya\u015flar\u0131 d\u00f6k\u00fcyor kutlamalar yap\u0131yorlar.<\/p>\n\n\n\n<p>H\u00e2lbuki<br>Suriyeli her aile ya bir yak\u0131n\u0131n\u0131 i\u015fkencehanelerde kaybetmi\u015f<br>Veya<br>Muhacir olmu\u015f.. yollarda peri\u015fan olup bir k\u0131sm\u0131 denizin dibini boylarken.. sa\u011f kal\u0131p kurtulanlar merde n\u00e2merde muhta\u00e7 durumu d\u00fc\u015fm\u00fc\u015ft\u00fcr.<br>Buna ra\u011fmen<br>Her ak\u015fam \u015fehrin meydanlar\u0131na \u00e7\u0131k\u0131p kutlama yap\u0131yorlar. Art\u0131k Be\u015f\u015far Esad ve kanl\u0131 Baas rejiminden nas\u0131l bir eziyet g\u00f6rm\u00fc\u015flerse.. bu kadar ac\u0131lar\u0131na ra\u011fmen \u00e7\u0131k\u0131p kutlama yapabiliyorlar.<\/p>\n\n\n\n<p>Her \u015fey bu \u015fekilde apa\u00e7\u0131k \u00e2yan-beyan iken<br>Baz\u0131 arkada\u015flar<br>Yok, BOP plan\u0131 \u015f\u00f6yle olacakm\u0131\u015f da<br>Veya<br>Condoleezza Rice denilen eski ABD d\u0131\u015fi\u015fleri bakan\u0131, y\u0131lan\u0131 suratl\u0131 kad\u0131n 20 \u00fclkenin haritas\u0131 de\u011fi\u015fecek demi\u015fmi\u015fmi\u015f de.. Suriye\u2019de istikrars\u0131zl\u0131k olursa \u015f\u00f6yle olacak b\u00f6yle olacak diyenler var. Sanki \u015fimdiye kadar Suriye\u2019de istikrar varm\u0131\u015f gibi ahk\u00e2m kesiyorlar.<br>Bu arkada\u015flara tavsiyem:<\/p>\n\n\n\n<p><strong>EVET, HAR\u0130TALAR DE\u011e\u0130\u015e\u0130YOR<\/strong><br>Bu arkada\u015flara tavsiyem,<br>Bundan sonra Condoleezza Rice ne dedi de\u011fil,<br>Hakan Fidan ne dedi ona bak\u0131n.<br>Trump.. Putin.. Hameney.. Macron yerine Reis ne diyor T\u00fcrkiye ne diyor ona bak\u0131n!<br>Bu demek de\u011fildir bundan sonra Suriye\u2019de her \u015fey g\u00fcll\u00fck g\u00fclistanl\u0131k olacak.<br>Evet, d\u00fc\u015fmanlar\u0131 Suriye\u2019yi kar\u0131\u015ft\u0131rmak i\u00e7in ellerinden gelenini yapacaklar. Biz de i\u015flerin d\u00fczelmesi i\u00e7in dua edece\u011fiz.<br>Bu arada ba\u015far\u0131lar\u0131 i\u00e7in<br>Yeni Suriye\u2019nin y\u00f6netimi ile \u00dclkemize g\u00fcvenece\u011fiz.<br>Allah<br>Yar ve yard\u0131mc\u0131lar\u0131 olsun.<\/p>\n\n\n\n<p>24.12.2024<br><\/p>\n\n\n\n<p><strong>NOT:<\/strong> Condoleezza Rice haritalar de\u011fi\u015fecek demi\u015fti ya. Evet de\u011fi\u015fti.<br>Bunun i\u00e7in Da\u011fl\u0131k Karaba\u011f\u2019dan girip Libya\u2019dan \u00e7\u0131kacakt\u0131m<br>Ama bundan \u00f6nce;<br>Suriye\u2019nin taraf\u0131m\u0131za ge\u00e7mesi ile Akdeniz\u2019den, Afrika boynuzu Somali, Etiyopya ve K\u0131br\u0131s dahil t\u00fcm Kuzey Afrika, Arap Yar\u0131madas\u0131, Hindistan, Pakistan, \u0130spanya(bizden u\u00e7ak almak i\u00e7in anla\u015fmalar imzaland\u0131) vs. sayamayaca\u011f\u0131m kadar \u00fclkede n\u00fcfuzumuzun ne kadar artt\u0131\u011f\u0131n\u0131, bu b\u00f6lgede nas\u0131l bir dinamizm kazand\u0131\u011f\u0131m\u0131z\u0131 anlatmak gerekiyor. Yaz\u0131 uzad\u0131\u011f\u0131 i\u00e7in bu da ba\u015fka bir sefere in\u015fallah\u2026<\/p>\n","protected":false},"excerpt":{"rendered":"<p>Emin Batur Aram\u0131zdaOlaylar\u0131 y\u00fcz y\u0131l geriden takip edenler var.Pasif, pesimist, edilgen bir ruh haline sahip bu arkada\u015flar y\u00fcz y\u0131l \u00f6nceki gibi;\u201cRuslar \u015f\u00f6yle b\u00f6yle yapacak\u0130ngiliz ve Frans\u0131zlar \u015funu bunu d\u00fc\u015f\u00fcn\u00fcyor vs. gibi \u015feyler yaz\u0131p \u00e7iziyorlar. B\u0130Z\u0130M EL\u0130M\u0130Z ARMUT MU TOPLUYOR?Bir k\u0131sm\u0131 ise i\u015fi biraz daha ileri g\u00f6t\u00fcrerek;Cumhurba\u015fkan\u0131m\u0131z\u0131 da bu plan\u0131n bir par\u00e7as\u0131 imi\u015f gibi g\u00f6stermeye \u00e7al\u0131\u015f\u0131yor.BOP &hellip;<\/p>\n","protected":false},"author":14,"featured_media":51483,"comment_status":"open","ping_status":"open","sticky":false,"template":"","format":"standard","meta":{"om_disable_all_campaigns":false,"_themeisle_gutenberg_block_has_review":false,"_joinchat":[],"footnotes":""},"categories":[56,38,43],"tags":[],"class_list":["post-51481","post","type-post","status-publish","format-standard","has-post-thumbnail","","category-emin","category-guncel","category-yazarlar"],"_links":{"self":[{"href":"https:\/\/akincilardergisi.com\/tr\/wp-json\/wp\/v2\/posts\/51481","targetHints":{"allow":["GET"]}}],"collection":[{"href":"https:\/\/akincilardergisi.com\/tr\/wp-json\/wp\/v2\/posts"}],"about":[{"href":"https:\/\/akincilardergisi.com\/tr\/wp-json\/wp\/v2\/types\/post"}],"author":[{"embeddable":true,"href":"https:\/\/akincilardergisi.com\/tr\/wp-json\/wp\/v2\/users\/14"}],"replies":[{"embeddable":true,"href":"https:\/\/akincilardergisi.com\/tr\/wp-json\/wp\/v2\/comments?post=51481"}],"version-history":[{"count":0,"href":"https:\/\/akincilardergisi.com\/tr\/wp-json\/wp\/v2\/posts\/51481\/revisions"}],"wp:featuredmedia":[{"embeddable":true,"href":"https:\/\/akincilardergisi.com\/tr\/wp-json\/wp\/v2\/media\/51483"}],"wp:attachment":[{"href":"https:\/\/akincilardergisi.com\/tr\/wp-json\/wp\/v2\/media?parent=51481"}],"wp:term":[{"taxonomy":"category","embeddable":true,"href":"https:\/\/akincilardergisi.com\/tr\/wp-json\/wp\/v2\/categories?post=51481"},{"taxonomy":"post_tag","embeddable":true,"href":"https:\/\/akincilardergisi.com\/tr\/wp-json\/wp\/v2\/tags?post=51481"}],"curies":[{"name":"wp","href":"https:\/\/api.w.org\/{rel}","templated":true}]}}