{"id":51475,"date":"2024-12-23T12:37:01","date_gmt":"2024-12-23T09:37:01","guid":{"rendered":"https:\/\/akincilardergisi.com\/tr\/?p=51475"},"modified":"2024-12-23T12:41:40","modified_gmt":"2024-12-23T09:41:40","slug":"suriyede-mesruiyet-tabani","status":"publish","type":"post","link":"https:\/\/akincilardergisi.com\/tr\/suriyede-mesruiyet-tabani\/","title":{"rendered":"&#8220;SUR\u0130YEDE ME\u015eRU\u0130YET TABANI &#8220;"},"content":{"rendered":"\n<p>Milli \u0130stihbarat Akademisi (M\u0130A) Ba\u015fkan Yard\u0131mc\u0131s\u0131 Do\u00e7. Dr. Yenal G\u00f6ksun, AA muhabirine Suriye&#8217;deki son duruma ili\u015fkin a\u00e7\u0131klamalarda bulundu.<\/p>\n\n\n\n<p>Suriye&#8217;deki muhalif gruplar i\u00e7erisinde &#8220;radikal&#8221; gruplar\u0131n da bulundu\u011funa dair iddialara ili\u015fkin de\u011ferlendirmelerde bulunan G\u00f6ksun, &#8220;Muhalif gruplar aras\u0131nda radikallerin oldu\u011funa ili\u015fkin yarg\u0131lar\u0131n biz daha \u00e7ok Bat\u0131 medyas\u0131n\u0131 ve Bat\u0131 siyasal s\u00f6yleminin Suriye krizini ta en ba\u015f\u0131ndan beri destekleyen a\u00e7\u0131klamalar\u0131ndan g\u00f6r\u00fcyoruz. O y\u00fczden bu radikal unsurlar s\u00f6ylemlerine biraz daha temkinli yakla\u015fmak gerekti\u011fini d\u00fc\u015f\u00fcn\u00fcyorum.&#8221; <\/p>\n\n\n\n<p>M\u0130A Ba\u015fkan Yard\u0131mc\u0131s\u0131 Do\u00e7. Dr. G\u00f6ksun, Suriye&#8217;de yeni bir sayfa a\u00e7\u0131ld\u0131\u011f\u0131n\u0131 ve bunun Suriye tarihindeki ilk sayfa olmad\u0131\u011f\u0131n\u0131 vurgulayarak, \u015fu de\u011ferlendirmede bulundu:<\/p>\n\n\n\n<p>&#8220;Suriye halk\u0131n\u0131n bu yeni a\u00e7t\u0131\u011f\u0131 sayfa Suriye&#8217;nin toprak b\u00fct\u00fcnl\u00fc\u011f\u00fcn\u00fc temin etmek ve Suriye halk\u0131n\u0131n tek bir devlet \u00e7at\u0131s\u0131 alt\u0131nda ya\u015famas\u0131n\u0131 ama\u00e7lad\u0131\u011f\u0131n\u0131 g\u00f6steriyor. Bu yeni a\u00e7\u0131lan sayfan\u0131n yaratt\u0131\u011f\u0131 r\u00fczgarda SDG\/YPG\/PKK gibi ter\u00f6r olu\u015fumlar\u0131n\u0131n me\u015fruiyet kaynaklar\u0131n\u0131n ortadan kalkt\u0131\u011f\u0131n\u0131 g\u00f6r\u00fcyoruz. \u00c7\u00fcnk\u00fc biraz da Bat\u0131 s\u00f6yleminin desteklemesiyle ter\u00f6r \u00f6rg\u00fct\u00fc PKK\/YPG orada DAE\u015e ter\u00f6r \u00f6rg\u00fct\u00fcne kar\u015f\u0131 m\u00fccadelenin asli unsuru olarak \u00f6ne s\u00fcr\u00fclm\u00fc\u015ft\u00fc, bu yolla me\u015fruiyet kazanm\u0131\u015ft\u0131 ve orada askeri, ekonomik ve di\u011fer idari yap\u0131lanmalar \u00e7er\u00e7evesinde kurumsalla\u015fma \u00e7abalar\u0131na gitmi\u015fti. \u015eimdi bu me\u015fruiyet taban\u0131 aya\u011f\u0131n\u0131n alt\u0131ndan \u00e7ekilmi\u015f oldu.&#8221;<\/p>\n\n\n\n<figure class=\"wp-block-image\"><img decoding=\"async\" src=\"https:\/\/imgz.star.com.tr\/imgsdisk\/2024\/12\/22\/36557422.jpg\" alt=\"\" \/><\/figure>\n\n\n\n<p>Bat\u0131&#8217;n\u0131n, ter\u00f6r \u00f6rg\u00fct\u00fc PKK\/YPG&#8217;nin, &#8220;Suriye&#8217;de DEA\u015e ile m\u00fccadele etti\u011fine&#8221; ili\u015fkin me\u015fruiyet zemini olu\u015fturma \u00e7abalar\u0131n\u0131n anlams\u0131z kald\u0131\u011f\u0131na ve bu durumun sadece Bat\u0131 de\u011fil, Suriye i\u00e7erisinde de kar\u015f\u0131l\u0131k bulmad\u0131\u011f\u0131na dikkati \u00e7eken G\u00f6ksun, &#8220;Yeni kurulan h\u00fck\u00fcmet daha geni\u015f bir mutabakata hitap ediyor. Suriye halk\u0131n\u0131n daha geni\u015f bir kesimini kapsayan, onlar\u0131 da y\u00f6netimin bir par\u00e7as\u0131 haline getiren bir y\u00f6netim \u00f6neriyor. Dolay\u0131s\u0131yla b\u00f6yle bir siyasal ortamda zaten SDG&#8217;nin (ter\u00f6r \u00f6rg\u00fct\u00fc YPG\/PKK) dayand\u0131\u011f\u0131 siyasal me\u015fruiyet ayaklar\u0131 da k\u0131r\u0131lm\u0131\u015f oluyor.&#8221; dedi.<\/p>\n\n\n\n<p>G\u00f6ksun, ter\u00f6r \u00f6rg\u00fct\u00fc PKK\/YPG\/SDG&#8217;nin art\u0131k sadece d\u0131\u015f yard\u0131mlar \u00fczerine kurgulanm\u0131\u015f, Bat\u0131 taraf\u0131ndan \u00f6ne s\u00fcr\u00fclen me\u015fruiyet zeminini yitirmi\u015f ve s\u00fcrd\u00fcr\u00fclebilir olmayan silahl\u0131 bir yap\u0131lanmaya d\u00f6n\u00fc\u015ft\u00fc\u011f\u00fcne dikkati \u00e7ekerek, &#8220;Hem yeni Suriye y\u00f6netimi hem de T\u00fcrkiye&#8217;nin resmi kurumlar\u0131 taraf\u0131ndan yap\u0131lan a\u00e7\u0131klamalarda F\u0131rat&#8217;\u0131n do\u011fusunda da art\u0131k b\u00f6yle bir olu\u015fumun istenmedi\u011fi \u00e7ok net bir \u015fekilde ortaya konuldu. Dolay\u0131s\u0131yla bu s\u00fcre\u00e7 \u00e7ok b\u00fcy\u00fck ihtimalle kan d\u00f6k\u00fclmeden m\u00fczakere yoluyla, silahlar\u0131n b\u0131rak\u0131lmas\u0131 yoluyla ve o topraklar\u0131n yine Suriye halk\u0131na, burada K\u00fcrt, S\u00fcnni, Arap, T\u00fcrkmen ay\u0131rmadan s\u00f6yl\u00fcyoruz bunu, Suriye halk\u0131na yani esas sahiplerine geri verilmesiyle neticelenece\u011fini s\u00f6yleyebiliriz.&#8221; ifadelerini kulland\u0131.<\/p>\n\n\n\n<p>Suriye&#8217;deki yeni y\u00f6netimin de T\u00fcrkiye&#8217;nin de F\u0131rat&#8217;\u0131n do\u011fusunda bir &#8220;ter\u00f6r varl\u0131\u011f\u0131&#8221; olmamas\u0131na ili\u015fkin ortak a\u00e7\u0131klamalarda bulundu\u011funu hat\u0131rlatan G\u00f6ksun, ter\u00f6r \u00f6rg\u00fct\u00fc YPG\/PKK\/SDG&#8217;nin silah b\u0131rakmamas\u0131 halinde bir askeri operasyonun da ger\u00e7ekle\u015fme ihtimalinin bulundu\u011funu dile getirdi.<\/p>\n","protected":false},"excerpt":{"rendered":"<p>Milli \u0130stihbarat Akademisi (M\u0130A) Ba\u015fkan Yard\u0131mc\u0131s\u0131 Do\u00e7. Dr. Yenal G\u00f6ksun, AA muhabirine Suriye&#8217;deki son duruma ili\u015fkin a\u00e7\u0131klamalarda bulundu. Suriye&#8217;deki muhalif gruplar i\u00e7erisinde &#8220;radikal&#8221; gruplar\u0131n da bulundu\u011funa dair iddialara ili\u015fkin de\u011ferlendirmelerde bulunan G\u00f6ksun, &#8220;Muhalif gruplar aras\u0131nda radikallerin oldu\u011funa ili\u015fkin yarg\u0131lar\u0131n biz daha \u00e7ok Bat\u0131 medyas\u0131n\u0131 ve Bat\u0131 siyasal s\u00f6yleminin Suriye krizini ta en ba\u015f\u0131ndan beri destekleyen &hellip;<\/p>\n","protected":false},"author":31,"featured_media":51476,"comment_status":"open","ping_status":"open","sticky":false,"template":"","format":"standard","meta":{"om_disable_all_campaigns":false,"_themeisle_gutenberg_block_has_review":false,"_joinchat":[],"footnotes":""},"categories":[38,47],"tags":[],"class_list":["post-51475","post","type-post","status-publish","format-standard","has-post-thumbnail","","category-guncel","category-haberler"],"_links":{"self":[{"href":"https:\/\/akincilardergisi.com\/tr\/wp-json\/wp\/v2\/posts\/51475","targetHints":{"allow":["GET"]}}],"collection":[{"href":"https:\/\/akincilardergisi.com\/tr\/wp-json\/wp\/v2\/posts"}],"about":[{"href":"https:\/\/akincilardergisi.com\/tr\/wp-json\/wp\/v2\/types\/post"}],"author":[{"embeddable":true,"href":"https:\/\/akincilardergisi.com\/tr\/wp-json\/wp\/v2\/users\/31"}],"replies":[{"embeddable":true,"href":"https:\/\/akincilardergisi.com\/tr\/wp-json\/wp\/v2\/comments?post=51475"}],"version-history":[{"count":0,"href":"https:\/\/akincilardergisi.com\/tr\/wp-json\/wp\/v2\/posts\/51475\/revisions"}],"wp:featuredmedia":[{"embeddable":true,"href":"https:\/\/akincilardergisi.com\/tr\/wp-json\/wp\/v2\/media\/51476"}],"wp:attachment":[{"href":"https:\/\/akincilardergisi.com\/tr\/wp-json\/wp\/v2\/media?parent=51475"}],"wp:term":[{"taxonomy":"category","embeddable":true,"href":"https:\/\/akincilardergisi.com\/tr\/wp-json\/wp\/v2\/categories?post=51475"},{"taxonomy":"post_tag","embeddable":true,"href":"https:\/\/akincilardergisi.com\/tr\/wp-json\/wp\/v2\/tags?post=51475"}],"curies":[{"name":"wp","href":"https:\/\/api.w.org\/{rel}","templated":true}]}}