{"id":51405,"date":"2024-12-06T10:15:50","date_gmt":"2024-12-06T07:15:50","guid":{"rendered":"https:\/\/akincilardergisi.com\/tr\/?p=51405"},"modified":"2024-12-06T10:24:56","modified_gmt":"2024-12-06T07:24:56","slug":"turkiye-nerede-olacakti","status":"publish","type":"post","link":"https:\/\/akincilardergisi.com\/tr\/turkiye-nerede-olacakti\/","title":{"rendered":"T\u00dcRK\u0130YE NEREDE OLACAKTI ?"},"content":{"rendered":"\n<p><strong>Ayd\u0131n Ayd\u0131n<\/strong><\/p>\n\n\n\n<p>Lozan da b\u00fct\u00fcn d\u00fczen, &#8220;T\u00fcrkiye diye bir devlet,&nbsp; co\u011frafyada, evet, olacak ama bu devlet hep co\u011frafyan\u0131n d\u0131\u015f\u0131nda ve sanki \u00e7ok uza\u011f\u0131nda imi\u015f gibi duracak. Yani co\u011frafyada ne edersek edelim ve ne olursa olsun, T\u00fcrkiye bunlara&nbsp; kesinlikle d\u00f6n\u00fcp de bakmayacak bile&#8221; kuruldu.<\/p>\n\n\n\n<p>B\u00fct\u00fcn d\u00fczen buna g\u00f6re kuruldu.<\/p>\n\n\n\n<p>Y\u00fcz y\u0131la yak\u0131n s\u00fcredir de bu d\u00fczen buna g\u00f6re y\u00fcr\u00fcd\u00fc&nbsp;<\/p>\n\n\n\n<p>\u0130srail b\u00f6yle kuruldu.<\/p>\n\n\n\n<p>Bin y\u0131ll\u0131k \u0130slam yurdu L\u00fcbnan&#8217;da bir H\u0131ristiyan devleti b\u00f6yle kuruldu.<\/p>\n\n\n\n<p>Hz Muaviye zaman\u0131ndan beri \u0130slam&#8217;\u0131n kurucu ve kurtar\u0131c\u0131 g\u00fcc\u00fc olan &#8220;\u015eam ehli&#8221; Nusayri bir az\u0131nl\u0131\u011f\u0131n tahakk\u00fcm\u00fc alt\u0131na sokuldu.<\/p>\n\n\n\n<p>Hacc emini ve emiri olarak g\u00f6rev yapan Suudi Arabistan bile ha\u00e7l\u0131 i\u015fgaline u\u011frad\u0131.<\/p>\n\n\n\n<p>Ve T\u00fcrkiye bunlar\u0131n hi\u00e7 birisine d\u00f6n\u00fcp bakmad\u0131.<\/p>\n\n\n\n<p>Bakamad\u0131 bile&#8230;<\/p>\n\n\n\n<p>\u015eimdi&#8230;. Bak\u0131yor.<\/p>\n\n\n\n<p>Co\u011frafyada olup biten her \u015fey ve T\u00fcrkiye&#8217;deki devlet kar\u015f\u0131t\u0131 t\u00fcm ak\u0131m ve pisliklerin aya\u011fa kalkmas\u0131n\u0131n sebebi de T\u00fcrkiye&#8217;nin Lozan da dayat\u0131lan mecburiyetleri bir bak\u0131ma art\u0131k takmam\u0131\u015f ve takm\u0131yor olu\u015fudur.<\/p>\n\n\n\n<p>Efendim T\u00fcrkiye bug\u00fcnk\u00fc hali ile \u0130srail&#8217;e \u00e7al\u0131\u015f\u0131yor imi\u015f&#8230; Vay vay vay&#8230; \u0130srail&#8217;i bir muktedir g\u00fc\u00e7 sanan avanakl\u0131k zirvesi &#8230;<\/p>\n\n\n\n<p>H\u00e2lbuki&#8230;<\/p>\n\n\n\n<p>T\u00fcrkiye \u0130srail ile kom\u015fu olmadan \u0130srail&#8217;in toprak geni\u015flemesi durmaz ve durdurulamaz.<\/p>\n\n\n\n<p>T\u00fcrkiye Suriye ve L\u00fcbnan istikametine do\u011fru mutlaka ve mutlaka gitmelidir.<\/p>\n\n\n\n<p>\u00a0Yoksa bug\u00fcn Golan yar\u0131n \u015eam sonra Beyrut sonra T\u00fcrkmen da\u011f\u0131 \u0130srail topra\u011f\u0131 olur ve bizim bat\u0131c\u0131 ve natocu kafalar, \u0130srail bir Avrupa devleti imi\u015f gibi, g\u00fcneyden Avrupa ile kom\u015fu olduk diye milleti bayram ettirmeye kalkar.<\/p>\n\n\n\n<p>Evet biz \u0130srail ile illa kom\u015fu olmal\u0131y\u0131z ama&#8230; Bu kom\u015fuluk T\u00fcrkiye&#8217;nin bug\u00fcnk\u00fc s\u0131n\u0131rlar\u0131nda ve \u0130srail&#8217;in bu s\u0131n\u0131rlara dayanm\u0131\u015f olmas\u0131 \u015feklinde degil&#8230;<\/p>\n\n\n\n<p>Biz \u0130srail ile Kud\u00fcs \u00f6n\u00fcnde kom\u015fu olmal\u0131y\u0131z.&nbsp;<\/p>\n\n\n\n<p>Yani T\u00fcrkiye&#8217;nin s\u0131n\u0131rlar\u0131, Suriye ve L\u00fcbnan&#8217;\u0131 da i\u00e7ine alarak Kud\u00fcs kap\u0131s\u0131na uzanmal\u0131 ve biz \u0130srail ile bu \u015fekilde kom\u015fu olmal\u0131y\u0131z.<\/p>\n\n\n\n<p>Kud\u00fcs&#8217;\u00fcn tapusu zaten bizde. \u0130srail&#8217;i \u015fimdiye kadar yerle\u015fti\u011fi her kar\u0131\u015f topraktan, topra\u011f\u0131n sahipleri geldi diyerek kovmal\u0131y\u0131z.<\/p>\n\n\n\n<p>Bunun ba\u015fka yolu da yok.<\/p>\n\n\n\n<p>T\u00fcrkiye g\u00fcneye&#8230; T\u00fcrkiye&#8217;nin yolu Kabe&#8217;ye olmal\u0131d\u0131r.<\/p>\n\n\n\n<p>T\u00fcrkiye&#8217;nin yolu Yemen&#8217;e. ..<\/p>\n\n\n\n<p>Ad\u0131 Yemendir<\/p>\n\n\n\n<p>Suyu \u00e7emendir<\/p>\n\n\n\n<p>Giden gelmiyor<\/p>\n\n\n\n<p>\u00c7\u00fcnk\u00fc gelendir.<\/p>\n","protected":false},"excerpt":{"rendered":"<p>Ayd\u0131n Ayd\u0131n Lozan da b\u00fct\u00fcn d\u00fczen, &#8220;T\u00fcrkiye diye bir devlet,&nbsp; co\u011frafyada, evet, olacak ama bu devlet hep co\u011frafyan\u0131n d\u0131\u015f\u0131nda ve sanki \u00e7ok uza\u011f\u0131nda imi\u015f gibi duracak. Yani co\u011frafyada ne edersek edelim ve ne olursa olsun, T\u00fcrkiye bunlara&nbsp; kesinlikle d\u00f6n\u00fcp de bakmayacak bile&#8221; kuruldu. B\u00fct\u00fcn d\u00fczen buna g\u00f6re kuruldu. Y\u00fcz y\u0131la yak\u0131n s\u00fcredir de bu d\u00fczen &hellip;<\/p>\n","protected":false},"author":17,"featured_media":51407,"comment_status":"open","ping_status":"open","sticky":false,"template":"","format":"standard","meta":{"om_disable_all_campaigns":false,"_themeisle_gutenberg_block_has_review":false,"_joinchat":[],"footnotes":""},"categories":[53,38,43],"tags":[],"class_list":["post-51405","post","type-post","status-publish","format-standard","has-post-thumbnail","","category-aydin","category-guncel","category-yazarlar"],"_links":{"self":[{"href":"https:\/\/akincilardergisi.com\/tr\/wp-json\/wp\/v2\/posts\/51405","targetHints":{"allow":["GET"]}}],"collection":[{"href":"https:\/\/akincilardergisi.com\/tr\/wp-json\/wp\/v2\/posts"}],"about":[{"href":"https:\/\/akincilardergisi.com\/tr\/wp-json\/wp\/v2\/types\/post"}],"author":[{"embeddable":true,"href":"https:\/\/akincilardergisi.com\/tr\/wp-json\/wp\/v2\/users\/17"}],"replies":[{"embeddable":true,"href":"https:\/\/akincilardergisi.com\/tr\/wp-json\/wp\/v2\/comments?post=51405"}],"version-history":[{"count":0,"href":"https:\/\/akincilardergisi.com\/tr\/wp-json\/wp\/v2\/posts\/51405\/revisions"}],"wp:featuredmedia":[{"embeddable":true,"href":"https:\/\/akincilardergisi.com\/tr\/wp-json\/wp\/v2\/media\/51407"}],"wp:attachment":[{"href":"https:\/\/akincilardergisi.com\/tr\/wp-json\/wp\/v2\/media?parent=51405"}],"wp:term":[{"taxonomy":"category","embeddable":true,"href":"https:\/\/akincilardergisi.com\/tr\/wp-json\/wp\/v2\/categories?post=51405"},{"taxonomy":"post_tag","embeddable":true,"href":"https:\/\/akincilardergisi.com\/tr\/wp-json\/wp\/v2\/tags?post=51405"}],"curies":[{"name":"wp","href":"https:\/\/api.w.org\/{rel}","templated":true}]}}