{"id":51266,"date":"2024-11-07T13:33:00","date_gmt":"2024-11-07T10:33:00","guid":{"rendered":"https:\/\/akincilardergisi.com\/tr\/?p=51266"},"modified":"2024-11-07T13:40:34","modified_gmt":"2024-11-07T10:40:34","slug":"turk-dunyasinin-yeni-bayragi","status":"publish","type":"post","link":"https:\/\/akincilardergisi.com\/tr\/turk-dunyasinin-yeni-bayragi\/","title":{"rendered":"T\u00fcrk D\u00fcnyas\u0131&#8217;n\u0131n yeni bayra\u011f\u0131"},"content":{"rendered":"\n<h2 class=\"wp-block-heading\">Ortak tarih, ortak edebiyat, ortak k\u00fclt\u00fcr&#8230; T\u00fcrk Devletleri Te\u015fkilat\u0131 (TDT) ile milletimiz ve karde\u015f milletlerin g\u00fcc\u00fcn\u00fc artt\u0131racak.  Te\u015fkilat\u0131n bayra\u011f\u0131 T\u00fcrk liderlerin onay\u0131 ile de\u011fi\u015ftirildi. <\/h2>\n\n\n\n<h2 class=\"wp-block-heading\">Bayra\u011f\u0131n \u00e7er\u00e7evesi 8 devleti temsilen Sel\u00e7uklu Y\u0131ld\u0131z\u0131 ile tamamland\u0131. <\/h2>\n\n\n\n<p><a href=\"https:\/\/www.trthaber.com\/dosya-haber\/ayse-simsek-99\/\" target=\"_blank\" rel=\"noreferrer noopener\"><\/a><\/p>\n\n\n\n<figure class=\"wp-block-image is-resized\"><img loading=\"lazy\" decoding=\"async\" src=\"https:\/\/trthaberstatic.cdn.wp.trt.com.tr\/resimler\/2300000\/turk-devletleri-teskilati-2300608.jpg\" alt=\"T\u00fcrk D\u00fcnyas\u0131'n\u0131n yeni bayra\u011f\u0131: T\u00fcrk k\u00fclt\u00fcr g\u00fcc\u00fc\" style=\"width:430px;height:242px\" width=\"430\" height=\"242\" \/><\/figure>\n\n\n\n<p>D\u00fcnyan\u0131n y\u00fckselen g\u00fcc\u00fc T\u00fcrk Devletleri Te\u015fkilat\u0131 (TDT), g\u00fcc\u00fcn\u00fc ve birlikteli\u011fini her ge\u00e7en g\u00fcn biraz daha art\u0131r\u0131yor.<\/p>\n\n\n\n<p>11. Zirvesi K\u0131rg\u0131zistan&#8217;\u0131n ba\u015fkenti Bi\u015fkek&#8217;te d\u00fczenlenen  T\u00fcrk Devletleri Te\u015fkilat\u0131 Devlet Ba\u015fkanlar\u0131 Konseyi Zirvesinde al\u0131nan kararlar T\u00fcrk d\u00fcnyas\u0131n\u0131 heyecanland\u0131rd\u0131.<\/p>\n\n\n\n<p>Te\u015fkilat\u0131&#8217;n\u0131n bayra\u011f\u0131nda de\u011fi\u015fikli\u011fe gidildi. Bayrak, Cumhurba\u015fkan\u0131 Recep Tayyip Erdo\u011fan, Azerbaycan Cumhurba\u015fkan\u0131 \u0130lham Aliyev, Kazakistan Cumhurba\u015fkan\u0131 Kas\u0131m C\u00f6mert Tokayev, K\u0131rg\u0131zistan Cumhurba\u015fkan\u0131 Sad\u0131r Caparov&nbsp; ve \u00d6zbekistan Cumhurba\u015fkan\u0131 \u015eevket Mirziyoyev taraf\u0131ndan onayland\u0131.<\/p>\n\n\n\n<h2 class=\"wp-block-heading\">1- Sel\u00e7uklu y\u0131ld\u0131z\u0131; Ortak k\u00fclt\u00fcr, ortak miras ve ortak tarihi simgeliyor.<\/h2>\n\n\n\n<p>Bayrakta T\u00fcrk d\u00fcnyas\u0131n\u0131n k\u00fclt\u00fcrel miras\u0131 yans\u0131t\u0131ld\u0131. T\u00fcrk \u0130slam gelene\u011fine vurgu yap\u0131lan yeni bayrak, sekiz k\u00f6\u015feli y\u0131ld\u0131zdan olu\u015fuyor. Sekiz k\u00f6\u015feli y\u0131ld\u0131z ayn\u0131 zaman da Sel\u00e7uklu y\u0131ld\u0131z\u0131 olarak da ifade ediliyor.<\/p>\n\n\n\n<p>Bayra\u011f\u0131n tasar\u0131m\u0131nda sekizgen, hilal ve y\u0131ld\u0131z ile turkuaz mavisi bir zemin \u00fczerinde, e\u015fit da\u011f\u0131lan d\u00fcz \u0131\u015f\u0131nlara sahip bir g\u00fcne\u015f yer ald\u0131. Bayra\u011fa eklenen sekizgen; y\u00fczy\u0131llard\u0131r s\u00fcregelen T\u00fcrk devlet yap\u0131s\u0131n\u0131 temsil ediyor.<\/p>\n\n\n\n<h2 class=\"wp-block-heading\">2- T\u00fcrk k\u00fclt\u00fcr\u00fcn\u00fcn g\u00fcc\u00fcn\u00fc, bilgeli\u011fini ve sonsuzlu\u011fu temsil ediyor<\/h2>\n\n\n\n<p>Sekizgen ayn\u0131 zamanda, cumhuriyetin onaylanmas\u0131n\u0131n, istikrar\u0131n, birbirine ba\u011fl\u0131l\u0131\u011f\u0131n ve ortak T\u00fcrk k\u00fclt\u00fcrel miras\u0131ndan gelen g\u00fcc\u00fcn i\u015faretini simgeliyor.<\/p>\n\n\n\n<p>H\u00fcrriyet, istikrar, dayan\u0131\u015fma ve ortak k\u00fclt\u00fcrel mirastan gelen g\u00fc\u00e7 gibi de\u011ferler bu bayrakta temsil ediliyor. T\u00fcrk ve \u0130slam geleneklerinde sekizgen, rehberlik ve bilgeli\u011fin simgesi olarak kabul ediliyor.<\/p>\n\n\n\n<p>Sekiz k\u00f6\u015feli y\u0131ld\u0131z motifi Karahanl\u0131lar d\u00f6neminde ba\u015flay\u0131p Sel\u00e7uklularda devam eden<br>s\u00fcre\u00e7te g\u00fcn\u00fcm\u00fcze kadar ula\u015fmaktad\u0131r.<\/p>\n\n\n\n<figure class=\"wp-block-image\"><img decoding=\"async\" src=\"https:\/\/www.trthaber.com\/dosyalar\/images\/Tu%CC%88rk%20Devletleri%20Tes%CC%A7kilat%C4%B1%E2%80%99n%C4%B1n%20bayrag%CC%86%C4%B1%20deg%CC%86is%CC%A7ti.jpg\" alt=\"T\u00fcrk D\u00fcnyas\u0131'n\u0131n yeni bayra\u011f\u0131: T\u00fcrk k\u00fclt\u00fcr g\u00fcc\u00fc\" \/><\/figure>\n\n\n\n<h2 class=\"wp-block-heading\">3- Mutluluk ve bereket<\/h2>\n\n\n\n<p>Motifler tek tek ya da ge\u00e7meli olarak veya yan yana ya da \u00fcst \u00fcste gelecek \u015fekilde yerle\u015ftirilebiliyor. \u0130slam\u2019\u0131n geleneksel inanc\u0131nda, yedi cehenneme kar\u015f\u0131l\u0131k sekiz cennet kap\u0131s\u0131 vard\u0131r. Bu Allah\u2019\u0131n merhametinin azab\u0131ndan b\u00fcy\u00fck oldu\u011funu ifade ediyor.<\/p>\n\n\n\n<p>Sekiz k\u00f6\u015feli y\u0131ld\u0131z motifi cennet kavram\u0131na at\u0131fta bulunuyor. Bu motif mutluluk ve bereketi simgeliyor. Sekiz say\u0131s\u0131, azim, cesaret, kendine g\u00fcven ve ba\u015far\u0131y\u0131 ifade eder ayn\u0131 zamanda sonsuzluk anlam\u0131na geliyor. Bu y\u0131ld\u0131z\u0131n sekiz farkl\u0131 k\u00f6\u015fesi, merhamet, \u015fefkat, sab\u0131r, s\u0131r tutma, c\u00f6mertlik, sadakat, \u015f\u00fckretmek ve do\u011frulu\u011fu temsil ediyor.4- Osmanl\u0131 devlet armas\u0131nda yer al\u0131yordu ve II. Abd\u00fclhamid&#8217;in tu\u011fras\u0131yd\u0131<\/p>\n\n\n\n<p>Seki k\u00f6\u015feli y\u0131ld\u0131z, Sel\u00e7uklu devletinde k\u00fclt\u00fcr ve sanat\u0131n temsili.<\/p>\n\n\n\n<p>Sembol\u00fcn bulundu\u011fu baz\u0131 yerler; Osmanl\u0131 devlet armas\u0131, T.C. Emniyet Genel M\u00fcd\u00fcrl\u00fc\u011f\u00fc armas\u0131, Osmanl\u0131 bayra\u011f\u0131, Azerbaycan Devleti bayra\u011f\u0131, T\u00fcrkmenistan devlet armas\u0131, II. Abd\u00fclhamid&#8217;in tu\u011fras\u0131.<\/p>\n\n\n\n<h2 class=\"wp-block-heading\">4- Mavi, T\u00fcrk milletini; hilal ve y\u0131ld\u0131z T\u00fcrk devlet\u00e7ili\u011fini temsil ediyor.<\/h2>\n\n\n\n<p>T\u00fcrkmenistan, Azerbaycan, Kazakistan ve T\u00fcrkiye gibi \u00fclkelerde bu \u015fekilde kullan\u0131m\u0131 \u00e7ok fazla bulunuyor ve T\u00fcrk gelene\u011finin miras\u0131 olarak kabul ediliyor.<\/p>\n\n\n\n<p>Yeni bayrakta, eski bayraktan kalan k\u0131rk \u0131\u015f\u0131n, ay y\u0131ld\u0131z ve mavi arka plan korunmu\u015ftur. Mavi zemin, g\u00f6ky\u00fcz\u00fc kadar berrak bir bar\u0131\u015f\u0131 ve refah\u0131 ifade ediyor. Tek renkli zemin, T\u00fcrk milletinin birli\u011fini sembolize ederken, mavi renk tarihsel olarak T\u00fcrk k\u00fclt\u00fcr\u00fcyle \u00f6zde\u015fle\u015ftiriliyor.<\/p>\n\n\n\n<p>T\u00fcrk d\u00fcnyas\u0131n\u0131n tan\u0131d\u0131\u011f\u0131 hilal ve y\u0131ld\u0131z, T\u00fcrk devlet\u00e7ili\u011fini, b\u00fcy\u00fcmeyi, gelece\u011fe dair umutlar\u0131 ve ilerlemeyi temsil ediyor. Bu unsurlar, T\u00fcrk devletlerinin k\u00f6kl\u00fc ortak tarihine dayanan Te\u015fkilat\u0131n dinamik ve gelece\u011fe d\u00f6n\u00fck ruhunu yans\u0131t\u0131yor.<\/p>\n\n\n\n<h2 class=\"wp-block-heading\">5- Darphane&#8217;den &#8220;Dilde, fikirde i\u015fte birlik&#8221;<\/h2>\n\n\n\n<p>Cumhurba\u015fkan\u0131 Recep Tayyip Erdo\u011fan, T\u00fcrk d\u00fcnyas\u0131n\u0131n yeti\u015ftirdi\u011fi b\u00fcy\u00fck fikir adam\u0131 \u0130smail Gasp\u0131ral\u0131&#8217;n\u0131n &#8220;dilde, fikirde, i\u015fte birlik&#8221; \u015fiar\u0131na yer verilen hat\u0131ra paray\u0131 liderlere takdim etti.<\/p>\n\n\n\n<h2 class=\"wp-block-heading\">7- Sekiz \u00fclkenin bayra\u011f\u0131 bulunuyor<\/h2>\n\n\n\n<p>T\u00fcrkiye, Kazakistan, \u00d6zbekistan, T\u00fcrkmenistan, KKTC, Macaristan, K\u0131rg\u0131zistan ve Azerbaycan bayraklar\u0131n\u0131n bulundu\u011fu hat\u0131ra parada, &#8220;dilde, fikirde, i\u015fte birlik&#8221; ifadesi yer al\u0131yor.<\/p>\n\n\n\n<figure class=\"wp-block-image\"><img decoding=\"async\" src=\"https:\/\/www.trthaber.com\/dosyalar\/images\/WhatsApp%20Image%202024-11-06%20at%2014_11_01(1).jpeg\" alt=\"T\u00fcrk D\u00fcnyas\u0131'n\u0131n yeni bayra\u011f\u0131: T\u00fcrk k\u00fclt\u00fcr g\u00fcc\u00fc\" \/><\/figure>\n","protected":false},"excerpt":{"rendered":"<p>Ortak tarih, ortak edebiyat, ortak k\u00fclt\u00fcr&#8230; T\u00fcrk Devletleri Te\u015fkilat\u0131 (TDT) ile milletimiz ve karde\u015f milletlerin g\u00fcc\u00fcn\u00fc artt\u0131racak. Te\u015fkilat\u0131n bayra\u011f\u0131 T\u00fcrk liderlerin onay\u0131 ile de\u011fi\u015ftirildi. Bayra\u011f\u0131n \u00e7er\u00e7evesi 8 devleti temsilen Sel\u00e7uklu Y\u0131ld\u0131z\u0131 ile tamamland\u0131. D\u00fcnyan\u0131n y\u00fckselen g\u00fcc\u00fc T\u00fcrk Devletleri Te\u015fkilat\u0131 (TDT), g\u00fcc\u00fcn\u00fc ve birlikteli\u011fini her ge\u00e7en g\u00fcn biraz daha art\u0131r\u0131yor. 11. Zirvesi K\u0131rg\u0131zistan&#8217;\u0131n ba\u015fkenti Bi\u015fkek&#8217;te d\u00fczenlenen &hellip;<\/p>\n","protected":false},"author":31,"featured_media":51267,"comment_status":"open","ping_status":"open","sticky":false,"template":"","format":"standard","meta":{"om_disable_all_campaigns":false,"_themeisle_gutenberg_block_has_review":false,"_joinchat":[],"footnotes":""},"categories":[44,38,47],"tags":[],"class_list":["post-51266","post","type-post","status-publish","format-standard","has-post-thumbnail","","category-egitim","category-guncel","category-haberler"],"_links":{"self":[{"href":"https:\/\/akincilardergisi.com\/tr\/wp-json\/wp\/v2\/posts\/51266","targetHints":{"allow":["GET"]}}],"collection":[{"href":"https:\/\/akincilardergisi.com\/tr\/wp-json\/wp\/v2\/posts"}],"about":[{"href":"https:\/\/akincilardergisi.com\/tr\/wp-json\/wp\/v2\/types\/post"}],"author":[{"embeddable":true,"href":"https:\/\/akincilardergisi.com\/tr\/wp-json\/wp\/v2\/users\/31"}],"replies":[{"embeddable":true,"href":"https:\/\/akincilardergisi.com\/tr\/wp-json\/wp\/v2\/comments?post=51266"}],"version-history":[{"count":0,"href":"https:\/\/akincilardergisi.com\/tr\/wp-json\/wp\/v2\/posts\/51266\/revisions"}],"wp:featuredmedia":[{"embeddable":true,"href":"https:\/\/akincilardergisi.com\/tr\/wp-json\/wp\/v2\/media\/51267"}],"wp:attachment":[{"href":"https:\/\/akincilardergisi.com\/tr\/wp-json\/wp\/v2\/media?parent=51266"}],"wp:term":[{"taxonomy":"category","embeddable":true,"href":"https:\/\/akincilardergisi.com\/tr\/wp-json\/wp\/v2\/categories?post=51266"},{"taxonomy":"post_tag","embeddable":true,"href":"https:\/\/akincilardergisi.com\/tr\/wp-json\/wp\/v2\/tags?post=51266"}],"curies":[{"name":"wp","href":"https:\/\/api.w.org\/{rel}","templated":true}]}}