{"id":51229,"date":"2024-10-31T11:56:49","date_gmt":"2024-10-31T08:56:49","guid":{"rendered":"https:\/\/akincilardergisi.com\/tr\/?p=51229"},"modified":"2024-10-31T12:00:09","modified_gmt":"2024-10-31T09:00:09","slug":"devlet-dusmanligi-nasil-olusuyor","status":"publish","type":"post","link":"https:\/\/akincilardergisi.com\/tr\/devlet-dusmanligi-nasil-olusuyor\/","title":{"rendered":"DEVLET D\u00dc\u015eMANLI\u011eI NASIL OLU\u015eUYOR?"},"content":{"rendered":"\n<p><strong>Ayd\u0131n Ayd\u0131n<\/strong><\/p>\n\n\n\n<p>Cumhurba\u015fkan\u0131m\u0131z millet \u00e7o\u011funlu\u011funun reyi ile Cumhurba\u015fkan\u0131 se\u00e7ildi. Bu bir vak\u0131a ve aksini de kimse iddia edemez.&nbsp;<\/p>\n\n\n\n<p>Fakat&#8230;<\/p>\n\n\n\n<p>\u0130lkokul sekizinci s\u0131n\u0131flar \u00fczerinde bug\u00fcn i\u00e7in bir ara\u015ft\u0131rma yap\u0131lsa;<\/p>\n\n\n\n<p>Bu \u00e7ocuklar\u0131m\u0131z i\u00e7erisinde mevcut Cumhurba\u015fkan\u0131m\u0131z\u0131 seven \u00e7ocuk say\u0131s\u0131 y\u00fczde onu kesinlikle ge\u00e7mez.&nbsp;<\/p>\n\n\n\n<p>Neden ge\u00e7mez?<\/p>\n\n\n\n<p>\u00c7ocuklar\u0131m\u0131z milletten daha \u00e7ok bildikleri ve d\u00fcnyay\u0131 daha a\u00e7\u0131k ve net olarak bildikleri ve anlad\u0131klar\u0131 i\u00e7in mi b\u00f6yle bir sonu\u00e7 \u00e7\u0131kabiliyor?<\/p>\n\n\n\n<p>\u015e\u00fcphesiz b\u00f6yle bir durum yoktur.<\/p>\n\n\n\n<p>Resim ger\u00e7ek fakat durum ba\u015fka.<\/p>\n\n\n\n<p>\u015e\u00f6yle anlatal\u0131m:<\/p>\n\n\n\n<p>\u00c7ocuklar\u0131n hi\u00e7 biri su\u00e7u yoktur. Yani mevcut \u00e7ocuk ak\u0131llar\u0131 tamamen \u00f6\u011fretilmi\u015f bir ders.<\/p>\n\n\n\n<p>\u00c7ocuklara, devleti, devlet adamlar\u0131n\u0131 ve devlet icraatlar\u0131n\u0131 a\u015fa\u011f\u0131lama; bu a\u015fa\u011f\u0131laman\u0131n bir vatanseverlik ve milliyet\u00e7ilik oldu\u011funu bizzat e\u011fitim ile okullarda biz veriyoruz.<\/p>\n\n\n\n<p>Biz derken: tabii ki e\u011fitim sistemimiz ve m\u00fcfredat bunu \u00f6\u011fretiyor.<\/p>\n\n\n\n<p>\u015e\u00f6yle:<\/p>\n\n\n\n<p>&#8220;Dahili bedlahlar\u0131m\u0131z&#8221; kelimesinden &#8220;\u0130\u00e7 d\u00fc\u015fmanlar\u0131m\u0131z&#8221; kelimesini mi yoksa ba\u015fka bir \u015fey mi anl\u0131yor ve anlat\u0131yoruz?<\/p>\n\n\n\n<p>&#8220;\u0130\u00e7 d\u00fc\u015fman&#8221; bizzat e\u011fitim kelimesi ve bu kelime ile kasd\u0131m\u0131z da&nbsp; &#8220;devleti y\u00f6netenler&#8221;&nbsp;<\/p>\n\n\n\n<p>Devleti y\u00f6netenlerin i\u00e7 d\u00fc\u015fman oldu\u011fu bilgisi Atat\u00fcrk&#8217;\u00fcn gen\u00e7li\u011fe hitabesi ile \u00f6\u011fretmenlerin ortak itikad\u0131 halinde, aynen \u00e7ocuklara da \u00f6\u011fretilmektedir.<\/p>\n\n\n\n<p>Kelimeyi o \u015fekilde anlayan ve bu anlay\u0131\u015f\u0131 bu \u015fekilde de \u00e7ocuklara \u00f6\u011freten bir \u00f6\u011fretmen kimlik ve keyfiyeti,&nbsp; istese de ba\u015fka bir \u015fey \u00f6\u011fretemez.&nbsp;<\/p>\n\n\n\n<p>\u00c7\u00fcnk\u00fc bilgisi ba\u015fka bir anlama kapal\u0131d\u0131r.<\/p>\n\n\n\n<p>Halbuki &#8220;bedhahlar\u0131n\u0131z&#8221; kelimesi hi\u00e7 bir \u015fekilde d\u00fc\u015fman anlam\u0131na gelmez ve i\u00e7 d\u00fc\u015fman diye bir kelime do\u011frudan milleti d\u00fc\u015fman kamplara b\u00f6lme \u00e7al\u0131\u015fmas\u0131d\u0131r ki Mustafa Kemal &#8216;in yeti\u015fti\u011fi irfan d\u00fcnyas\u0131 b\u00f6ylesi anlay\u0131\u015flara kapal\u0131d\u0131r.<\/p>\n\n\n\n<p>Bedhah nedir?<\/p>\n\n\n\n<p>Bedhah, hay\u0131rhah kelimesinin mukabili bir kelimedir.&nbsp;<\/p>\n\n\n\n<p>Hay\u0131rhah&#8230; Hay\u0131rsever demektir. Bedhah da k\u00f6t\u00fcl\u00fck yanl\u0131s\u0131&#8230; Demektir. Yani evet bedhah iyi d\u00fc\u015f\u00fcnen birisi de\u011fildir ama d\u00fc\u015fman da de\u011fildir yani&#8230;&nbsp;<\/p>\n\n\n\n<p>Bilmem ki anlatabildim mi?<\/p>\n\n\n\n<p>\u00c7ocuklara Atat\u00fcrk&#8217;\u00fcn a\u011fz\u0131ndan hem devlet d\u00fc\u015fmanl\u0131\u011f\u0131 hem b\u00f6l\u00fcc\u00fcl\u00fck a\u015f\u0131lad\u0131\u011f\u0131m\u0131z\u0131 e\u011fitim sistemimiz bakal\u0131m ki ne zaman ak\u0131l edecek de e\u011fitim yoluyla millete ve devlete verilen zarar art\u0131k verilmez ve verilemez olacak.<\/p>\n\n\n\n<p>G\u00f6rece\u011fiz.<\/p>\n\n\n\n<p>Devlet ve devlet adaml\u0131\u011f\u0131 d\u00fc\u015fmanl\u0131\u011f\u0131 millete kar\u015f\u0131 bir sayg\u0131s\u0131zl\u0131k \u015feklidir. Yoksa, devlet d\u00fc\u015fmanl\u0131\u011f\u0131n\u0131n ba\u015fka \u015fekli de yoktur.<\/p>\n","protected":false},"excerpt":{"rendered":"<p>Ayd\u0131n Ayd\u0131n Cumhurba\u015fkan\u0131m\u0131z millet \u00e7o\u011funlu\u011funun reyi ile Cumhurba\u015fkan\u0131 se\u00e7ildi. Bu bir vak\u0131a ve aksini de kimse iddia edemez.&nbsp; Fakat&#8230; \u0130lkokul sekizinci s\u0131n\u0131flar \u00fczerinde bug\u00fcn i\u00e7in bir ara\u015ft\u0131rma yap\u0131lsa; Bu \u00e7ocuklar\u0131m\u0131z i\u00e7erisinde mevcut Cumhurba\u015fkan\u0131m\u0131z\u0131 seven \u00e7ocuk say\u0131s\u0131 y\u00fczde onu kesinlikle ge\u00e7mez.&nbsp; Neden ge\u00e7mez? \u00c7ocuklar\u0131m\u0131z milletten daha \u00e7ok bildikleri ve d\u00fcnyay\u0131 daha a\u00e7\u0131k ve net olarak bildikleri &hellip;<\/p>\n","protected":false},"author":17,"featured_media":51231,"comment_status":"open","ping_status":"open","sticky":false,"template":"","format":"standard","meta":{"om_disable_all_campaigns":false,"_themeisle_gutenberg_block_has_review":false,"_joinchat":[],"footnotes":""},"categories":[53,38,43],"tags":[],"class_list":["post-51229","post","type-post","status-publish","format-standard","has-post-thumbnail","","category-aydin","category-guncel","category-yazarlar"],"_links":{"self":[{"href":"https:\/\/akincilardergisi.com\/tr\/wp-json\/wp\/v2\/posts\/51229","targetHints":{"allow":["GET"]}}],"collection":[{"href":"https:\/\/akincilardergisi.com\/tr\/wp-json\/wp\/v2\/posts"}],"about":[{"href":"https:\/\/akincilardergisi.com\/tr\/wp-json\/wp\/v2\/types\/post"}],"author":[{"embeddable":true,"href":"https:\/\/akincilardergisi.com\/tr\/wp-json\/wp\/v2\/users\/17"}],"replies":[{"embeddable":true,"href":"https:\/\/akincilardergisi.com\/tr\/wp-json\/wp\/v2\/comments?post=51229"}],"version-history":[{"count":0,"href":"https:\/\/akincilardergisi.com\/tr\/wp-json\/wp\/v2\/posts\/51229\/revisions"}],"wp:featuredmedia":[{"embeddable":true,"href":"https:\/\/akincilardergisi.com\/tr\/wp-json\/wp\/v2\/media\/51231"}],"wp:attachment":[{"href":"https:\/\/akincilardergisi.com\/tr\/wp-json\/wp\/v2\/media?parent=51229"}],"wp:term":[{"taxonomy":"category","embeddable":true,"href":"https:\/\/akincilardergisi.com\/tr\/wp-json\/wp\/v2\/categories?post=51229"},{"taxonomy":"post_tag","embeddable":true,"href":"https:\/\/akincilardergisi.com\/tr\/wp-json\/wp\/v2\/tags?post=51229"}],"curies":[{"name":"wp","href":"https:\/\/api.w.org\/{rel}","templated":true}]}}