{"id":51188,"date":"2024-10-23T19:12:28","date_gmt":"2024-10-23T16:12:28","guid":{"rendered":"https:\/\/akincilardergisi.com\/tr\/?p=51188"},"modified":"2024-10-23T19:15:45","modified_gmt":"2024-10-23T16:15:45","slug":"dunyada-sol-azinliklar-ve-yahudiler","status":"publish","type":"post","link":"https:\/\/akincilardergisi.com\/tr\/dunyada-sol-azinliklar-ve-yahudiler\/","title":{"rendered":"D\u00dcNYADA SOL, AZINLIKLAR VE YAHUD\u0130LER"},"content":{"rendered":"\n<p><strong>Ayd\u0131n Ayd\u0131n<\/strong><\/p>\n\n\n\n<p>D\u00fcnyaya Yahudiler hakim diye inan\u0131rs\u0131n\u0131z.<\/p>\n\n\n\n<p>\u00d6yle midir?<\/p>\n\n\n\n<p>K\u0131smen \u00f6yledir ama nas\u0131l?<\/p>\n\n\n\n<p>Gen\u00e7lik y\u0131llar\u0131mda Gustave le Bon&#8217;un &#8220;Kitleler psikolojisi&#8221; diye bir kitab\u0131n\u0131 okumu\u015ftum. \u015eu anda anlataca\u011f\u0131m konunun bir k\u0131sm\u0131 o kitaptan. Bir k\u0131sm\u0131 da yine o d\u00f6nemlerde okudu\u011fum, ad\u0131 galiba &#8220;militan\u0131n el kitab\u0131&#8221; olan kom\u00fcnist militanlara kitleler i\u00e7inde nas\u0131l hareket edeceklerini anlatan bir kitaptan.&nbsp;<\/p>\n\n\n\n<p>Kitleler birbirlerini taklit eden insanlardan olu\u015furmu\u015f. Hal boyle olunca \u00f6rg\u00fctl\u00fc ve birbirleriyle y\u00fczde y\u00fcz uyumlu elli ki\u015fi ile mesela be\u015fbin ki\u015filik bir topluluk, ayn\u0131 g\u00f6r\u00fc\u015fte bir kitle olarak pekala gosterilebilir imi\u015f.<\/p>\n\n\n\n<p>Mesela bir miting alan\u0131 ve meydanda be\u015fbin ve hatta on bin ki\u015filik bir kalabal\u0131k var. Bu kalabal\u0131k, kalabal\u0131\u011f\u0131n i\u00e7ine her biri bir plan dahilinde geometrik olarak da\u011f\u0131lm\u0131\u015f elli ki\u015fi ayn\u0131 anda \u00e7\u0131karacaklar\u0131 bir ses ile seslerini t\u00fcm meydan\u0131n sesi imi\u015f gibi g\u00f6sterebilirler ve kalabal\u0131k, bir kere o sesi verdikten sonra meydan\u0131n sesi art\u0131k o ses olur imi\u015f. Yani bir s\u00fcre sonra, meydana ayr\u0131ca ayar vermek gerekmez. Zira meydan art\u0131k o elli ki\u015finin kontrol\u00fc alt\u0131ndad\u0131r.<\/p>\n\n\n\n<p>Kitlelerin y\u00f6netimi de i\u015fte b\u00f6yle bir durumdur.&nbsp;<\/p>\n\n\n\n<p>\u00d6rg\u00fctl\u00fc ve ne yapaca\u011f\u0131n\u0131 ve nerede ne s\u00f6yleyece\u011fini, neyi ba\u011f\u0131raca\u011f\u0131n\u0131 bile bir kadro ile bir \u00fclke rahatl\u0131kla y\u00f6netilebilir ve \u00fclkeler zaten b\u00f6yle y\u00f6netilir. \u00dcstelik b\u00f6ylesi y\u00f6netimlere bir de demokrasi veya halk\u0131n kendi kendisini y\u00f6netmesi denilir.<\/p>\n\n\n\n<p>Umar\u0131m bir \u015feyler demi\u015f olduk ve s\u00f6ylediklerimin de bir manas\u0131 vard\u0131r.<\/p>\n\n\n\n<p>\u015eimdi gelelim ba\u015fl\u0131ktaki konuya&#8230;.<\/p>\n\n\n\n<p>D\u00fcnyan\u0131n her yerinde az\u0131nl\u0131klar sol ideolojiyi temsil eden siyasi partilere rey verirler. Buna m\u00fcsl\u00fcman az\u0131nl\u0131klar da dahildir.&nbsp;<\/p>\n\n\n\n<p>D\u00fc\u015f\u00fcn\u00fcn ki m\u00fcsl\u00fcmanlar yahudi liderli\u011fine rey veriyorlar. Ak\u0131l al\u0131r m\u0131?<\/p>\n\n\n\n<p>Bu durum sadece m\u00fcsl\u00fcmanlar i\u00e7in de de\u011fildir. T\u00fcm az\u0131nl\u0131klar i\u00e7in her yerde hemen hemen ayn\u0131d\u0131r.<\/p>\n\n\n\n<p>\u0130nsanlara bunu sa\u011flayan, \u00f6rg\u00fctl\u00fc bir az\u0131nl\u0131kt\u0131r.&nbsp; Bu az\u0131nl\u0131k d\u00fcnyan\u0131n her yerinde g\u00fcya sol d\u00fc\u015f\u00fcncedir. Evet, g\u00fcya sol d\u00fc\u015f\u00fcncedir ama insanlar\u0131n sol d\u00fc\u015f\u00fcnce diye inand\u0131klar\u0131 ve pe\u015finden gittikleri d\u00fc\u015f\u00fcnce esasen yahudi akl\u0131d\u0131r.&nbsp;&nbsp;<\/p>\n\n\n\n<p>\u00d6rg\u00fctl\u00fc ve hepsi ayn\u0131 tarafta, ayn\u0131 \u015fark\u0131y\u0131 s\u00f6yleyen insanlar, kendi seslerini t\u00fcm toplumun sesi gibi g\u00f6sterebilmektedirler.<\/p>\n\n\n\n<p>Anlayaca\u011f\u0131n\u0131z, yahudiler her yerde az\u0131nl\u0131kt\u0131r fakat ba\u015fka az\u0131nl\u0131klar\u0131 kullanarak kendileri&nbsp; oralar\u0131n hakim g\u00fccu gibi yollar\u0131na devam ederler.<\/p>\n\n\n\n<p>Siz de Yahudileri hakim g\u00fc\u00e7 olarak bilirsiniz.&nbsp;<\/p>\n\n\n\n<p>\u00c7ark b\u00f6yle d\u00f6ner.<\/p>\n","protected":false},"excerpt":{"rendered":"<p>Ayd\u0131n Ayd\u0131n D\u00fcnyaya Yahudiler hakim diye inan\u0131rs\u0131n\u0131z. \u00d6yle midir? K\u0131smen \u00f6yledir ama nas\u0131l? Gen\u00e7lik y\u0131llar\u0131mda Gustave le Bon&#8217;un &#8220;Kitleler psikolojisi&#8221; diye bir kitab\u0131n\u0131 okumu\u015ftum. \u015eu anda anlataca\u011f\u0131m konunun bir k\u0131sm\u0131 o kitaptan. Bir k\u0131sm\u0131 da yine o d\u00f6nemlerde okudu\u011fum, ad\u0131 galiba &#8220;militan\u0131n el kitab\u0131&#8221; olan kom\u00fcnist militanlara kitleler i\u00e7inde nas\u0131l hareket edeceklerini anlatan bir kitaptan.&nbsp; &hellip;<\/p>\n","protected":false},"author":17,"featured_media":51191,"comment_status":"open","ping_status":"open","sticky":false,"template":"","format":"standard","meta":{"om_disable_all_campaigns":false,"_themeisle_gutenberg_block_has_review":false,"_joinchat":[],"footnotes":""},"categories":[53,38,43],"tags":[],"class_list":["post-51188","post","type-post","status-publish","format-standard","has-post-thumbnail","","category-aydin","category-guncel","category-yazarlar"],"_links":{"self":[{"href":"https:\/\/akincilardergisi.com\/tr\/wp-json\/wp\/v2\/posts\/51188","targetHints":{"allow":["GET"]}}],"collection":[{"href":"https:\/\/akincilardergisi.com\/tr\/wp-json\/wp\/v2\/posts"}],"about":[{"href":"https:\/\/akincilardergisi.com\/tr\/wp-json\/wp\/v2\/types\/post"}],"author":[{"embeddable":true,"href":"https:\/\/akincilardergisi.com\/tr\/wp-json\/wp\/v2\/users\/17"}],"replies":[{"embeddable":true,"href":"https:\/\/akincilardergisi.com\/tr\/wp-json\/wp\/v2\/comments?post=51188"}],"version-history":[{"count":0,"href":"https:\/\/akincilardergisi.com\/tr\/wp-json\/wp\/v2\/posts\/51188\/revisions"}],"wp:featuredmedia":[{"embeddable":true,"href":"https:\/\/akincilardergisi.com\/tr\/wp-json\/wp\/v2\/media\/51191"}],"wp:attachment":[{"href":"https:\/\/akincilardergisi.com\/tr\/wp-json\/wp\/v2\/media?parent=51188"}],"wp:term":[{"taxonomy":"category","embeddable":true,"href":"https:\/\/akincilardergisi.com\/tr\/wp-json\/wp\/v2\/categories?post=51188"},{"taxonomy":"post_tag","embeddable":true,"href":"https:\/\/akincilardergisi.com\/tr\/wp-json\/wp\/v2\/tags?post=51188"}],"curies":[{"name":"wp","href":"https:\/\/api.w.org\/{rel}","templated":true}]}}