{"id":51121,"date":"2024-10-13T07:13:49","date_gmt":"2024-10-13T04:13:49","guid":{"rendered":"https:\/\/akincilardergisi.com\/tr\/?p=51121"},"modified":"2024-10-13T07:17:35","modified_gmt":"2024-10-13T04:17:35","slug":"kadin-ve-cocuk-ve-aile-duzenimiz-ne-alemde","status":"publish","type":"post","link":"https:\/\/akincilardergisi.com\/tr\/kadin-ve-cocuk-ve-aile-duzenimiz-ne-alemde\/","title":{"rendered":"KADIN, \u00c7OCUK VE A\u0130LE D\u00dcZEN\u0130M\u0130Z NE ALEMDE?"},"content":{"rendered":"\n<p><strong>Ayd\u0131n Ayd\u0131n<\/strong><\/p>\n\n\n\n<p>Bize gelmeden bat\u0131ya gidelim.&nbsp; Bakal\u0131m ki bat\u0131 ve idi de nereye geldi.<\/p>\n\n\n\n<p>Sonra bakal\u0131m: biz nerede idik de nereye gittik ve \u015fimdi nereye gidiyoruz.<\/p>\n\n\n\n<p>Bat\u0131da kad\u0131n eski Yunan akl\u0131n\u0131 esas alm\u0131\u015ft\u0131r. \u0130\u015fin i\u00e7inde Yunan yoksa, Bat\u0131 diye bir \u015fey de zaten yoktur.<\/p>\n\n\n\n<p>Yunan&#8217;da kad\u0131n baz\u0131 istisna insanlar ve baz\u0131 durumlar hari\u00e7 &#8220;ortak m\u00fclkiyete konu&#8221; bir varl\u0131kt\u0131.&nbsp; Kad\u0131n ortak m\u00fclkiyet d\u0131\u015f\u0131na \u00e7\u0131kar\u0131labilir mi diye tart\u0131\u015f\u0131l\u0131yordu ve devletin &#8220;bilge&#8221; olmas\u0131n\u0131 savunan Platon &#8220;devlet&#8221; kitab\u0131nda dahi bu konunun tart\u0131\u015fmas\u0131 vard\u0131r.<\/p>\n\n\n\n<p>Yunan&#8217;da kad\u0131n\u0131n ad\u0131 Pandora idi.<\/p>\n\n\n\n<p>Pandora, i\u00e7inde hi\u00e7 iyilik olmayan k\u00f6t\u00fcl\u00fck kutusu demekti.<\/p>\n\n\n\n<p>Bat\u0131 akl\u0131 son iki y\u00fcz y\u0131la kadar kad\u0131na aynen b\u00f6yle bakt\u0131 ve kom\u00fcnizm bat\u0131 akl\u0131n\u0131n i\u00e7inden \u00e7\u0131kt\u0131.<\/p>\n\n\n\n<p>Kom\u00fcnizm m\u00fclkiyete kar\u015f\u0131 idi ve kad\u0131n\u0131 ve erke\u011fi ortak m\u00fclkiyet kapsam\u0131 i\u00e7inde g\u00f6rd\u00fc.<\/p>\n\n\n\n<p>Kad\u0131nlar \u00e7ocuk do\u011furdular ama \u00e7ocuklar\u0131n ailesi yoktu. \u00c7ocuklar da ortak m\u00fclkiyet kapsam\u0131 i\u00e7erisinde d\u00fc\u015f\u00fcn\u00fcld\u00fcler ve \u00e7ocuklar devlet taraf\u0131ndan b\u00fcy\u00fct\u00fcld\u00fcler.<\/p>\n\n\n\n<p>Kom\u00fcnizm bu kadar insan do\u011fas\u0131na ayk\u0131r\u0131 idi ve y\u0131k\u0131l\u0131p gitti.&nbsp;<\/p>\n\n\n\n<p>Kom\u00fcnist \u00fclkeler \u015fimdi aile kavram\u0131na d\u00f6n\u00fc\u015f yapmay\u0131 yol diye ar\u0131yorlar.<\/p>\n\n\n\n<p>Biz ise&#8230;<\/p>\n\n\n\n<p>S\u00f6zde aileye \u00f6nem veren bir toplumuz ve s\u00f6zde \u00e7ocuklar\u0131m\u0131z aile ortam\u0131nda b\u00fcy\u00fcyorlar.<\/p>\n\n\n\n<p>Halbuki \u00f6yle de\u011fil&#8230;<\/p>\n\n\n\n<p>D\u00f6rt -alt\u0131 ya\u015f gurubu bir \u015fekilde&#8230; Alt\u0131 ya\u015f\u0131ndan 18 ya\u015f\u0131na kadar ise ba\u015fka \u015fekilde, \u00e7ocuklar\u0131m\u0131z elimizden al\u0131n\u0131yor ve hi\u00e7 y\u0131l kayb\u0131 olmaz ise on sekiz ya\u015f\u0131nda bize iade ediliyorlar.<\/p>\n\n\n\n<p>Yani kom\u00fcnizm kom\u00fcnist \u00fclkelerde aile d\u00fczeni bak\u0131m\u0131ndan kom\u00fcnizm ile birlikte y\u0131k\u0131ld\u0131 ama bizdeki kom\u00fcnist d\u00fczen halen devam ediyor.<\/p>\n\n\n\n<p>\u00dcstelik bizde kimse bu mevcut \u00e7ocuk ve aile ve e\u011fitim d\u00fczeninin bildik kom\u00fcnist d\u00fczen oldu\u011funu da kimse bilmiyor ve kimse bunun fark\u0131nda da de\u011fil.<\/p>\n\n\n\n<p>Ne diyelim:<\/p>\n\n\n\n<p>Bu d\u00fczende kad\u0131nlar, en az\u0131ndan Pandora de\u011filler ve kad\u0131nlar devlet memuru bile olabiliyorlar.<\/p>\n\n\n\n<p>\u00c7ocuklar\u0131m\u0131z\u0131 elimizden al\u0131p da b\u00fcy\u00fctenlerin bir k\u0131sm\u0131 da, en az\u0131ndan kad\u0131n.<\/p>\n\n\n\n<p>\u015e\u00fck\u00fcrler olsun yani.<\/p>\n","protected":false},"excerpt":{"rendered":"<p>Ayd\u0131n Ayd\u0131n Bize gelmeden bat\u0131ya gidelim.&nbsp; Bakal\u0131m ki bat\u0131 ve idi de nereye geldi. Sonra bakal\u0131m: biz nerede idik de nereye gittik ve \u015fimdi nereye gidiyoruz. Bat\u0131da kad\u0131n eski Yunan akl\u0131n\u0131 esas alm\u0131\u015ft\u0131r. \u0130\u015fin i\u00e7inde Yunan yoksa, Bat\u0131 diye bir \u015fey de zaten yoktur. Yunan&#8217;da kad\u0131n baz\u0131 istisna insanlar ve baz\u0131 durumlar hari\u00e7 &#8220;ortak m\u00fclkiyete &hellip;<\/p>\n","protected":false},"author":17,"featured_media":51124,"comment_status":"open","ping_status":"open","sticky":false,"template":"","format":"standard","meta":{"om_disable_all_campaigns":false,"_themeisle_gutenberg_block_has_review":false,"_joinchat":[],"footnotes":""},"categories":[53,38,43],"tags":[],"class_list":["post-51121","post","type-post","status-publish","format-standard","has-post-thumbnail","","category-aydin","category-guncel","category-yazarlar"],"_links":{"self":[{"href":"https:\/\/akincilardergisi.com\/tr\/wp-json\/wp\/v2\/posts\/51121","targetHints":{"allow":["GET"]}}],"collection":[{"href":"https:\/\/akincilardergisi.com\/tr\/wp-json\/wp\/v2\/posts"}],"about":[{"href":"https:\/\/akincilardergisi.com\/tr\/wp-json\/wp\/v2\/types\/post"}],"author":[{"embeddable":true,"href":"https:\/\/akincilardergisi.com\/tr\/wp-json\/wp\/v2\/users\/17"}],"replies":[{"embeddable":true,"href":"https:\/\/akincilardergisi.com\/tr\/wp-json\/wp\/v2\/comments?post=51121"}],"version-history":[{"count":0,"href":"https:\/\/akincilardergisi.com\/tr\/wp-json\/wp\/v2\/posts\/51121\/revisions"}],"wp:featuredmedia":[{"embeddable":true,"href":"https:\/\/akincilardergisi.com\/tr\/wp-json\/wp\/v2\/media\/51124"}],"wp:attachment":[{"href":"https:\/\/akincilardergisi.com\/tr\/wp-json\/wp\/v2\/media?parent=51121"}],"wp:term":[{"taxonomy":"category","embeddable":true,"href":"https:\/\/akincilardergisi.com\/tr\/wp-json\/wp\/v2\/categories?post=51121"},{"taxonomy":"post_tag","embeddable":true,"href":"https:\/\/akincilardergisi.com\/tr\/wp-json\/wp\/v2\/tags?post=51121"}],"curies":[{"name":"wp","href":"https:\/\/api.w.org\/{rel}","templated":true}]}}