{"id":51092,"date":"2024-10-08T21:37:55","date_gmt":"2024-10-08T18:37:55","guid":{"rendered":"https:\/\/akincilardergisi.com\/tr\/?p=51092"},"modified":"2024-10-08T21:41:32","modified_gmt":"2024-10-08T18:41:32","slug":"turkiye-icin-israil-tehdidi-mumkun-mu","status":"publish","type":"post","link":"https:\/\/akincilardergisi.com\/tr\/turkiye-icin-israil-tehdidi-mumkun-mu\/","title":{"rendered":"T\u00dcRK\u0130YE \u0130\u00c7\u0130N \u0130SRA\u0130L TEHD\u0130D\u0130 M\u00dcMK\u00dcN M\u00dc?"},"content":{"rendered":"\n<p><strong>Ayd\u0131n Ayd\u0131n<\/strong><\/p>\n\n\n\n<p>\u015eu anlarda TBMM de T\u00fcrkiye&#8217;ye \u0130srail tehdidi konusu hem de kapal\u0131 oturum ile g\u00f6r\u00fc\u015f\u00fcl\u00fcyor.<\/p>\n\n\n\n<p>\u0130ki bakan: d\u0131\u015fi\u015fleri ve milli savunma bakan\u0131 meclise bilgi veriyor ve bu bilgilerin g\u00f6r\u00fc\u015fmesi yap\u0131lacak.<\/p>\n\n\n\n<p>\u0130ki durumdan birisi devlet g\u00f6r\u00fc\u015f\u00fc olacak.<\/p>\n\n\n\n<p>Birincisi: \u0130srail&#8217;i T\u00fcrkiye i\u00e7in tehdit g\u00f6rmemek&#8230;<\/p>\n\n\n\n<p>Efendim \u0130srail T\u00fcrkiye&#8217;ye saldiramaz ve \u0130srail&#8217;i T\u00fcrkiye i\u00e7in tehdit g\u00f6rmek bo\u015funad\u0131r denilecek.<\/p>\n\n\n\n<p>\u00d6yle midir?<\/p>\n\n\n\n<p>\u00d6yledir. Sald\u0131ramaz.<\/p>\n\n\n\n<p>Neden?<\/p>\n\n\n\n<p>\u00c7\u00fcnk\u00fc T\u00fcrkiye&#8217;yi 24 y\u0131ld\u0131r Akparti h\u00fck\u00fcmetleri ve Tayyip Erdo\u011fan y\u00f6netiyor.<\/p>\n\n\n\n<p>Yani \u015fimdi sald\u0131ramaz.<\/p>\n\n\n\n<p>Eskiden sald\u0131rmazd\u0131 \u00e7\u00fcnk\u00fc sald\u0131rmas\u0131na gerek yoktu.&nbsp;<\/p>\n\n\n\n<p>\u00c7\u00fcnk\u00fc T\u00fcrkiye neredeyse \u0130srail&#8217;in arka bah\u00e7esi idi zaten. U\u00e7ak pilotlar\u0131 bile T\u00fcrkiye semalar\u0131nda e\u011fitim yap\u0131yorlard\u0131.<\/p>\n\n\n\n<p>O g\u00fcnlerde sald\u0131rmazd\u0131 \u015fimdi ise sald\u0131ramaz. Niye sald\u0131ramaz onu da dedik.<\/p>\n\n\n\n<p>Ama&#8230;<\/p>\n\n\n\n<p>Unutmay\u0131n ki \u0130srail m\u00fcsl\u00fcmanlar\u0131n her birisinin kendi vatanlar\u0131 kadar kutsal bir toprak \u00fczerinde m\u00fcsl\u00fcmanlara ra\u011fmen kuruldu ve \u015fu anda etraf\u0131nda onu engelleyebilecek kimse yok.<\/p>\n\n\n\n<p>D\u00fc\u015f\u00fcn\u00fcn.<\/p>\n\n\n\n<p>Mora isyan\u0131&#8230;. 1825 y\u0131l\u0131nda ufac\u0131k bir alanda meydana geldi&nbsp; ve kar\u015f\u0131s\u0131nda koca bir cihan imparatorlu\u011fu vard\u0131.<\/p>\n\n\n\n<p>Kim inan\u0131rd\u0131 ki Moral\u0131lar Osmanl\u0131y\u0131 Avrupa k\u0131tas\u0131ndan \u00e7\u0131karacaklar ve Osmanl\u0131&#8217;n\u0131n kurucu milleti olan bizler Moral\u0131lardan kurtuldu\u011fumuz i\u00e7in her g\u00fcn bir \u015fehirde kurtulu\u015f bayram\u0131 yapaca\u011f\u0131z.<\/p>\n\n\n\n<p>Kim inan\u0131rd\u0131?<\/p>\n\n\n\n<p>Kimse inanmazd\u0131.&nbsp;<\/p>\n\n\n\n<p>Ama oldu.<\/p>\n\n\n\n<p>\u0130srail&#8217;den kurtulu\u015f bayram\u0131 yapacak nesillerin hayalini kurmak yerine \u0130srail&#8217;i haritadan silmek ve seksen y\u0131l \u00f6nceye gitmek laz\u0131md\u0131r.<\/p>\n\n\n\n<p>Seksen y\u0131l \u00f6nce Atat\u00fcrk de sa\u011f idi. \u0130srail diye bir devlet de o zaman yoktu.<\/p>\n\n\n\n<p>Eey yolda\u015f T\u00fcrk milleti ve&nbsp; ey CHP ve CHP&#8217;liler anl\u0131yorsunuz de\u011fil mi?<\/p>\n\n\n\n<p>Bakal\u0131m TBMM ne diyecekler bu meseleye.<\/p>\n","protected":false},"excerpt":{"rendered":"<p>Ayd\u0131n Ayd\u0131n \u015eu anlarda TBMM de T\u00fcrkiye&#8217;ye \u0130srail tehdidi konusu hem de kapal\u0131 oturum ile g\u00f6r\u00fc\u015f\u00fcl\u00fcyor. \u0130ki bakan: d\u0131\u015fi\u015fleri ve milli savunma bakan\u0131 meclise bilgi veriyor ve bu bilgilerin g\u00f6r\u00fc\u015fmesi yap\u0131lacak. \u0130ki durumdan birisi devlet g\u00f6r\u00fc\u015f\u00fc olacak. Birincisi: \u0130srail&#8217;i T\u00fcrkiye i\u00e7in tehdit g\u00f6rmemek&#8230; Efendim \u0130srail T\u00fcrkiye&#8217;ye saldiramaz ve \u0130srail&#8217;i T\u00fcrkiye i\u00e7in tehdit g\u00f6rmek bo\u015funad\u0131r denilecek. &hellip;<\/p>\n","protected":false},"author":17,"featured_media":51095,"comment_status":"open","ping_status":"open","sticky":false,"template":"","format":"standard","meta":{"om_disable_all_campaigns":false,"_themeisle_gutenberg_block_has_review":false,"_joinchat":[],"footnotes":""},"categories":[53,38,43],"tags":[],"class_list":["post-51092","post","type-post","status-publish","format-standard","has-post-thumbnail","","category-aydin","category-guncel","category-yazarlar"],"_links":{"self":[{"href":"https:\/\/akincilardergisi.com\/tr\/wp-json\/wp\/v2\/posts\/51092","targetHints":{"allow":["GET"]}}],"collection":[{"href":"https:\/\/akincilardergisi.com\/tr\/wp-json\/wp\/v2\/posts"}],"about":[{"href":"https:\/\/akincilardergisi.com\/tr\/wp-json\/wp\/v2\/types\/post"}],"author":[{"embeddable":true,"href":"https:\/\/akincilardergisi.com\/tr\/wp-json\/wp\/v2\/users\/17"}],"replies":[{"embeddable":true,"href":"https:\/\/akincilardergisi.com\/tr\/wp-json\/wp\/v2\/comments?post=51092"}],"version-history":[{"count":0,"href":"https:\/\/akincilardergisi.com\/tr\/wp-json\/wp\/v2\/posts\/51092\/revisions"}],"wp:featuredmedia":[{"embeddable":true,"href":"https:\/\/akincilardergisi.com\/tr\/wp-json\/wp\/v2\/media\/51095"}],"wp:attachment":[{"href":"https:\/\/akincilardergisi.com\/tr\/wp-json\/wp\/v2\/media?parent=51092"}],"wp:term":[{"taxonomy":"category","embeddable":true,"href":"https:\/\/akincilardergisi.com\/tr\/wp-json\/wp\/v2\/categories?post=51092"},{"taxonomy":"post_tag","embeddable":true,"href":"https:\/\/akincilardergisi.com\/tr\/wp-json\/wp\/v2\/tags?post=51092"}],"curies":[{"name":"wp","href":"https:\/\/api.w.org\/{rel}","templated":true}]}}