{"id":50750,"date":"2024-07-25T14:34:40","date_gmt":"2024-07-25T11:34:40","guid":{"rendered":"https:\/\/akincilardergisi.com\/tr\/?p=50750"},"modified":"2024-07-25T14:41:35","modified_gmt":"2024-07-25T11:41:35","slug":"suriyeliler-yarin-suriyeli-olsalar","status":"publish","type":"post","link":"https:\/\/akincilardergisi.com\/tr\/suriyeliler-yarin-suriyeli-olsalar\/","title":{"rendered":"SUR\u0130YEL\u0130LER\u00a0 YARIN SUR\u0130YEL\u0130 OLSALAR?"},"content":{"rendered":"\n<p><strong>Ayd\u0131n Ayd\u0131n<\/strong><\/p>\n\n\n\n<p>\u015e\u00f6yle bir d\u00fc\u015f\u00fcnelim:<\/p>\n\n\n\n<p>Suriye&#8217;den gelen herkes gitse:<\/p>\n\n\n\n<p>T\u00fcrkiye bir anda baz\u0131 y\u00f6nlerden bo\u015flu\u011fa d\u00fc\u015fm\u00fc\u015f gibi olur ama bu d\u00fc\u015f\u00fc\u015f telafi edilir.<\/p>\n\n\n\n<p>Fakat mesela:<\/p>\n\n\n\n<p>T\u00fcrkiye&#8217;de \u015fu anda bir milyona yak\u0131n Suriyeli yeti\u015fkin gen\u00e7 insan var. Bu insanlar\u0131n da \u00e7o\u011fu erkek.&nbsp; Bunlar\u0131n alt\u0131 y\u00fcz bin oldu\u011funu d\u00fc\u015f\u00fcn\u00fcn.&nbsp;<\/p>\n\n\n\n<p>Yeti\u015fkin k\u0131zlar i\u00e7in de ayn\u0131 tehlike s\u00f6z konusu ama haz\u0131r erkekler varken k\u0131zlara hemen s\u0131ra gelmez diyebilirsiniz. K\u0131zlar i\u00e7in ba\u015fka tehlikeler de sozkonusu ama bunlar\u0131 \u015fimdilik demeyelim&nbsp;<\/p>\n\n\n\n<p>Ne olur?<\/p>\n\n\n\n<p>Bu yeti\u015fkin erkek n\u00fcfus Suriye&#8217;ye ayak basar basmaz en az \u00fc\u00e7 y\u00fcz bin tanesi ABD YPG PKK askeri olarak silah alt\u0131na al\u0131n\u0131r. Hi\u00e7 kimse buna kar\u015f\u0131 direnemez. Zira direnen ki\u015finin ailesi infaz edilir. Bu korku her ki\u015fiyi her d\u00fczene asker eder.<\/p>\n\n\n\n<p>Di\u011fer \u00fc\u00e7 y\u00fcz bin ki\u015fi de Suriye rejim ordusunun askeri olarak silah alt\u0131na al\u0131n\u0131r.<\/p>\n\n\n\n<p>Gen\u00e7lerin bir k\u0131sm\u0131n\u0131 da illa ki&nbsp; Rusya kapacakt\u0131r. Onlar da Ukrayna&#8217;ya kar\u015f\u0131 paral\u0131 asker edilirler veya Suriye&#8217;de&nbsp; Rusya lejyonuna askerlik ederler.<\/p>\n\n\n\n<p>Yani Suriyeliler T\u00fcrkiye&#8217;de olduklar\u0131 s\u00fcrece T\u00fcrkiye onlara kar\u015f\u0131 emniyette olaca\u011f\u0131 gibi, ayr\u0131ca bu \u00e7ocuklar T\u00fcrkiye&#8217;ye Suriye mill\u00ee ordusu olarak g\u00fc\u00e7 veriyorlar.&nbsp;<\/p>\n\n\n\n<p>T\u00fcrkiye&#8217;deki Suriyeliler bug\u00fcn T\u00fcrkiye&#8217;nin g\u00fcc\u00fcd\u00fcrler. Yar\u0131n, bir \u00e7o\u011fu e\u011fitilmi\u015f bir gen\u00e7 n\u00fcfus olarak, bu g\u00fc\u00e7 daha b\u00fcy\u00fck olacakt\u0131r.<\/p>\n\n\n\n<p>Yeter ki bu kadar insanT\u00fcrkiye&#8217;de ihanet g\u00f6rmesinler ve g\u00f6zleri ve ak\u0131llar\u0131 ihanet y\u00fcklenmi\u015f olarak \u00fclkelerine d\u00f6nmek mecburiyetinde b\u0131rak\u0131lmas\u0131nlar.<\/p>\n\n\n\n<p>T\u00fcrkiye&#8217;deki Suriyelilerin T\u00fcrkiye i\u00e7in bir g\u00fcvenlik sorunu oldu\u011funu dile getirenler d\u00fc\u015f\u00fcns\u00fcnler bakal\u0131m: kendilerinin dile getirdikleri g\u00fcvenlik sorunu mu yoksa T\u00fcrkiye&#8217;nin bekasina kar\u015f\u0131 bir ihanet d\u00fc\u015f\u00fcncesinin g\u00fcvenlik diye maskelenmis \u015fekli mi?<\/p>\n\n\n\n<p>D\u00fc\u015f\u00fcnelim..<\/p>\n\n\n\n<p>T\u00fcrk devletinin akl\u0131n\u0131 kucumseyen herkes bir b\u00f6cek kadar bile bir zekaya sahip olmad\u0131\u011f\u0131n\u0131 illa ki \u00f6\u011frenecektir.<\/p>\n","protected":false},"excerpt":{"rendered":"<p>Ayd\u0131n Ayd\u0131n \u015e\u00f6yle bir d\u00fc\u015f\u00fcnelim: Suriye&#8217;den gelen herkes gitse: T\u00fcrkiye bir anda baz\u0131 y\u00f6nlerden bo\u015flu\u011fa d\u00fc\u015fm\u00fc\u015f gibi olur ama bu d\u00fc\u015f\u00fc\u015f telafi edilir. Fakat mesela: T\u00fcrkiye&#8217;de \u015fu anda bir milyona yak\u0131n Suriyeli yeti\u015fkin gen\u00e7 insan var. Bu insanlar\u0131n da \u00e7o\u011fu erkek.&nbsp; Bunlar\u0131n alt\u0131 y\u00fcz bin oldu\u011funu d\u00fc\u015f\u00fcn\u00fcn.&nbsp; Yeti\u015fkin k\u0131zlar i\u00e7in de ayn\u0131 tehlike s\u00f6z konusu &hellip;<\/p>\n","protected":false},"author":17,"featured_media":50752,"comment_status":"open","ping_status":"open","sticky":false,"template":"","format":"standard","meta":{"om_disable_all_campaigns":false,"_themeisle_gutenberg_block_has_review":false,"_joinchat":[],"footnotes":""},"categories":[53,38,43],"tags":[],"class_list":["post-50750","post","type-post","status-publish","format-standard","has-post-thumbnail","","category-aydin","category-guncel","category-yazarlar"],"_links":{"self":[{"href":"https:\/\/akincilardergisi.com\/tr\/wp-json\/wp\/v2\/posts\/50750","targetHints":{"allow":["GET"]}}],"collection":[{"href":"https:\/\/akincilardergisi.com\/tr\/wp-json\/wp\/v2\/posts"}],"about":[{"href":"https:\/\/akincilardergisi.com\/tr\/wp-json\/wp\/v2\/types\/post"}],"author":[{"embeddable":true,"href":"https:\/\/akincilardergisi.com\/tr\/wp-json\/wp\/v2\/users\/17"}],"replies":[{"embeddable":true,"href":"https:\/\/akincilardergisi.com\/tr\/wp-json\/wp\/v2\/comments?post=50750"}],"version-history":[{"count":0,"href":"https:\/\/akincilardergisi.com\/tr\/wp-json\/wp\/v2\/posts\/50750\/revisions"}],"wp:featuredmedia":[{"embeddable":true,"href":"https:\/\/akincilardergisi.com\/tr\/wp-json\/wp\/v2\/media\/50752"}],"wp:attachment":[{"href":"https:\/\/akincilardergisi.com\/tr\/wp-json\/wp\/v2\/media?parent=50750"}],"wp:term":[{"taxonomy":"category","embeddable":true,"href":"https:\/\/akincilardergisi.com\/tr\/wp-json\/wp\/v2\/categories?post=50750"},{"taxonomy":"post_tag","embeddable":true,"href":"https:\/\/akincilardergisi.com\/tr\/wp-json\/wp\/v2\/tags?post=50750"}],"curies":[{"name":"wp","href":"https:\/\/api.w.org\/{rel}","templated":true}]}}