{"id":50650,"date":"2024-07-02T16:50:37","date_gmt":"2024-07-02T13:50:37","guid":{"rendered":"https:\/\/akincilardergisi.com\/tr\/?p=50650"},"modified":"2024-07-02T16:53:02","modified_gmt":"2024-07-02T13:53:02","slug":"kayseride-taciz","status":"publish","type":"post","link":"https:\/\/akincilardergisi.com\/tr\/kayseride-taciz\/","title":{"rendered":"KAYSER\u0130\u2019DE TAC\u0130Z\u00a0"},"content":{"rendered":"\n<p><strong>Emin Batur<\/strong><\/p>\n\n\n\n<p><strong>D\u00dcNYADA SAVA\u015e&nbsp;<\/strong><\/p>\n\n\n\n<p>Sava\u015f\u0131n&nbsp;<\/p>\n\n\n\n<p>Ayak sesleri yakla\u015ft\u0131k\u00e7a \u00fclkeler de saflar\u0131n\u0131 belirlemek \u00fczere yeni ittifak aray\u0131\u015flar\u0131na giriyor.&nbsp;<\/p>\n\n\n\n<p>Putin\u2019in \u00c7in ve K. Kore seyahatleri bunun i\u00e7indir.&nbsp;<\/p>\n\n\n\n<p><strong>\u0130SRA\u0130L-GAZZE&nbsp;<\/strong><\/p>\n\n\n\n<p>\u0130srail&nbsp;&nbsp;<\/p>\n\n\n\n<p>Kendisine kar\u015f\u0131 bir ittifak olmadan Gazze\u2019nin i\u015fini bir an \u00f6nce bitirmek i\u00e7in ta\u015f \u00fcst\u00fcnde ta\u015f b\u0131rakmamacas\u0131na sald\u0131r\u0131yor.&nbsp;<\/p>\n\n\n\n<p><strong>\u0130SRA\u0130L-SUR\u0130YE&nbsp;<\/strong><\/p>\n\n\n\n<p>Bu s\u0131rada&nbsp;<\/p>\n\n\n\n<p>Suriye, \u0130ran veya L\u00fcbnan\u2019dan gelecek bir tehlikeye \u00f6n almak i\u00e7in bu \u00fclkelere de sald\u0131r\u0131yor g\u00f6zda\u011f\u0131 veriyor.&nbsp;<\/p>\n\n\n\n<p>SUR\u0130YE&nbsp;<\/p>\n\n\n\n<p>N\u0130HAYET ANLADI&nbsp;<\/p>\n\n\n\n<p>\u0130ran\u2019\u0131n&nbsp;&nbsp;<\/p>\n\n\n\n<p>Kendisine verdi\u011fi sonsuz destekle ayakta kalaca\u011f\u0131n\u0131 sanan Suriye 13 y\u0131l sonra verilen vaadlerin bo\u015f oldu\u011funu.. \u0130srail\u2019in \u015eam ve Halep havalimanlar\u0131na yapt\u0131\u011f\u0131 sald\u0131r\u0131lara bile cevap veremeyecek durumda oldu\u011funu g\u00f6rd\u00fc.&nbsp;<\/p>\n\n\n\n<p>Bana g\u00f6re&nbsp;<\/p>\n\n\n\n<p>Barda\u011f\u0131 ta\u015f\u0131ran son damla, \u0130srail\u2019in \u0130ran\u2019\u0131n \u015eam b\u00fcy\u00fckel\u00e7ili\u011fini vurup \u00fcst d\u00fczey subaylar\u0131n\u0131 \u00f6ld\u00fcrmesine ra\u011fmen, \u0130ran\u2019\u0131n verdi\u011fi c\u0131l\u0131z cevap Be\u015f\u015far Esad\u2019\u0131n akl\u0131n\u0131 ba\u015f\u0131na getirdi.&nbsp;<\/p>\n\n\n\n<p>\u00c7\u00fcnk\u00fc&nbsp;<\/p>\n\n\n\n<p>10 milyonu yurtd\u0131\u015f\u0131na ka\u00e7m\u0131\u015f.. 1 milyon ki\u015fi \u00f6lm\u00fc\u015f.. 3-4 milyonu da kendi topraklar\u0131nda muhacir durumuna d\u00fc\u015fm\u00fc\u015f bir Suriye var.&nbsp;<\/p>\n\n\n\n<p>Ve \u00fcstelik silah bak\u0131m\u0131ndan \u0130srail\u2019in \u00e7ok \u00e7ok gerisinde\u2026 G\u00fcvendi\u011fi \u0130ran\u2019\u0131n da kendisine faydas\u0131 olmad\u0131\u011f\u0131n\u0131 g\u00f6rd\u00fc.&nbsp;<\/p>\n\n\n\n<p>Yani&nbsp;<\/p>\n\n\n\n<p>\u0130srail\u2019in sald\u0131r\u0131s\u0131 kar\u015f\u0131s\u0131nda \u00fclkeyi savunacak ne insan g\u00fcc\u00fc kalm\u0131\u015f ne de silahlar\u0131 yeterli&#8230;&nbsp;<\/p>\n\n\n\n<p><strong>BE\u015e\u015eAR EL\u0130N\u0130 UZATIYOR&nbsp;<\/strong><\/p>\n\n\n\n<p>\u00c7ar na\u00e7ar&nbsp;&nbsp;<\/p>\n\n\n\n<p>Be\u015f\u015far elini T\u00fcrkiye\u2019ye uzat\u0131yor.&nbsp;<\/p>\n\n\n\n<p>Cumhurba\u015fkan\u0131m\u0131z o eli havada b\u0131rakm\u0131yor. \u00c7ok olumlu bir kar\u015f\u0131l\u0131k veriyor.&nbsp;<\/p>\n\n\n\n<p><strong>PROVOKAT\u00d6RLER SAHNEYE \u00c7IKIYOR&nbsp;<\/strong><\/p>\n\n\n\n<p>\u0130\u015fte tam bu s\u0131rada Suriyeli bir sap\u0131\u011f\u0131n yapt\u0131klar\u0131 sosyal medya arac\u0131l\u0131\u011f\u0131yla Kayseri\u2019yi aya\u011fa kald\u0131r\u0131yor.&nbsp;<\/p>\n\n\n\n<p>Benzer sap\u0131kl\u0131klar&nbsp;<\/p>\n\n\n\n<p>Ba\u011fc\u0131lar ve Bursa\u2019da da olmu\u015ftu ama kimsenin sesi \u00e7\u0131kmam\u0131\u015f sap\u0131klar adalete teslim edilmi\u015f konu kapanm\u0131\u015ft\u0131&nbsp;&nbsp;<\/p>\n\n\n\n<p>Ama burada maksat ba\u015fka\u2026&nbsp;<\/p>\n\n\n\n<p>Medyan\u0131n k\u0131\u015fk\u0131rtmas\u0131yla,&nbsp;<\/p>\n\n\n\n<p>Halk\u0131n bu me\u015f\u2019um olay kar\u015f\u0131s\u0131nda tepki g\u00f6stermesi gayet normal ama an\u0131nda provokat\u00f6rler devreye girip i\u015fi ba\u015fka y\u00f6ne \u00e7ekiyorlar.&nbsp;<\/p>\n\n\n\n<p><strong>TAC\u0130ZC\u0130&nbsp;<\/strong><\/p>\n\n\n\n<p>T<strong>AC\u0130ZC\u0130YE HADD\u0130N\u0130 B\u0130LD\u0130RECEKM\u0130\u015e!&nbsp;<\/strong><\/p>\n\n\n\n<p>Halk\u0131n aras\u0131na kar\u0131\u015fan provokat\u00f6rler 70 sab\u0131kal\u0131y\u0131 kamyonlarla ta\u015f\u0131yarak olay mahalline getiriyorlar.&nbsp;<\/p>\n\n\n\n<p>Bunlar\u0131n aras\u0131nda 40 ki\u015fi uyu\u015fturucu ba\u011f\u0131ml\u0131s\u0131.. bir k\u0131sm\u0131 ya\u011fma ve yaralamalara kat\u0131lm\u0131\u015f sab\u0131kal\u0131lar&nbsp;&nbsp;<\/p>\n\n\n\n<p>Ama&nbsp;<\/p>\n\n\n\n<p>\u0130\u015fin ilgin\u00e7 taraf\u0131 aralar\u0131nda tacizden sab\u0131kal\u0131lar da var ve bunlar sap\u0131\u011fa haddini bildirecekmi\u015f.&nbsp;<\/p>\n\n\n\n<p>Netice malum\u2026&nbsp;<\/p>\n\n\n\n<p>Masum insanlar\u0131n evlerini arabalar\u0131n\u0131 yak\u0131yorlar.&nbsp;<\/p>\n\n\n\n<p><strong>SAVA\u015e&nbsp;&nbsp;<\/strong><\/p>\n\n\n\n<p><strong>SADECE S\u0130LAHLA OLMUYOR&nbsp;<\/strong><\/p>\n\n\n\n<p>Sava\u015f ba\u015flad\u0131\u011f\u0131 anda&nbsp;<\/p>\n\n\n\n<p>Veya ba\u015flamadan \u00f6nce en \u00f6nemli silah medyad\u0131r. Bununla kitleleri y\u00f6nlendirir silah\u0131n yapamayaca\u011f\u0131 tahribat\u0131 yapars\u0131n\u0131z.&nbsp;<\/p>\n\n\n\n<p><strong>K\u00dcRESEL&nbsp;&nbsp;<\/strong><\/p>\n\n\n\n<p><strong>S\u0130YON\u0130ST G\u00dcC\u00dcN MEDYASI&nbsp;<\/strong><\/p>\n\n\n\n<p>Maalesef \u015fu anda bu medya;&nbsp;&nbsp;<\/p>\n\n\n\n<p>A\u011f\u0131rl\u0131kl\u0131 olarak k\u00fcresel Siyonist g\u00fcc\u00fcn elinde.&nbsp;<\/p>\n\n\n\n<p>Nitekim&nbsp;<\/p>\n\n\n\n<p>\u0130\u00e7i\u015fleri bakan\u0131n\u0131n yapm\u0131\u015f oldu\u011fu a\u00e7\u0131klamada, halk\u0131 galeyana getiren sosyal medyan\u0131n %68\u2019i provokatif ama\u00e7l\u0131 oldu\u011fu.. %37\u2019sinin de bot hesap oldu\u011funu a\u00e7\u0131klad\u0131.&nbsp;<\/p>\n\n\n\n<p><strong>AYNI G\u00dc\u00c7 SUR\u0130YE\u2019DE\u2026&nbsp;<\/strong>&nbsp;<\/p>\n\n\n\n<p>Kayseri\u2019de&nbsp;&nbsp;<\/p>\n\n\n\n<p>Suriyelilerin evlerini arabalar\u0131n\u0131 yak\u0131p ya\u011fmalamas\u0131n\u0131 sa\u011flayan ayn\u0131 Siyonist el Suriye\u2019nin El-Bab \u015fehrinde T\u00fcrk bayra\u011f\u0131n\u0131 indirip yak\u0131yor. T\u00fcrk TIR\u2019lar\u0131n\u0131 durdurup zarar veriyor.&nbsp;<\/p>\n\n\n\n<p>Ba\u015fka yerlerde de benzer hadiseler cereyan ediyor&nbsp;<\/p>\n\n\n\n<p><strong>AMA T\u00dcRK\u0130YE&nbsp;<\/strong><\/p>\n\n\n\n<p><strong>ESK\u0130 T\u00dcRK\u0130YE DE\u011e\u0130L&nbsp;<\/strong><\/p>\n\n\n\n<p>Ancak T\u00fcrkiye&nbsp;<\/p>\n\n\n\n<p>Bu bayatlam\u0131\u015f oyunlara pabu\u00e7 b\u0131rakacak bir \u00fclke de\u011fil art\u0131k.&nbsp;<\/p>\n\n\n\n<p>Her ne kadar&nbsp;<\/p>\n\n\n\n<p>Olaylar\u0131n bast\u0131r\u0131lmas\u0131 s\u0131ras\u0131nda 10 polis yaraland\u0131ysa da&nbsp;<\/p>\n\n\n\n<p>Hem Kayseri\u2019de hem de Suriye\u2019de kontrol ele ge\u00e7irilmi\u015f olaylar yat\u0131\u015fm\u0131\u015ft\u0131r.&nbsp;<\/p>\n\n\n\n<p><strong>E\u011eER&nbsp;&nbsp;<\/strong><\/p>\n\n\n\n<p><strong>PROVOKAT\u00d6RLER TUTUKLANMASA\u2026<\/strong>&nbsp;<\/p>\n\n\n\n<p>\u2026 70 sab\u0131kal\u0131n\u0131n h\u00e2kim kar\u015f\u0131s\u0131na \u00e7\u0131kar\u0131lmas\u0131 hi\u00e7bir \u015fey ifade etmez as\u0131l olan onlar\u0131 sahaya s\u00fcrenlerdir.&nbsp;<\/p>\n\n\n\n<p>Devletimiz&nbsp;<\/p>\n\n\n\n<p>\u0130ki \u015feyin \u00fczerine hassasiyetle durmal\u0131.&nbsp;<\/p>\n\n\n\n<p>Birincisi&nbsp;<\/p>\n\n\n\n<p>\u00dclkemizde 5. Kol faaliyeti y\u00fcr\u00fcten mahfillerin de\u015fifre edilmesi ve haklar\u0131nda kanuni i\u015flemlerin yap\u0131lmas\u0131\u2026&nbsp;<\/p>\n\n\n\n<p>\u0130kincisi&nbsp;<\/p>\n\n\n\n<p>Almanya\u2019da oldu\u011fu gibi;&nbsp;<\/p>\n\n\n\n<p>Nas\u0131l ki, Nazi partileri kurulamaz ve \u0131rk\u00e7\u0131 s\u00f6ylemler yasaksa&nbsp;<\/p>\n\n\n\n<p>Bizde de&nbsp;<\/p>\n\n\n\n<p>Tamamen \u0131rk\u00e7\u0131 s\u00f6ylemlerden beslenen \u00dc. \u00d6zda\u011f\u2019\u0131n partisi vb. gibi partiler hakk\u0131nda gerekli kanuni d\u00fczenlemeler acilen yap\u0131lmal\u0131d\u0131r.&nbsp;<\/p>\n\n\n\n<p><strong>OYU K\u00dc\u00c7\u00dcK<\/strong>&nbsp;&nbsp;<\/p>\n\n\n\n<p><strong>AMA F\u0130TNE B\u00dcY\u00dcK&nbsp;&nbsp;&nbsp;<\/strong><\/p>\n\n\n\n<p>\u00dc. \u00d6zda\u011f \u015fu anda %2 civar\u0131nda oy al\u0131yor&nbsp;<\/p>\n\n\n\n<p>Ama&nbsp;<\/p>\n\n\n\n<p>Sinelerde yakt\u0131\u011f\u0131 ate\u015f \u00e7ok b\u00fcy\u00fck.&nbsp;<\/p>\n\n\n\n<p>S\u00f6yledi\u011fi \u015feyler bilhassa gen\u00e7 ku\u015fa\u011f\u0131n ho\u015funa gidiyor&nbsp;&nbsp;<\/p>\n\n\n\n<p>Ancak&nbsp;&nbsp;<\/p>\n\n\n\n<p>Bu gen\u00e7ler yar\u0131n sa\u011fa sola sald\u0131r\u0131p masum insanlar\u0131n evini arabas\u0131n\u0131 ate\u015fe verirse ne olacak?&nbsp;<\/p>\n\n\n\n<p><strong>KOBAN\u0130 OLAYLARI<\/strong>&nbsp;<\/p>\n\n\n\n<p>Unutmayal\u0131m ki,&nbsp;<\/p>\n\n\n\n<p>Kobani olaylar\u0131 benzer bir fitne ate\u015finin yak\u0131lmas\u0131 ile ba\u015flam\u0131\u015f ve bize faturas\u0131 \u00e7ok a\u011f\u0131r olmu\u015ftu.&nbsp;<\/p>\n\n\n\n<p><strong>K\u00dcRT GEN\u00c7LER\u0130 \u0130LE&nbsp;<\/strong><\/p>\n\n\n\n<p><strong>\u00dc. \u00d6ZDA\u011e\u2019IN PART\u0130ZANLARI&nbsp;&nbsp;<\/strong><\/p>\n\n\n\n<p>Bug\u00fcn Suriyelilere sald\u0131ranlar&nbsp;<\/p>\n\n\n\n<p>Beslendikleri \u0131rk\u00e7\u0131 s\u00f6ylemlerle K\u00fcrtlere sald\u0131rd\u0131klar\u0131 anda \u00fclkede ne kadar b\u00fcy\u00fck bir fitne ate\u015finin yak\u0131laca\u011f\u0131n\u0131 s\u00f6ylemeye gerek yok.&nbsp;<\/p>\n\n\n\n<p>Bundan dolay\u0131&nbsp;<\/p>\n\n\n\n<p>Devletimiz \u015fimdiden bu \u0131rk\u00e7\u0131 s\u00f6ylem ve eylemlere ge\u00e7it vermeyerek, ileride olabilecek b\u00fcy\u00fck fitneye kar\u015f\u0131 tedbir almal\u0131d\u0131r.&nbsp;&nbsp;<\/p>\n\n\n\n<p>Allah&nbsp;<\/p>\n\n\n\n<p>Zalimlere, hainlere, fitnecilere f\u0131rsat vermesin.&nbsp;<\/p>\n\n\n\n<p>\u00c2min\u2026&nbsp;<\/p>\n\n\n\n<p>02.07.2024&nbsp;<\/p>\n","protected":false},"excerpt":{"rendered":"<p>Emin Batur D\u00dcNYADA SAVA\u015e&nbsp; Sava\u015f\u0131n&nbsp; Ayak sesleri yakla\u015ft\u0131k\u00e7a \u00fclkeler de saflar\u0131n\u0131 belirlemek \u00fczere yeni ittifak aray\u0131\u015flar\u0131na giriyor.&nbsp; Putin\u2019in \u00c7in ve K. Kore seyahatleri bunun i\u00e7indir.&nbsp; \u0130SRA\u0130L-GAZZE&nbsp; \u0130srail&nbsp;&nbsp; Kendisine kar\u015f\u0131 bir ittifak olmadan Gazze\u2019nin i\u015fini bir an \u00f6nce bitirmek i\u00e7in ta\u015f \u00fcst\u00fcnde ta\u015f b\u0131rakmamacas\u0131na sald\u0131r\u0131yor.&nbsp; \u0130SRA\u0130L-SUR\u0130YE&nbsp; Bu s\u0131rada&nbsp; Suriye, \u0130ran veya L\u00fcbnan\u2019dan gelecek bir tehlikeye \u00f6n &hellip;<\/p>\n","protected":false},"author":14,"featured_media":50652,"comment_status":"open","ping_status":"open","sticky":false,"template":"","format":"standard","meta":{"om_disable_all_campaigns":false,"_themeisle_gutenberg_block_has_review":false,"_joinchat":[],"footnotes":""},"categories":[56,38,43],"tags":[],"class_list":["post-50650","post","type-post","status-publish","format-standard","has-post-thumbnail","","category-emin","category-guncel","category-yazarlar"],"_links":{"self":[{"href":"https:\/\/akincilardergisi.com\/tr\/wp-json\/wp\/v2\/posts\/50650","targetHints":{"allow":["GET"]}}],"collection":[{"href":"https:\/\/akincilardergisi.com\/tr\/wp-json\/wp\/v2\/posts"}],"about":[{"href":"https:\/\/akincilardergisi.com\/tr\/wp-json\/wp\/v2\/types\/post"}],"author":[{"embeddable":true,"href":"https:\/\/akincilardergisi.com\/tr\/wp-json\/wp\/v2\/users\/14"}],"replies":[{"embeddable":true,"href":"https:\/\/akincilardergisi.com\/tr\/wp-json\/wp\/v2\/comments?post=50650"}],"version-history":[{"count":0,"href":"https:\/\/akincilardergisi.com\/tr\/wp-json\/wp\/v2\/posts\/50650\/revisions"}],"wp:featuredmedia":[{"embeddable":true,"href":"https:\/\/akincilardergisi.com\/tr\/wp-json\/wp\/v2\/media\/50652"}],"wp:attachment":[{"href":"https:\/\/akincilardergisi.com\/tr\/wp-json\/wp\/v2\/media?parent=50650"}],"wp:term":[{"taxonomy":"category","embeddable":true,"href":"https:\/\/akincilardergisi.com\/tr\/wp-json\/wp\/v2\/categories?post=50650"},{"taxonomy":"post_tag","embeddable":true,"href":"https:\/\/akincilardergisi.com\/tr\/wp-json\/wp\/v2\/tags?post=50650"}],"curies":[{"name":"wp","href":"https:\/\/api.w.org\/{rel}","templated":true}]}}