{"id":50618,"date":"2024-06-26T01:35:57","date_gmt":"2024-06-25T22:35:57","guid":{"rendered":"https:\/\/akincilardergisi.com\/tr\/?p=50618"},"modified":"2024-06-26T01:42:22","modified_gmt":"2024-06-25T22:42:22","slug":"suriyeli-bir-aile","status":"publish","type":"post","link":"https:\/\/akincilardergisi.com\/tr\/suriyeli-bir-aile\/","title":{"rendered":"SUR\u0130YEL\u0130 B\u0130R A\u0130LE"},"content":{"rendered":"\n<p><strong>Emin Batur<\/strong><\/p>\n\n\n\n<p>Asl\u0131nda bir de\u011fil.. binlerce onbinlerce<\/p>\n\n\n\n<p>Ama<\/p>\n\n\n\n<p>Ben bir tanesinden bahsedece\u011fim.<\/p>\n\n\n\n<p>Bu ailenin bilgileri bende mevcut.. \u00e7\u00f6z\u00fcm bulmak isteyenlere bu bilgileri verebilirim.<\/p>\n\n\n\n<p>MUTLU B\u0130R A\u0130LE<\/p>\n\n\n\n<p>Yusuf<\/p>\n\n\n\n<p>T\u00fcrkiye\u2019ye yak\u0131n Firdevs \u015fehrinde \u00e7oluk \u00e7ocu\u011fu ile huzurlu bir hayat s\u00fcrerken Tunus\u2019tan patlayan dalgan\u0131n Suriye k\u0131y\u0131lar\u0131n\u0131 da vuraca\u011f\u0131ndan habersiz bir \u015fekilde ya\u015f\u0131yordu.<\/p>\n\n\n\n<p>Okuma-yazmas\u0131 da olmad\u0131\u011f\u0131 i\u00e7in kulaktan duyma bilgiler veya \u00e7ocuklar\u0131n\u0131n aktard\u0131klar\u0131 ile yetiniyordu.<\/p>\n\n\n\n<p>\u015eam\u2019\u0131n varo\u015flar\u0131nda Dar\u2019a da \u00e7ocuklar\u0131n duvara yazd\u0131\u011f\u0131 basit bir slogan\u0131n \u00fclkeyi kan g\u00f6l\u00fcne \u00e7evirece\u011fini nereden bilebilirdi ki\u2026<\/p>\n\n\n\n<p>END\u0130\u015eEL\u0130 BEKLEY\u0130\u015e<\/p>\n\n\n\n<p>\u2026 Ama rejimin<\/p>\n\n\n\n<p>\u00c7ok kat\u0131.. gaddar ve zalim oldu\u011funu biliyordu.<\/p>\n\n\n\n<p>Binaenaleyh<\/p>\n\n\n\n<p>Bu kar\u0131\u015f\u0131kl\u0131klar\u0131 hi\u00e7 de hayra yormad\u0131<\/p>\n\n\n\n<p>Ve<\/p>\n\n\n\n<p>Be\u015f\u015far Esad\u2019a \u201cSenin de sonun geldi Doktor\u201d diyen \u00e7ocuklara belki de i\u00e7inden k\u0131zm\u0131\u015ft\u0131 ama ok yaydan \u00e7\u0131km\u0131\u015f \u00e7ocuklar i\u00e7eri al\u0131nm\u0131\u015f ve aileleri ile g\u00f6r\u00fc\u015ft\u00fcr\u00fclmeyince protesto g\u00f6sterileri ba\u015flam\u0131\u015ft\u0131 bile.<\/p>\n\n\n\n<p>KATL\u0130AM BA\u015eLIYOR<\/p>\n\n\n\n<p>\u201cVay!<\/p>\n\n\n\n<p>Baas rejiminde protesto ha\u2026 Ben size protestonun ne oldu\u011funu g\u00f6sterece\u011fim!\u201d<\/p>\n\n\n\n<p>\u00c7ocuklar\u0131n\u0131 isteyen protestocu anne babalar\u0131n \u00fczerine ate\u015f a\u00e7\u0131ld\u0131. Ortal\u0131k kan g\u00f6l\u00fcne d\u00f6nd\u00fc.<\/p>\n\n\n\n<p>Bu arada<\/p>\n\n\n\n<p>Tunus..Libya ve M\u0131s\u0131r\u2019\u0131n da diktat\u00f6rleri ya ka\u00e7t\u0131 veya yakalanarak lin\u00e7 edildi\u011fini g\u00f6ren Suriye\u2019nin muhalif liderleri bu zul\u00fcm kar\u015f\u0131s\u0131nda daha fazla dayanamay\u0131p silaha sar\u0131ld\u0131.<\/p>\n\n\n\n<p>Bundan sonras\u0131 malum\u2026<\/p>\n\n\n\n<p>Be\u015f\u015far Esad<\/p>\n\n\n\n<p>Rusya ve \u0130ran\u2019\u0131n deste\u011fi ile hedef g\u00f6zetmeksizin evlerin \u00fczerine varil bombalar\u0131 b\u0131rakmaya ba\u015flad\u0131.<\/p>\n\n\n\n<p>Yani<\/p>\n\n\n\n<p>Bug\u00fcn GAZZE\u2019de ya\u015fananlar\u0131n daha fecisini kendi halk\u0131na ya\u015fatt\u0131.<\/p>\n\n\n\n<p>YUSUF\u2019UN DA EV\u0130 BOMBALANIYOR<\/p>\n\n\n\n<p>Yusuf\u2019un<\/p>\n\n\n\n<p>Bu olaylarda ne kadar dahli var bilmiyoruz.<\/p>\n\n\n\n<p>Zaten dahli olsa bile cirmi kadar yer yakar. Alt\u0131 \u00e7ocuklu k\u0131t kanaat ge\u00e7inen biri ama kendi evinde mutlu ve huzurluydu.<\/p>\n\n\n\n<p>Ta ki,<\/p>\n\n\n\n<p>Bir varil bombas\u0131 da evlerine d\u00fc\u015fene kadar.<\/p>\n\n\n\n<p>Evleri ba\u015flar\u0131na y\u0131k\u0131l\u0131yor ama neyse ki, ufak tefek yaralar haricinde can kayb\u0131 olmuyor. Sadece han\u0131m\u0131n\u0131n parmaklar\u0131 kopuyor.<\/p>\n\n\n\n<p>\u015eimdiye kadar dayanm\u0131\u015ft\u0131 ama evi ba\u015f\u0131na y\u0131k\u0131l\u0131nca<\/p>\n\n\n\n<p>Can havli ile<\/p>\n\n\n\n<p>Ailesini kap\u0131p T\u00fcrkiye\u2019ye ka\u00e7\u0131yor.<\/p>\n\n\n\n<p>ME\u011eERSE<\/p>\n\n\n\n<p>YUSUF\u2019UN \u00c7\u0130LES\u0130 B\u0130TMEM\u0130\u015e<\/p>\n\n\n\n<p>Yusuf<\/p>\n\n\n\n<p>\u0130stanbul Gaziosmanpa\u015fa\u2019da bir bodrum kat\u0131na sakat han\u0131m\u0131 ve alt\u0131 \u00e7ocu\u011fu ile yerle\u015fiyor.<\/p>\n\n\n\n<p>Hay\u0131rsever vatanda\u015flar\u0131m\u0131z birle\u015fip kendisine bir motor al\u0131yorlar.<\/p>\n\n\n\n<p>O da bununla \u00e7\u00f6p konteynerlerinden k\u00e2\u011f\u0131t, pet \u015fi\u015fe vb. gibi \u015feyler toplayarak ge\u00e7imini sa\u011flamaya \u00e7al\u0131\u015f\u0131yor<\/p>\n\n\n\n<p>Ama\u2026<\/p>\n\n\n\n<p>G\u00d6\u00c7 \u0130DARES\u0130NDEK\u0130<\/p>\n\n\n\n<p>MEMURUN \u0130\u015eG\u00dcZARLI\u011eI<\/p>\n\n\n\n<p>\u2026 Me\u011ferse<\/p>\n\n\n\n<p>Han\u0131m\u0131 ve \u00e7ocuklar\u0131na \u0130stanbul ikameti verilmi\u015fken kendisine Ankara ikameti verilmi\u015f.<\/p>\n\n\n\n<p>Yard\u0131mc\u0131 olan hay\u0131rsever vatanda\u015flar\u0131m\u0131z bu basit hatay\u0131 d\u00fczeltmek i\u00e7in \u00e7almad\u0131k kap\u0131 b\u0131rakm\u0131yorlar ama \u0131-\u0131h\u2026 M\u00fcmk\u00fcn de\u011fil.<\/p>\n\n\n\n<p>Yine bir g\u00fcn \u00e7\u00f6pten k\u00e2\u011f\u0131t vs. toplarken polisler yakal\u0131yor.<\/p>\n\n\n\n<p>Kendisi i\u00e7in b\u00fcy\u00fck bir servet olan ekmek teknesi motoruna el koyuyorlar. Kendisini de hemen s\u0131n\u0131r d\u0131\u015f\u0131\u2026<\/p>\n\n\n\n<p>HAYIR! HEMEN SINIRDI\u015eI ED\u0130LM\u0130YOR<\/p>\n\n\n\n<p>B\u00fcrokrasi hazretleri onu hemen s\u0131n\u0131r d\u0131\u015f\u0131 eder mi?<\/p>\n\n\n\n<p>\u00d6nce Gaziosmanpa\u015fa\u2019dan Tuzla G\u00f6\u00e7 \u0130daresi\u2019ne,<\/p>\n\n\n\n<p>Oradan Ankara\u2019ya.. Ankara\u2019dan G. Antep\u2019e\u2026 Nihayet Kilis.<\/p>\n\n\n\n<p>Yusuf<\/p>\n\n\n\n<p>O so\u011fuk g\u00fcnlerin etkisiyle 11 g\u00fcn nezarethanelerde kal\u0131nca halsiz d\u00fc\u015f\u00fcyor. Serum verilip kendisine gelince o zaman s\u0131n\u0131r d\u0131\u015f\u0131 ediyorlar.<\/p>\n\n\n\n<p>B\u0130Z\u0130M \u0130\u00c7\u0130N NE KADAR BAS\u0130T<\/p>\n\n\n\n<p>Okurken bizim i\u00e7in ne kadar basit de\u011fil mi?<\/p>\n\n\n\n<p>Han\u0131m\u0131 sakat.. \u00e7al\u0131\u015famaz.<\/p>\n\n\n\n<p>6 \u00e7ocu\u011fun be\u015fi geli\u015fmemi\u015f. Birinde kalp pili var. \u0130ki \u00e7ocu\u011fu Medipol hastanesinde ameliyat edildi. Yine hay\u0131rseverlerin yard\u0131m\u0131 ile 50.000 lira toplan\u0131p \u00f6dendi.<\/p>\n\n\n\n<p>B\u00f6yle bir babay\u0131 kolundan tutup s\u0131n\u0131r d\u0131\u015f\u0131 ediyorsun.<\/p>\n\n\n\n<p>Neticede adam\u0131n ikameti var. Ankara\u2019ya g\u00f6nder durumu anlat\u0131p d\u00fczelt..ama \u00f6yle olmuyor.<\/p>\n\n\n\n<p>VEBALI MUAMELES\u0130<\/p>\n\n\n\n<p>Adamca\u011f\u0131z\u0131n ikameti oldu\u011fu i\u00e7in geri geliyor<\/p>\n\n\n\n<p>Ama<\/p>\n\n\n\n<p>Art\u0131k evden d\u0131\u015far\u0131 \u00e7\u0131kam\u0131yor.<\/p>\n\n\n\n<p>\u015eu anda di\u015f a\u011fr\u0131s\u0131 \u00e7ekiyor ama di\u015f\u00e7iye de gidemiyor.<\/p>\n\n\n\n<p>\u00c7\u00fcnk\u00fc<\/p>\n\n\n\n<p>Hem paras\u0131 yok hem s\u0131n\u0131r d\u0131\u015f\u0131 ederler diye korkuyor.<\/p>\n\n\n\n<p>Yine hay\u0131rsever bir vatanda\u015f\u0131m\u0131z arabas\u0131na al\u0131p g\u00f6t\u00fcrd\u00fc\u011f\u00fcn\u00fc s\u00f6yledi. \u0130\u015fini g\u00fcc\u00fcn\u00fc b\u0131rakm\u0131\u015f ba\u015f\u0131nda n\u00f6bet\u00e7i gibi bekliyor.<\/p>\n\n\n\n<p>Sa\u011f olsun o karde\u015fimiz ara s\u0131ra al\u0131p bah\u00e7esine de g\u00f6t\u00fcr\u00fcyor. Biraz hava al\u0131p dertlerini unutsun diye.<\/p>\n\n\n\n<p>\u201cSI\u011eINMACI DED\u0130K \u0130NSAN \u00c7IKTI!\u201d<\/p>\n\n\n\n<p>Almanya\u2019ya giden i\u015f\u00e7ilerimiz i\u00e7in<\/p>\n\n\n\n<p>Bir Alman yetkili,<\/p>\n\n\n\n<p>&#8211; \u0130\u015f\u00e7i istedik insan \u00e7\u0131kt\u0131lar!<\/p>\n\n\n\n<p>Demi\u015fti ya.<\/p>\n\n\n\n<p>\u015eimdi de keyfi yerinde ba\u015f\u0131na hi\u00e7bir musibet gelmeyecekmi\u015f gibi; Karun hayat\u0131 ya\u015fayanlar s\u0131\u011f\u0131nmac\u0131lar\u0131 oradan oraya ta\u015f\u0131nacak e\u015fya gibi g\u00f6r\u00fcyorlar.<\/p>\n\n\n\n<p>Bunlar<\/p>\n\n\n\n<p>Allah&#8217; \u0131n (cc) m\u00fcntakim oldu\u011funu unutmu\u015f g\u00f6r\u00fcn\u00fcyorlar.<\/p>\n\n\n\n<p>Allah intikam al\u0131c\u0131lar\u0131n en hay\u0131rl\u0131s\u0131d\u0131r.<\/p>\n","protected":false},"excerpt":{"rendered":"<p>Emin Batur Asl\u0131nda bir de\u011fil.. binlerce onbinlerce Ama Ben bir tanesinden bahsedece\u011fim. Bu ailenin bilgileri bende mevcut.. \u00e7\u00f6z\u00fcm bulmak isteyenlere bu bilgileri verebilirim. MUTLU B\u0130R A\u0130LE Yusuf T\u00fcrkiye\u2019ye yak\u0131n Firdevs \u015fehrinde \u00e7oluk \u00e7ocu\u011fu ile huzurlu bir hayat s\u00fcrerken Tunus\u2019tan patlayan dalgan\u0131n Suriye k\u0131y\u0131lar\u0131n\u0131 da vuraca\u011f\u0131ndan habersiz bir \u015fekilde ya\u015f\u0131yordu. Okuma-yazmas\u0131 da olmad\u0131\u011f\u0131 i\u00e7in kulaktan duyma &hellip;<\/p>\n","protected":false},"author":14,"featured_media":50621,"comment_status":"open","ping_status":"open","sticky":false,"template":"","format":"standard","meta":{"om_disable_all_campaigns":false,"_themeisle_gutenberg_block_has_review":false,"_joinchat":[],"footnotes":""},"categories":[56,38,43],"tags":[],"class_list":["post-50618","post","type-post","status-publish","format-standard","has-post-thumbnail","","category-emin","category-guncel","category-yazarlar"],"_links":{"self":[{"href":"https:\/\/akincilardergisi.com\/tr\/wp-json\/wp\/v2\/posts\/50618","targetHints":{"allow":["GET"]}}],"collection":[{"href":"https:\/\/akincilardergisi.com\/tr\/wp-json\/wp\/v2\/posts"}],"about":[{"href":"https:\/\/akincilardergisi.com\/tr\/wp-json\/wp\/v2\/types\/post"}],"author":[{"embeddable":true,"href":"https:\/\/akincilardergisi.com\/tr\/wp-json\/wp\/v2\/users\/14"}],"replies":[{"embeddable":true,"href":"https:\/\/akincilardergisi.com\/tr\/wp-json\/wp\/v2\/comments?post=50618"}],"version-history":[{"count":0,"href":"https:\/\/akincilardergisi.com\/tr\/wp-json\/wp\/v2\/posts\/50618\/revisions"}],"wp:featuredmedia":[{"embeddable":true,"href":"https:\/\/akincilardergisi.com\/tr\/wp-json\/wp\/v2\/media\/50621"}],"wp:attachment":[{"href":"https:\/\/akincilardergisi.com\/tr\/wp-json\/wp\/v2\/media?parent=50618"}],"wp:term":[{"taxonomy":"category","embeddable":true,"href":"https:\/\/akincilardergisi.com\/tr\/wp-json\/wp\/v2\/categories?post=50618"},{"taxonomy":"post_tag","embeddable":true,"href":"https:\/\/akincilardergisi.com\/tr\/wp-json\/wp\/v2\/tags?post=50618"}],"curies":[{"name":"wp","href":"https:\/\/api.w.org\/{rel}","templated":true}]}}