{"id":50390,"date":"2024-09-30T00:05:20","date_gmt":"2024-09-29T21:05:20","guid":{"rendered":"https:\/\/akincilardergisi.com\/tr\/?p=50390"},"modified":"2024-11-30T00:42:29","modified_gmt":"2024-11-29T21:42:29","slug":"gezi-notlari","status":"publish","type":"post","link":"https:\/\/akincilardergisi.com\/tr\/gezi-notlari\/","title":{"rendered":"Gezi Notlar\u0131"},"content":{"rendered":"\n<p><strong>Kemal Filiz<\/strong><\/p>\n\n\n\n<p>Kendi \u00fclkemizie gezmek kendi k\u00fclt\u00fcritarih ve ca\u011frafyam\u0131z\u0131 tan\u0131makt\u0131r. Kendi tarih, k\u00fclt\u00fcr ve co\u011frafyam\u0131z\u0131 tan\u0131mak kendimizi tan\u0131mak ve ke\u015ffetmekle e\u015f de\u011ferlidir.<\/p>\n\n\n\n<p>Biz, kimiz, nereden geliyor nereye gidiyoruz, hangi tarih ve k\u00fclt\u00fcr havzas\u0131n\u0131n \u00e7ocuklar\u0131y\u0131z bunlar\u0131 bilmek gelece\u011fimizi kurgulamak a\u00e7\u0131s\u0131ndan \u00e7ok de\u011ferli ve \u00f6nemlidir.<\/p>\n\n\n\n<figure class=\"wp-block-image size-large\"><img loading=\"lazy\" decoding=\"async\" width=\"1024\" height=\"768\" src=\"https:\/\/akincilardergisi.com\/tr\/wp-content\/uploads\/2024\/05\/WhatsApp-Gorsel-2024-05-23-saat-10-45-20_8b2393ad-1024x768.jpg\" alt=\"\" class=\"wp-image-50392\" srcset=\"https:\/\/akincilardergisi.com\/tr\/wp-content\/uploads\/2024\/05\/WhatsApp-Gorsel-2024-05-23-saat-10-45-20_8b2393ad-1024x768.jpg 1024w, https:\/\/akincilardergisi.com\/tr\/wp-content\/uploads\/2024\/05\/WhatsApp-Gorsel-2024-05-23-saat-10-45-20_8b2393ad-300x225.jpg 300w, https:\/\/akincilardergisi.com\/tr\/wp-content\/uploads\/2024\/05\/WhatsApp-Gorsel-2024-05-23-saat-10-45-20_8b2393ad-768x576.jpg 768w, https:\/\/akincilardergisi.com\/tr\/wp-content\/uploads\/2024\/05\/WhatsApp-Gorsel-2024-05-23-saat-10-45-20_8b2393ad-1536x1152.jpg 1536w, https:\/\/akincilardergisi.com\/tr\/wp-content\/uploads\/2024\/05\/WhatsApp-Gorsel-2024-05-23-saat-10-45-20_8b2393ad.jpg 2048w\" sizes=\"auto, (max-width: 1024px) 100vw, 1024px\" \/><\/figure>\n\n\n\n<p>Bu gezi notlar\u0131mda sizleri tarih \u00f6ncesine g\u00f6t\u00fcrmek istiyorum. T\u00fcrkler Anadaoluya gelmeden bu yurtta ya\u015fayan tarih \u00f6ncesi insanlar\u0131n ve medeniyetin be\u015fi\u011fi olan Anadolunun en kadim tarihi miras\u0131 olan Hattu\u015fa&#8217; ya. Orada \u00e7ekti\u011fim foto\u011fraflar\u0131 payla\u015fmak, duygu ve d\u00fc\u015f\u00fcncelerimin bir k\u0131sm\u0131n\u0131 sizlere de taatt\u0131rmak benim i\u00e7in bir onur ve zevk.<\/p>\n\n\n\n<figure class=\"wp-block-image size-large\"><img loading=\"lazy\" decoding=\"async\" width=\"1024\" height=\"768\" src=\"https:\/\/akincilardergisi.com\/tr\/wp-content\/uploads\/2024\/05\/WhatsApp-Gorsel-2024-05-23-saat-10-45-49_8b4f837c-1024x768.jpg\" alt=\"\" class=\"wp-image-50394\" srcset=\"https:\/\/akincilardergisi.com\/tr\/wp-content\/uploads\/2024\/05\/WhatsApp-Gorsel-2024-05-23-saat-10-45-49_8b4f837c-1024x768.jpg 1024w, https:\/\/akincilardergisi.com\/tr\/wp-content\/uploads\/2024\/05\/WhatsApp-Gorsel-2024-05-23-saat-10-45-49_8b4f837c-300x225.jpg 300w, https:\/\/akincilardergisi.com\/tr\/wp-content\/uploads\/2024\/05\/WhatsApp-Gorsel-2024-05-23-saat-10-45-49_8b4f837c-768x576.jpg 768w, https:\/\/akincilardergisi.com\/tr\/wp-content\/uploads\/2024\/05\/WhatsApp-Gorsel-2024-05-23-saat-10-45-49_8b4f837c-1536x1152.jpg 1536w, https:\/\/akincilardergisi.com\/tr\/wp-content\/uploads\/2024\/05\/WhatsApp-Gorsel-2024-05-23-saat-10-45-49_8b4f837c.jpg 2048w\" sizes=\"auto, (max-width: 1024px) 100vw, 1024px\" \/><\/figure>\n\n\n\n<p>\u00dclkemiz kadar tarihimiz de g\u00fczel ve muhte\u015fem. Oralar\u0131 gezmek g\u00f6rmek ve bilmek laz\u0131m. O da bizzat oran\u0131n ta\u015f\u0131na topra\u011f\u0131na dokunarak, tarihinin derinliklerinden gelen sesleri ve iniltileri, ninnileri ve kahramanl\u0131klar\u0131 ac\u0131lar\u0131 ve h\u00fcz\u00fcnleri duyup onlara ortak olmakla oluyor.<\/p>\n\n\n\n<figure class=\"wp-block-image size-large\"><img loading=\"lazy\" decoding=\"async\" width=\"1024\" height=\"768\" src=\"https:\/\/akincilardergisi.com\/tr\/wp-content\/uploads\/2024\/05\/WhatsApp-Gorsel-2024-05-23-saat-10-46-55_f85bdb42-1024x768.jpg\" alt=\"\" class=\"wp-image-50395\" srcset=\"https:\/\/akincilardergisi.com\/tr\/wp-content\/uploads\/2024\/05\/WhatsApp-Gorsel-2024-05-23-saat-10-46-55_f85bdb42-1024x768.jpg 1024w, https:\/\/akincilardergisi.com\/tr\/wp-content\/uploads\/2024\/05\/WhatsApp-Gorsel-2024-05-23-saat-10-46-55_f85bdb42-300x225.jpg 300w, https:\/\/akincilardergisi.com\/tr\/wp-content\/uploads\/2024\/05\/WhatsApp-Gorsel-2024-05-23-saat-10-46-55_f85bdb42-768x576.jpg 768w, https:\/\/akincilardergisi.com\/tr\/wp-content\/uploads\/2024\/05\/WhatsApp-Gorsel-2024-05-23-saat-10-46-55_f85bdb42-1536x1152.jpg 1536w, https:\/\/akincilardergisi.com\/tr\/wp-content\/uploads\/2024\/05\/WhatsApp-Gorsel-2024-05-23-saat-10-46-55_f85bdb42.jpg 2048w\" sizes=\"auto, (max-width: 1024px) 100vw, 1024px\" \/><\/figure>\n\n\n\n<p>Bir kale kap\u0131s\u0131ndan kadim bir \u015fehrin yanm\u0131\u015f y\u0131k\u0131lm\u0131\u015f mahallelerine girmek, oralardan bir bin ikibin y\u0131ll\u0131k bir geriye nuzanmak bir saniyelikte olsa o zaman\u0131 ya\u015famak veya hissetmek kadarr insana mutluluk veren ne olabilir ki. Dokundu\u011funuz her ta\u015f, toprak, antik  alet edeavat insanl\u0131\u011f\u0131n gelecek nesillere b\u0131rakt\u0131\u011f\u0131 bir miras.<\/p>\n\n\n\n<figure class=\"wp-block-image size-large\"><img loading=\"lazy\" decoding=\"async\" width=\"1024\" height=\"768\" src=\"https:\/\/akincilardergisi.com\/tr\/wp-content\/uploads\/2024\/05\/WhatsApp-Gorsel-2024-05-23-saat-10-47-58_c913ba12-1024x768.jpg\" alt=\"\" class=\"wp-image-50396\" srcset=\"https:\/\/akincilardergisi.com\/tr\/wp-content\/uploads\/2024\/05\/WhatsApp-Gorsel-2024-05-23-saat-10-47-58_c913ba12-1024x768.jpg 1024w, https:\/\/akincilardergisi.com\/tr\/wp-content\/uploads\/2024\/05\/WhatsApp-Gorsel-2024-05-23-saat-10-47-58_c913ba12-300x225.jpg 300w, https:\/\/akincilardergisi.com\/tr\/wp-content\/uploads\/2024\/05\/WhatsApp-Gorsel-2024-05-23-saat-10-47-58_c913ba12-768x576.jpg 768w, https:\/\/akincilardergisi.com\/tr\/wp-content\/uploads\/2024\/05\/WhatsApp-Gorsel-2024-05-23-saat-10-47-58_c913ba12-1536x1152.jpg 1536w, https:\/\/akincilardergisi.com\/tr\/wp-content\/uploads\/2024\/05\/WhatsApp-Gorsel-2024-05-23-saat-10-47-58_c913ba12.jpg 2048w\" sizes=\"auto, (max-width: 1024px) 100vw, 1024px\" \/><\/figure>\n\n\n\n<p>ta\u015f duvarlar aras\u0131nda as\u0131rlarca ayakta gelip ziyaret etmeniizi bekleyen iki insan umutla sizin gelip buralar\u0131 ziyaret etmenizi bekliyor. Varsa tarih bilginiz ve onlar\u0131n zaman\u0131na uzanan y\u00fcre\u011finiz isterseniz onlarla konu\u015fabilirsiniz.<\/p>\n\n\n\n<figure class=\"wp-block-image size-large\"><img loading=\"lazy\" decoding=\"async\" width=\"1024\" height=\"768\" src=\"https:\/\/akincilardergisi.com\/tr\/wp-content\/uploads\/2024\/05\/WhatsApp-Gorsel-2024-05-23-saat-10-46-48_211f24ef-1024x768.jpg\" alt=\"\" class=\"wp-image-50397\" srcset=\"https:\/\/akincilardergisi.com\/tr\/wp-content\/uploads\/2024\/05\/WhatsApp-Gorsel-2024-05-23-saat-10-46-48_211f24ef-1024x768.jpg 1024w, https:\/\/akincilardergisi.com\/tr\/wp-content\/uploads\/2024\/05\/WhatsApp-Gorsel-2024-05-23-saat-10-46-48_211f24ef-300x225.jpg 300w, https:\/\/akincilardergisi.com\/tr\/wp-content\/uploads\/2024\/05\/WhatsApp-Gorsel-2024-05-23-saat-10-46-48_211f24ef-768x576.jpg 768w, https:\/\/akincilardergisi.com\/tr\/wp-content\/uploads\/2024\/05\/WhatsApp-Gorsel-2024-05-23-saat-10-46-48_211f24ef-1536x1152.jpg 1536w, https:\/\/akincilardergisi.com\/tr\/wp-content\/uploads\/2024\/05\/WhatsApp-Gorsel-2024-05-23-saat-10-46-48_211f24ef.jpg 2048w\" sizes=\"auto, (max-width: 1024px) 100vw, 1024px\" \/><\/figure>\n\n\n\n<p>Buyrun tarih mezar\u0131ndan \u00e7\u0131km\u0131\u015f ve aya\u011fa kalm\u0131\u015f, ayakta ve n\u00f6bette sizin gelip onlar\u0131 ziyaret etmenizi bekliyor.<\/p>\n\n\n\n<p>Buras\u0131 kadim uluslar\u0131n ve medeniyetlerin kurulup y\u0131k\u0131ld\u0131\u011f\u0131 yerin \u00fcst\u00fcyle alt\u0131yla d\u00fcnyan\u0131n en zengin ve g\u00fczel \u00fclkesi T\u00dcRK\u0130YE:<\/p>\n","protected":false},"excerpt":{"rendered":"<p>Kemal Filiz Kendi \u00fclkemizie gezmek kendi k\u00fclt\u00fcritarih ve ca\u011frafyam\u0131z\u0131 tan\u0131makt\u0131r. Kendi tarih, k\u00fclt\u00fcr ve co\u011frafyam\u0131z\u0131 tan\u0131mak kendimizi tan\u0131mak ve ke\u015ffetmekle e\u015f de\u011ferlidir. Biz, kimiz, nereden geliyor nereye gidiyoruz, hangi tarih ve k\u00fclt\u00fcr havzas\u0131n\u0131n \u00e7ocuklar\u0131y\u0131z bunlar\u0131 bilmek gelece\u011fimizi kurgulamak a\u00e7\u0131s\u0131ndan \u00e7ok de\u011ferli ve \u00f6nemlidir. Bu gezi notlar\u0131mda sizleri tarih \u00f6ncesine g\u00f6t\u00fcrmek istiyorum. T\u00fcrkler Anadaoluya gelmeden bu &hellip;<\/p>\n","protected":false},"author":31,"featured_media":50404,"comment_status":"open","ping_status":"open","sticky":false,"template":"","format":"standard","meta":{"om_disable_all_campaigns":false,"_themeisle_gutenberg_block_has_review":false,"_joinchat":[],"footnotes":""},"categories":[38,47,40,39],"tags":[],"class_list":["post-50390","post","type-post","status-publish","format-standard","has-post-thumbnail","","category-guncel","category-haberler","category-kultursanat","category-tarih"],"_links":{"self":[{"href":"https:\/\/akincilardergisi.com\/tr\/wp-json\/wp\/v2\/posts\/50390","targetHints":{"allow":["GET"]}}],"collection":[{"href":"https:\/\/akincilardergisi.com\/tr\/wp-json\/wp\/v2\/posts"}],"about":[{"href":"https:\/\/akincilardergisi.com\/tr\/wp-json\/wp\/v2\/types\/post"}],"author":[{"embeddable":true,"href":"https:\/\/akincilardergisi.com\/tr\/wp-json\/wp\/v2\/users\/31"}],"replies":[{"embeddable":true,"href":"https:\/\/akincilardergisi.com\/tr\/wp-json\/wp\/v2\/comments?post=50390"}],"version-history":[{"count":0,"href":"https:\/\/akincilardergisi.com\/tr\/wp-json\/wp\/v2\/posts\/50390\/revisions"}],"wp:featuredmedia":[{"embeddable":true,"href":"https:\/\/akincilardergisi.com\/tr\/wp-json\/wp\/v2\/media\/50404"}],"wp:attachment":[{"href":"https:\/\/akincilardergisi.com\/tr\/wp-json\/wp\/v2\/media?parent=50390"}],"wp:term":[{"taxonomy":"category","embeddable":true,"href":"https:\/\/akincilardergisi.com\/tr\/wp-json\/wp\/v2\/categories?post=50390"},{"taxonomy":"post_tag","embeddable":true,"href":"https:\/\/akincilardergisi.com\/tr\/wp-json\/wp\/v2\/tags?post=50390"}],"curies":[{"name":"wp","href":"https:\/\/api.w.org\/{rel}","templated":true}]}}