{"id":50317,"date":"2024-05-20T03:50:27","date_gmt":"2024-05-20T00:50:27","guid":{"rendered":"https:\/\/akincilardergisi.com\/tr\/?p=50317"},"modified":"2024-05-20T09:13:59","modified_gmt":"2024-05-20T06:13:59","slug":"bati-hep-batildir","status":"publish","type":"post","link":"https:\/\/akincilardergisi.com\/tr\/bati-hep-batildir\/","title":{"rendered":"BATI HEP BATILDIR"},"content":{"rendered":"\n<p><strong>Ayd\u0131n Ayd\u0131n<\/strong><\/p>\n\n\n\n<p>D\u00fcnyada her milletin i\u00e7inde belli bir d\u00fczeyde vicdanl\u0131 insanlar elbette vard\u0131r.&nbsp;<\/p>\n\n\n\n<p>Her zaman vard\u0131 ve bug\u00fcn de var. Gelecekte de her milletin i\u00e7inde vicdanl\u0131 insanlar hep var olacak.&nbsp;<\/p>\n\n\n\n<p>Milletlerin millet&nbsp; mensubiyeti bir soy sop meselesi olsa da \u00e7ok ba\u015fka bir \u015fekilde ayn\u0131 zamanda insanlar\u0131n ahlak mensubiyeti ile olu\u015fan bir de\u011ferdir.&nbsp;<\/p>\n\n\n\n<p>\u0130ngiliz milleti \u0130ngilizlerin i\u00e7indeki vicdanl\u0131 insanlar\u0131 de\u011fil, \u0130ngiliz milletinin ortalama ve mutlaka sahip \u00e7\u0131kt\u0131\u011f\u0131 de\u011ferler ile &#8220;\u0130ngiliz milleti &#8221; \u015feklinde tan\u0131ml\u0131 hale gelir.<\/p>\n\n\n\n<p>Bat\u0131l\u0131 t\u00fcm milletler ve topyek\u00fbn bat\u0131&#8230; Gazze ve Filistin meselesi dolay\u0131s\u0131yla i\u015fte ne oldu\u011funu g\u00f6rd\u00fcn\u00fcz. Bat\u0131da hi\u00e7 bir devlet yani milletlerin se\u00e7ilmi\u015f otoritesi zulme ve zalimlere kar\u015f\u0131 bir ses vermedi\u011fi gibi t\u00fcm g\u00f6nl\u00fc ve g\u00f6vdesi ile hepsi teker teker ve ayr\u0131 ayr\u0131&nbsp; \u0130srail zaliminin yan\u0131nda oldu ve b\u00f6ylece bizzat zulme de ortak oldu&nbsp;<\/p>\n\n\n\n<p>Lakin&#8230;&nbsp;<\/p>\n\n\n\n<p>G\u00f6r\u00fcld\u00fc\u011f\u00fc gibi bat\u0131 ve t\u00fcm kefere milletleri, zalimin yan\u0131nda duran ve zulme bizzat ortak olmu\u015f &#8220;resmi y\u00fczleri&#8221; ile de\u011fil halklar\u0131n\u0131n i\u00e7inde, milletlerinin millet olma kimli\u011finde hi\u00e7 bir etkisi olmayan &#8220;vicdan hareketleri&#8221; ile bug\u00fcn\u00fcn tarihine ge\u00e7iyorlar.<\/p>\n\n\n\n<p>Yani olduklar\u0131 gibi de\u011fil, hi\u00e7 olmak istemedikleri bir y\u00fcz ile insanl\u0131k tarihine yaz\u0131l\u0131yorlar.&nbsp;<\/p>\n\n\n\n<p>K\u00f6t\u00fc insanlar\u0131n en iyi insan olarak yaz\u0131lmalari gibi &#8230;. Nitekim tarih hep b\u00f6yle insanlar\u0131n tarihidir.&nbsp;<\/p>\n\n\n\n<p>H\u00fck\u00fcmetler cinayetin orta\u011f\u0131 lakin bir ka\u00e7 yerde bir ka\u00e7 insan\u0131n vicdanl\u0131 duru\u015flar\u0131 bizim millet taraf\u0131ndan &#8220;bak i\u015fte vicdan nerede&#8221; denilerek man\u015fetlere \u00e7ekiliyor.<\/p>\n\n\n\n<p>B\u00f6ylece , bu vicdan hareketleri insan kimli\u011fi olarak de\u011fil, kefere milletinin bilinen &#8220;bat\u0131 y\u00fcz\u00fc&#8221; olarak pazarlanmi\u015f oluyor.&nbsp;<\/p>\n\n\n\n<p>Bizim gafletimiz olmasa bat\u0131 nedir ki?<\/p>\n\n\n\n<p>Nedir ki bat\u0131?<\/p>\n\n\n\n<p>G\u00f6rd\u00fc\u011f\u00fcn\u00fcz \u0130srail Bat\u0131&#8217;nin ve genelde t\u00fcm kefere d\u00fcnyas\u0131n\u0131n toplam y\u00fcz\u00fcd\u00fcr.<\/p>\n\n\n\n<p>Toplam y\u00fcz\u00fc ve ayn\u0131 zamanda toplam g\u00fcc\u00fc.<\/p>\n\n\n\n<p>\u0130srail yenilirse t\u00fcm kefere d\u00fcnyas\u0131 yenilecek.<\/p>\n","protected":false},"excerpt":{"rendered":"<p>Ayd\u0131n Ayd\u0131n D\u00fcnyada her milletin i\u00e7inde belli bir d\u00fczeyde vicdanl\u0131 insanlar elbette vard\u0131r.&nbsp; Her zaman vard\u0131 ve bug\u00fcn de var. Gelecekte de her milletin i\u00e7inde vicdanl\u0131 insanlar hep var olacak.&nbsp; Milletlerin millet&nbsp; mensubiyeti bir soy sop meselesi olsa da \u00e7ok ba\u015fka bir \u015fekilde ayn\u0131 zamanda insanlar\u0131n ahlak mensubiyeti ile olu\u015fan bir de\u011ferdir.&nbsp; \u0130ngiliz milleti \u0130ngilizlerin &hellip;<\/p>\n","protected":false},"author":17,"featured_media":50320,"comment_status":"open","ping_status":"open","sticky":false,"template":"","format":"standard","meta":{"om_disable_all_campaigns":false,"_themeisle_gutenberg_block_has_review":false,"_joinchat":[],"footnotes":""},"categories":[53,38,43],"tags":[],"class_list":["post-50317","post","type-post","status-publish","format-standard","has-post-thumbnail","","category-aydin","category-guncel","category-yazarlar"],"_links":{"self":[{"href":"https:\/\/akincilardergisi.com\/tr\/wp-json\/wp\/v2\/posts\/50317","targetHints":{"allow":["GET"]}}],"collection":[{"href":"https:\/\/akincilardergisi.com\/tr\/wp-json\/wp\/v2\/posts"}],"about":[{"href":"https:\/\/akincilardergisi.com\/tr\/wp-json\/wp\/v2\/types\/post"}],"author":[{"embeddable":true,"href":"https:\/\/akincilardergisi.com\/tr\/wp-json\/wp\/v2\/users\/17"}],"replies":[{"embeddable":true,"href":"https:\/\/akincilardergisi.com\/tr\/wp-json\/wp\/v2\/comments?post=50317"}],"version-history":[{"count":0,"href":"https:\/\/akincilardergisi.com\/tr\/wp-json\/wp\/v2\/posts\/50317\/revisions"}],"wp:featuredmedia":[{"embeddable":true,"href":"https:\/\/akincilardergisi.com\/tr\/wp-json\/wp\/v2\/media\/50320"}],"wp:attachment":[{"href":"https:\/\/akincilardergisi.com\/tr\/wp-json\/wp\/v2\/media?parent=50317"}],"wp:term":[{"taxonomy":"category","embeddable":true,"href":"https:\/\/akincilardergisi.com\/tr\/wp-json\/wp\/v2\/categories?post=50317"},{"taxonomy":"post_tag","embeddable":true,"href":"https:\/\/akincilardergisi.com\/tr\/wp-json\/wp\/v2\/tags?post=50317"}],"curies":[{"name":"wp","href":"https:\/\/api.w.org\/{rel}","templated":true}]}}