{"id":50286,"date":"2024-05-14T18:49:47","date_gmt":"2024-05-14T15:49:47","guid":{"rendered":"https:\/\/akincilardergisi.com\/tr\/?p=50286"},"modified":"2024-05-17T09:22:00","modified_gmt":"2024-05-17T06:22:00","slug":"yunanistanazaliyoruz-yaslaniyoruz-yalnizlasiyoruz","status":"publish","type":"post","link":"https:\/\/akincilardergisi.com\/tr\/yunanistanazaliyoruz-yaslaniyoruz-yalnizlasiyoruz\/","title":{"rendered":"YUNAN\u0130STAN\u201cAZALIYORUZ.. YA\u015eLANIYORUZ.. YALNIZLA\u015eIYORUZ\u201d"},"content":{"rendered":"\n<p><strong>Emin Batur<\/strong><br>Yunanistan\u2019\u0131n g\u00fcvenli\u011fini ABD<br>Yasama i\u015fini AB<br>Ve ekonomik durumunu da Almanya\u2019n\u0131n kontrol etti\u011fi bir \u00fclkedir.<br>\u015eu anda 14 hava meydan\u0131n\u0131 Almanlar<br>En b\u00fcy\u00fck liman\u0131 olan Pire liman\u0131n\u0131 \u00c7inliler i\u015fletiyor.<br>Yani<br>Hangi taraftan bakarsan\u0131z Yunanistan\u2019\u0131n ba\u011f\u0131ms\u0131zl\u0131\u011f\u0131 k\u00e2\u011f\u0131t \u00fczerinde olan bir<br>\u00fclke haline gelmi\u015f vaziyettedir.<br>N\u00dcFUS<br>VE YALNIZLIK BAKANLI\u011eI<br>Yukar\u0131daki ba\u015fl\u0131\u011f\u0131 Yunan Katemirini gazetesi yazm\u0131\u015ft\u0131 (azal\u0131yoruz..<br>ya\u015flan\u0131yoruz.. yaln\u0131zla\u015f\u0131yoruz)<br>Yunanlar\u0131n %38\u2019i yaln\u0131z ya\u015f\u0131yor (bundan dolay\u0131 Avrupa \u00fclkeleri art arda<br>Yaln\u0131zl\u0131k Bakanl\u0131\u011f\u0131 kuruyorlar)<br>Y\u00fczde otuzu da bir evde 2 ki\u015fi ya\u015f\u0131yor.<br>Bunlar\u0131n \u00e7o\u011funlu\u011fu evli olmay\u0131p \u201cbirlikte ya\u015fama\u201d dedikleri cinsten<br>ya\u015f\u0131yorlar.<br>B\u00f6yle olunca<br>\u00c7ocuk sahibi de olmuyorlar. Haliyle n\u00fcfusu ciddi manada eriyor.<br>AB\u2019nin sa\u011flad\u0131\u011f\u0131 imkanlarla da gen\u00e7ler Yunanistan d\u0131\u015f\u0131ndaki Avrupa<br>\u00fclkelerine ka\u00e7\u0131nca Yunanistan\u2019\u0131n \u00e7\u00f6k\u00fc\u015fe do\u011fru gitmesi ka\u00e7\u0131n\u0131lmaz oluyor.<br>Di\u011fer yandan<br>Kalan n\u00fcfus ya\u015fl\u0131 oldu\u011fu i\u00e7in \u00e7al\u0131\u015fma hayat\u0131na kat\u0131l\u0131p \u00fcretim sa\u011flam\u0131yor.<br>\u015eu anda<br>N\u00fcfuslar\u0131n\u0131n %23\u2019\u00fc 65 ya\u015f ve \u00fczeri insanlardan olu\u015fuyor.<br>20 y\u0131l sonra bu rakam %33\u2019e ula\u015facak<br>Ama Yunanistan hala<br>Kuyru\u011funu dik tutmaya \u00e7al\u0131\u015f\u0131yor\u2026<br>Neden?<br>\u00c7\u00fcnk\u00fc eli mahk\u00fbm.<br>HAMAS<br>Asl\u0131nda Mi\u00e7otakis<br>Hamas\u2019a ter\u00f6rist demedi.<br>Yukar\u0131da sayd\u0131\u011f\u0131m g\u00fc\u00e7ler yani ona silah ve para deste\u011fi veren \u00fclkeler ona<br>bunu s\u00f6ylemesi i\u00e7in emretti.<br>D\u00fc\u015f\u00fcnd\u00fcler ki, Reis bir an gaflete gelip bunu yutar veya sineye \u00e7eker\u2026 Onlar<br>da d\u00fcnya kamuoyuna sevin\u00e7le ilan edeceklerdi.<br>Ama Reis bu.. Yutar m\u0131?<br>Hemen gere\u011fini yapt\u0131.<br>Bu b\u00f6yle\u2026<br>YUNAN\u0130STAN ER\u0130YOR<br>AMA \u00c7AREY\u0130 B\u0130ZDE DE\u011e\u0130L AVRUPA VE AMER\u0130KA\u2019DA ARIYOR<br>Yunanistan&#8217;\u0131n \u015fu anda n\u00fcfusu<br>10 milyonun biraz \u00fcst\u00fcnde ama her y\u0131l %1.4 azal\u0131yor. Bu rakam ileriki<br>y\u0131llarda daha da h\u0131zlanacak.<br>Bundan dolay\u0131<br>Ba\u015fta adalar olmak \u00fczere<br>Turizm b\u00f6lgelerindeki otel ve restoranlar \u00e7al\u0131\u015facak garson bulam\u0131yor.<br>Borcu yakla\u015f\u0131k 400 milyar $<br>Milli geliri 210 milyar $<br>Yani<br>Gelirinin yakla\u015f\u0131k 2 kat\u0131 bor\u00e7lu<br>(T\u00fcrkiye\u2019nin milli geliri 1 trilyon 118 milyar $\u2026 borcu 500 milyar $)<br>T\u00fcrkiye kalk\u0131nma h\u0131z\u0131 (%4.5)<br>Yunanistan kalk\u0131nma h\u0131z\u0131 (- %0.7)<br>OSMANLININ MERHAMET<br>VE ADALET\u0130<br>Durum bu kadar net ve a\u00e7\u0131k iken Mi\u00e7otakis efendileri ad\u0131na Reis\u2019e posta<br>koymaya kalkt\u0131.<br>H\u00e2lbuki Yunanistan<br>Bug\u00fcn her \u015feyi ile bize muhta\u00e7.<br>Mi\u00e7otakis ak\u0131ll\u0131 olsa<br>Bizimle i\u015f birli\u011fine girer Yunanistan\u2019\u0131 kurtar\u0131r.<br>Ecdad\u0131m\u0131z 400 y\u0131l bir vali ile y\u00f6netti ve Yunanistan \u0130\u00e7imizde erimedi.<br>H\u00e2lbuki \u015fimdi<br>AB i\u00e7inde eriyor fark\u0131nda de\u011fil. Y\u00fcz y\u0131l sonra Yunanistan ismi kal\u0131r da Yunanl\u0131<br>kal\u0131r m\u0131 o da belli de\u011fil.<br>Ermenistan ba\u015fbakan\u0131 Pe\u015finyan<br>Bunu g\u00f6rd\u00fc ve ak\u0131ll\u0131l\u0131k edip bize yana\u015f\u0131yor.<br>Bakal\u0131m Yunan siyaset\u00e7ileri<br>ABD ve AB\u2019yi b\u0131rak\u0131p<br>Bizimle samimi bir i\u015fbirli\u011fine ne zaman girecek\u2026<br>14.05.2024<br>Emin Batur<\/p>\n","protected":false},"excerpt":{"rendered":"<p>Emin BaturYunanistan\u2019\u0131n g\u00fcvenli\u011fini ABDYasama i\u015fini ABVe ekonomik durumunu da Almanya\u2019n\u0131n kontrol etti\u011fi bir \u00fclkedir.\u015eu anda 14 hava meydan\u0131n\u0131 AlmanlarEn b\u00fcy\u00fck liman\u0131 olan Pire liman\u0131n\u0131 \u00c7inliler i\u015fletiyor.YaniHangi taraftan bakarsan\u0131z Yunanistan\u2019\u0131n ba\u011f\u0131ms\u0131zl\u0131\u011f\u0131 k\u00e2\u011f\u0131t \u00fczerinde olan bir\u00fclke haline gelmi\u015f vaziyettedir.N\u00dcFUSVE YALNIZLIK BAKANLI\u011eIYukar\u0131daki ba\u015fl\u0131\u011f\u0131 Yunan Katemirini gazetesi yazm\u0131\u015ft\u0131 (azal\u0131yoruz..ya\u015flan\u0131yoruz.. yaln\u0131zla\u015f\u0131yoruz)Yunanlar\u0131n %38\u2019i yaln\u0131z ya\u015f\u0131yor (bundan dolay\u0131 Avrupa \u00fclkeleri art ardaYaln\u0131zl\u0131k &hellip;<\/p>\n","protected":false},"author":14,"featured_media":50296,"comment_status":"open","ping_status":"open","sticky":false,"template":"","format":"standard","meta":{"om_disable_all_campaigns":false,"_themeisle_gutenberg_block_has_review":false,"_joinchat":[],"footnotes":""},"categories":[56,38,43],"tags":[],"class_list":["post-50286","post","type-post","status-publish","format-standard","has-post-thumbnail","","category-emin","category-guncel","category-yazarlar"],"_links":{"self":[{"href":"https:\/\/akincilardergisi.com\/tr\/wp-json\/wp\/v2\/posts\/50286","targetHints":{"allow":["GET"]}}],"collection":[{"href":"https:\/\/akincilardergisi.com\/tr\/wp-json\/wp\/v2\/posts"}],"about":[{"href":"https:\/\/akincilardergisi.com\/tr\/wp-json\/wp\/v2\/types\/post"}],"author":[{"embeddable":true,"href":"https:\/\/akincilardergisi.com\/tr\/wp-json\/wp\/v2\/users\/14"}],"replies":[{"embeddable":true,"href":"https:\/\/akincilardergisi.com\/tr\/wp-json\/wp\/v2\/comments?post=50286"}],"version-history":[{"count":0,"href":"https:\/\/akincilardergisi.com\/tr\/wp-json\/wp\/v2\/posts\/50286\/revisions"}],"wp:featuredmedia":[{"embeddable":true,"href":"https:\/\/akincilardergisi.com\/tr\/wp-json\/wp\/v2\/media\/50296"}],"wp:attachment":[{"href":"https:\/\/akincilardergisi.com\/tr\/wp-json\/wp\/v2\/media?parent=50286"}],"wp:term":[{"taxonomy":"category","embeddable":true,"href":"https:\/\/akincilardergisi.com\/tr\/wp-json\/wp\/v2\/categories?post=50286"},{"taxonomy":"post_tag","embeddable":true,"href":"https:\/\/akincilardergisi.com\/tr\/wp-json\/wp\/v2\/tags?post=50286"}],"curies":[{"name":"wp","href":"https:\/\/api.w.org\/{rel}","templated":true}]}}