{"id":50172,"date":"2024-04-29T11:49:15","date_gmt":"2024-04-29T08:49:15","guid":{"rendered":"https:\/\/akincilardergisi.com\/tr\/?p=50172"},"modified":"2024-05-23T12:36:29","modified_gmt":"2024-05-23T09:36:29","slug":"tanzanya-mektubu-1","status":"publish","type":"post","link":"https:\/\/akincilardergisi.com\/tr\/tanzanya-mektubu-1\/","title":{"rendered":"Tanzanya Mektubu 1"},"content":{"rendered":"\n<p><a href=\"https:\/\/edebiyatvemedeniyet.com.tr\/author\/yonetici\/\"><\/a>&nbsp;<a href=\"https:\/\/edebiyatvemedeniyet.com.tr\/author\/yonetici\/\">Y\u00f6netici<\/a><\/p>\n\n\n\n<p><strong>\u0130lhan Y\u00fcr\u00fck\u00e7\u00fc<\/strong><\/p>\n\n\n\n<p>Selam\u00fcnaleyk\u00fcm<\/p>\n\n\n\n<p>A\u011fabey \u201cKarde\u015flik Motivasyonu\u201d isimli yaz\u0131n\u0131z\u0131 \u00e7ok be\u011fendim.&nbsp; Tebrik ederim.&nbsp; Hislerime terc\u00fcman olmu\u015fsunuz. Yaz\u0131n\u0131z\u0131 Tanzanya\u2019da okudum \u015fimdi. Bu vesile ile size burada yapmaya \u00e7al\u0131\u015ft\u0131\u011f\u0131m \u015feylerden biraz bahsedecek ve foto\u011fraflar g\u00f6nderece\u011fim. Dua buyurunuz, l\u00fctfen.&nbsp;<\/p>\n\n\n\n<figure class=\"wp-block-image\"><img decoding=\"async\" src=\"https:\/\/edebiyatvemedeniyet.com.tr\/wp-content\/uploads\/2024\/04\/WhatsApp-Gorsel-2024-04-27-saat-07.17.20_ffc09157-1024x768.jpg\" alt=\"\" class=\"wp-image-1564\" \/><\/figure>\n\n\n\n<p>-Bug\u00fcnk\u00fc yolumuzun ilk dura\u011f\u0131 BABAT\u0130.&nbsp; Babati 2019 da faaliyete ge\u00e7en \u201c\u0130STANBUL MESC\u0130D\u0130\u201d nin oldu\u011fu yer. Yol \u00fczeri bir \u015fehir. Oray\u0131 ziyaret edip, yap\u0131lan caminin&nbsp; ne durumda oldu\u011funu kontrol etmek ve eksikler, talepler ve verilen e\u011fitimlerin mevcut halini g\u00f6rmek , ve y\u00f6neticilerle de isti\u015fare etmek maksad\u0131yla buraday\u0131z.<\/p>\n\n\n\n<figure class=\"wp-block-image\"><img decoding=\"async\" src=\"https:\/\/edebiyatvemedeniyet.com.tr\/wp-content\/uploads\/2024\/04\/WhatsApp-Gorsel-2024-04-27-saat-07.16.09_c43e7443-768x1024.jpg\" alt=\"\" class=\"wp-image-1566\" \/><\/figure>\n\n\n\n<p>-Yolumuz Kondoa&nbsp; \u201cHAKKI BABA\u201d camisine do\u011fru gidiyoruz.<\/p>\n\n\n\n<p>2018 de faaliyete ge\u00e7en bir yer buras\u0131. Kondoa\u2019n\u0131n merkezinde ve Devlet hastanesinin hemen kar\u015f\u0131s\u0131nda yakla\u015f\u0131k olarak. Caminin Gasilhanesi de var. Hastanede \u00f6len M\u00fcsl\u00fcmanlar burada y\u0131kan\u0131p kefenleniyor. Mescit, Ana okulu, bir de y\u00f6netim odas\u0131 ile bir \u00e7ocuk bah\u00e7esinden m\u00fcte\u015fekkil k\u00fc\u00e7\u00fck bir k\u00fclliye. Mescidimiz 110 m2. Mescidin bir y\u00f6netim kurulu var. Burada ba\u011flant\u0131 kurdu\u011fumuz vak\u0131f onlar\u0131 denetliyor. \u015eimdiye kadar yap\u0131lanlar ayakta tutulup muhafaza edilmeye \u00e7al\u0131\u015f\u0131l\u0131yor. Amac\u0131m\u0131z yar\u0131s\u0131 M\u00fcsl\u00fcman olan bu topraklarda onlar\u0131n hem m\u00fcmin olarak ya\u015fayabilmelerini, m\u00fcmin kalabilme f\u0131rsatlar\u0131n\u0131, e\u011fitim seviyelerini ve kendilerine yetebilmelerini ve \u00fcreten insanlar olmalar\u0131n\u0131 sa\u011flamak ad\u0131na onlara destek ve cesaret verebilmek\u2026.<\/p>\n\n\n\n<figure class=\"wp-block-image\"><img decoding=\"async\" src=\"https:\/\/edebiyatvemedeniyet.com.tr\/wp-content\/uploads\/2024\/04\/WhatsApp-Gorsel-2024-04-27-saat-07.17.19_d3027206-1024x768.jpg\" alt=\"\" class=\"wp-image-1565\" \/><\/figure>\n\n\n\n<p>-K\u0131ymet Camii\u201d 2018 de yap\u0131ld\u0131. K\u0130DOKO semti. Dodoma yolu \u00fczeri. Musa hoca imam. Davet \u00e7al\u0131\u015fmas\u0131 yap\u0131yor \u00e7ok iyi derecede. Masai k\u00f6ylerine tebli\u011fe gidiyor. M\u00fcsl\u00fcman olanlar var. Bizi bazen onlarla kar\u015f\u0131l\u0131yor. Ona bu \u00e7al\u0131\u015fmalar\u0131n\u0131 daha h\u0131zl\u0131 yapmas\u0131 i\u00e7in bir motor ald\u0131k. \u0130ki s\u0131n\u0131fl\u0131 bir medrese vard\u0131, bug\u00fcn ona 2 s\u0131n\u0131f daha ekleyece\u011fiz in\u015fallah. Konsept ayn\u0131 di\u011fer camiler gibi. Musa hoca caminin yan\u0131ndan ayr\u0131lmamak i\u00e7in derme \u00e7atma bir evde kal\u0131yor. Burada \u00e7ok canl\u0131 bir e\u011fitim var. Buras\u0131 faaliyetlerimizin merkezi durumunda.<\/p>\n\n\n\n<figure class=\"wp-block-image\"><img decoding=\"async\" src=\"https:\/\/edebiyatvemedeniyet.com.tr\/wp-content\/uploads\/2024\/04\/WhatsApp-Gorsel-2024-04-27-saat-07.17.18_003b0159-768x1024.jpg\" alt=\"\" class=\"wp-image-1567\" \/><\/figure>\n\n\n\n<p>-Bug\u00fcn i\u015fimiz yetimler. \u0130ringa da . K\u0131z \/Erkek . Buradaki e\u011fitimlerini tamamlay\u0131ncaya kadar \u00fcniversite okuyorlar. Okumaya devam etmek istemeyenler evlenip hayata at\u0131l\u0131yor.&nbsp; Ku\u015flar\u0131n baz\u0131lar\u0131 yuvadan u\u00e7arken, onlar\u0131n yerine yenileri geliyor. Hayat b\u00f6ylece s\u00fcr\u00fcp gidiyor, d\u00fcnya b\u00f6yle d\u00f6n\u00fcyor burada.<\/p>\n\n\n\n<p><a href=\"https:\/\/edebiyatvemedeniyet.com.tr\/wp-admin\/post.php?post=1563&amp;action=edit\"><\/a><\/p>\n","protected":false},"excerpt":{"rendered":"<p>&nbsp;Y\u00f6netici \u0130lhan Y\u00fcr\u00fck\u00e7\u00fc Selam\u00fcnaleyk\u00fcm A\u011fabey \u201cKarde\u015flik Motivasyonu\u201d isimli yaz\u0131n\u0131z\u0131 \u00e7ok be\u011fendim.&nbsp; Tebrik ederim.&nbsp; Hislerime terc\u00fcman olmu\u015fsunuz. Yaz\u0131n\u0131z\u0131 Tanzanya\u2019da okudum \u015fimdi. Bu vesile ile size burada yapmaya \u00e7al\u0131\u015ft\u0131\u011f\u0131m \u015feylerden biraz bahsedecek ve foto\u011fraflar g\u00f6nderece\u011fim. Dua buyurunuz, l\u00fctfen.&nbsp; -Bug\u00fcnk\u00fc yolumuzun ilk dura\u011f\u0131 BABAT\u0130.&nbsp; Babati 2019 da faaliyete ge\u00e7en \u201c\u0130STANBUL MESC\u0130D\u0130\u201d nin oldu\u011fu yer. Yol \u00fczeri bir \u015fehir. &hellip;<\/p>\n","protected":false},"author":31,"featured_media":50174,"comment_status":"open","ping_status":"open","sticky":false,"template":"","format":"standard","meta":{"om_disable_all_campaigns":false,"_themeisle_gutenberg_block_has_review":false,"_joinchat":[],"footnotes":""},"categories":[44,38,47,40],"tags":[],"class_list":["post-50172","post","type-post","status-publish","format-standard","has-post-thumbnail","","category-egitim","category-guncel","category-haberler","category-kultursanat"],"_links":{"self":[{"href":"https:\/\/akincilardergisi.com\/tr\/wp-json\/wp\/v2\/posts\/50172","targetHints":{"allow":["GET"]}}],"collection":[{"href":"https:\/\/akincilardergisi.com\/tr\/wp-json\/wp\/v2\/posts"}],"about":[{"href":"https:\/\/akincilardergisi.com\/tr\/wp-json\/wp\/v2\/types\/post"}],"author":[{"embeddable":true,"href":"https:\/\/akincilardergisi.com\/tr\/wp-json\/wp\/v2\/users\/31"}],"replies":[{"embeddable":true,"href":"https:\/\/akincilardergisi.com\/tr\/wp-json\/wp\/v2\/comments?post=50172"}],"version-history":[{"count":0,"href":"https:\/\/akincilardergisi.com\/tr\/wp-json\/wp\/v2\/posts\/50172\/revisions"}],"wp:featuredmedia":[{"embeddable":true,"href":"https:\/\/akincilardergisi.com\/tr\/wp-json\/wp\/v2\/media\/50174"}],"wp:attachment":[{"href":"https:\/\/akincilardergisi.com\/tr\/wp-json\/wp\/v2\/media?parent=50172"}],"wp:term":[{"taxonomy":"category","embeddable":true,"href":"https:\/\/akincilardergisi.com\/tr\/wp-json\/wp\/v2\/categories?post=50172"},{"taxonomy":"post_tag","embeddable":true,"href":"https:\/\/akincilardergisi.com\/tr\/wp-json\/wp\/v2\/tags?post=50172"}],"curies":[{"name":"wp","href":"https:\/\/api.w.org\/{rel}","templated":true}]}}