{"id":50069,"date":"2024-04-13T13:08:08","date_gmt":"2024-04-13T10:08:08","guid":{"rendered":"https:\/\/akincilardergisi.com\/tr\/?p=50069"},"modified":"2024-04-13T13:14:20","modified_gmt":"2024-04-13T10:14:20","slug":"devletin-dili","status":"publish","type":"post","link":"https:\/\/akincilardergisi.com\/tr\/devletin-dili\/","title":{"rendered":"DEVLET\u0130N D\u0130L\u0130\u00a0"},"content":{"rendered":"\n<p>Size bir &#8220;dil&#8221;den bahsedeyim.<\/p>\n\n\n\n<p>Devletin dili&#8230;<\/p>\n\n\n\n<p>1977 ODT\u00dc insan haritas\u0131 raporunu g\u00f6rm\u00fc\u015ft\u00fcm.<\/p>\n\n\n\n<p>\u00d6\u011frencilerin haritas\u0131&#8230;<\/p>\n\n\n\n<p>\u015eu kadar devrimci sol<\/p>\n\n\n\n<p>\u015eu kadar dev-gen\u00e7<\/p>\n\n\n\n<p>\u015eu kadar T\u0130KKO<\/p>\n\n\n\n<p>\u015eu kadar Ayd\u0131nl\u0131k<\/p>\n\n\n\n<p>\u015eu kadar \u00fclk\u00fcc\u00fc<\/p>\n\n\n\n<p>\u015eu kadar M\u00fcsl\u00fcman<\/p>\n\n\n\n<p>Ve devam&#8230;<\/p>\n\n\n\n<p>&#8230;<\/p>\n\n\n\n<p>Bu harita ger\u00e7ek mi?<\/p>\n\n\n\n<p>Maalesef g\u00f6zlerimle g\u00f6rd\u00fc\u011f\u00fcm herhangi ba\u015fka bir \u015fey kadar ger\u00e7ek.<\/p>\n\n\n\n<p>&#8230;<\/p>\n\n\n\n<p>Devlet ve esasen herkes kendi dilini biliyor.<\/p>\n\n\n\n<p>Ho\u015f biz de biliyoruz kendi dilimizi ama biz de bir demokratin m\u00fcsl\u00fcman oldu\u011fu kadar biz de demokrat tak\u0131l\u0131yoruz.&nbsp;<\/p>\n\n\n\n<p>Gelelim sadede:<\/p>\n\n\n\n<p>Solcular bir milim bile sa\u011fa gelmiyorlar.<\/p>\n\n\n\n<p>Sa\u011fc\u0131lar oynaklar&#8230; Koyun deniliyor ama b\u00f6yle koyunluk tarihin hi\u00e7 bir d\u00f6neminde g\u00f6r\u00fclm\u00fc\u015f de\u011fil&#8230;.<\/p>\n\n\n\n<p>Hz Muaviye&#8217;nin di\u015fi devesine Muaviye erkek dedi diye &#8220;bu deve erkektir&#8221; diyenler gibi liderli\u011fe inanm\u0131\u015f bir sa\u011f kitle maalesef yoktur.&nbsp;<\/p>\n\n\n\n<p>Aksine, di\u015fi deveye di\u015fi deve diyen bir liderli\u011fe kar\u015f\u0131 &#8220;bu deve erkek deve olabilir mi&#8221; diye ara\u015ft\u0131rma yapmay\u0131 ak\u0131ll\u0131l\u0131k sayan bir gerizekal\u0131lik&nbsp; \u00e7ok reva\u00e7ta ve solcu parti CHP ve t\u00fcm sol kitle&nbsp; her t\u00fcrl\u00fc propaganda g\u00fc\u00e7leri ile bunu ke\u015ffetmi\u015f durumdalar&#8230;&nbsp;<\/p>\n\n\n\n<p>Reklamlar ve t\u00fcm sol s\u00f6ylemler i\u015fte bunlar\u0131 hedef al\u0131yor. Ba\u015f\u00f6rt\u00fcl\u00fc ve erke\u011fi de ba\u015f\u00f6rt\u00fcl\u00fc ni\u015fanl\u0131s\u0131 olan insanlar\u0131 oldu\u011fu gibi t\u00fcm sa\u011fc\u0131 kitle \u00fcst\u00fcne propaganda yap\u0131yor.<\/p>\n\n\n\n<p>Tutar m\u0131?<\/p>\n\n\n\n<p>Devletin dilini ve kendi dilini bilmeyen her insan i\u00e7in bu propagandanin tutmasi m\u00fcmk\u00fcn. Se\u00e7im sonu\u00e7lar\u0131 da g\u00f6sterdi ki tutmu\u015f durumda.<\/p>\n\n\n\n<p>Saadet ve YRP kitlesi hangi e\u011fime daha \u00e7ok rey verebilir durumda i\u015fte g\u00f6rd\u00fck.<\/p>\n\n\n\n<p>Akledin&#8230;.<\/p>\n\n\n\n<p>\u00d6yle san\u0131ld\u0131\u011f\u0131 kadar gavur de\u011filler&#8230;. S\u00f6zleri ne anlat\u0131yordu.&nbsp;<\/p>\n\n\n\n<p>Kim demi\u015fti bu s\u00f6z\u00fc?<\/p>\n\n\n\n<p>Akledin.<\/p>\n\n\n\n<p>Devlet bunlara, \u015fu anda &#8220;m\u00fcsl\u00fcman&#8221; diyor mudur?<\/p>\n\n\n\n<p>Hi\u00e7 sanm\u0131yorum. Onlara kim bilir ne diyordur.<\/p>\n\n\n\n<p>\u0130lla bir \u015fey diyordur.<\/p>\n\n\n\n<p>Yani siz devleti g\u00f6z\u00fc k\u00f6r kula\u011f\u0131 sa\u011f\u0131r diye g\u00f6r\u00fcrs\u00fcn\u00fcz ama devlet sizi dahi sizin kendinizden daha iyi biliyor.<\/p>\n\n\n\n<p>Bilmese sizin \u00fcst\u00fcn\u00fcze hi\u00e7 oyun kurar m\u0131?<\/p>\n\n\n\n<p>Size koyun diyenler, sizin &#8220;\u015eam ehli&#8221; gibi di\u015fi deveye erkek deve diyen bir liderli\u011fe itaat etti\u011finiz gibi bir inanm\u0131\u015f kitle oldu\u011funuza inanm\u0131\u015f olsalar&#8230; Size koyun s\u00fcr\u00fcs\u00fc veya Muaviye biatcisi dedikleri halde sizin \u00fcst\u00fcn\u00fcze oyun kurar da sizi kendilerine asker edebilirler mi?<\/p>\n\n\n\n<p>\u0130ki samimiyetsiz bir birini nas\u0131l da biliyor de\u011fil mi?<\/p>\n\n\n\n<p>Koyun denilen kendisine koyun diyene teslim olarak koyun olmad\u0131\u011f\u0131n\u0131 ispat ediyor.<\/p>\n\n\n\n<p>M\u00fcbarek olsun.<\/p>\n\n\n\n<p>Devletimiz b\u00fcy\u00fckt\u00fcr. \u00d6lenleri mezara oldurenleri hapishaneye sokmaya dahi muktedirdir.<em>\ue111<\/em>Yan\u0131tla<em>\ue0df<\/em>\u0130let<\/p>\n\n\n\n<p><\/p>\n","protected":false},"excerpt":{"rendered":"<p>Size bir &#8220;dil&#8221;den bahsedeyim. Devletin dili&#8230; 1977 ODT\u00dc insan haritas\u0131 raporunu g\u00f6rm\u00fc\u015ft\u00fcm. \u00d6\u011frencilerin haritas\u0131&#8230; \u015eu kadar devrimci sol \u015eu kadar dev-gen\u00e7 \u015eu kadar T\u0130KKO \u015eu kadar Ayd\u0131nl\u0131k \u015eu kadar \u00fclk\u00fcc\u00fc \u015eu kadar M\u00fcsl\u00fcman Ve devam&#8230; &#8230; Bu harita ger\u00e7ek mi? Maalesef g\u00f6zlerimle g\u00f6rd\u00fc\u011f\u00fcm herhangi ba\u015fka bir \u015fey kadar ger\u00e7ek. &#8230; Devlet ve esasen herkes kendi &hellip;<\/p>\n","protected":false},"author":17,"featured_media":50071,"comment_status":"open","ping_status":"open","sticky":false,"template":"","format":"standard","meta":{"om_disable_all_campaigns":false,"_themeisle_gutenberg_block_has_review":false,"_joinchat":[],"footnotes":""},"categories":[53,38,43],"tags":[],"class_list":["post-50069","post","type-post","status-publish","format-standard","has-post-thumbnail","","category-aydin","category-guncel","category-yazarlar"],"_links":{"self":[{"href":"https:\/\/akincilardergisi.com\/tr\/wp-json\/wp\/v2\/posts\/50069","targetHints":{"allow":["GET"]}}],"collection":[{"href":"https:\/\/akincilardergisi.com\/tr\/wp-json\/wp\/v2\/posts"}],"about":[{"href":"https:\/\/akincilardergisi.com\/tr\/wp-json\/wp\/v2\/types\/post"}],"author":[{"embeddable":true,"href":"https:\/\/akincilardergisi.com\/tr\/wp-json\/wp\/v2\/users\/17"}],"replies":[{"embeddable":true,"href":"https:\/\/akincilardergisi.com\/tr\/wp-json\/wp\/v2\/comments?post=50069"}],"version-history":[{"count":0,"href":"https:\/\/akincilardergisi.com\/tr\/wp-json\/wp\/v2\/posts\/50069\/revisions"}],"wp:featuredmedia":[{"embeddable":true,"href":"https:\/\/akincilardergisi.com\/tr\/wp-json\/wp\/v2\/media\/50071"}],"wp:attachment":[{"href":"https:\/\/akincilardergisi.com\/tr\/wp-json\/wp\/v2\/media?parent=50069"}],"wp:term":[{"taxonomy":"category","embeddable":true,"href":"https:\/\/akincilardergisi.com\/tr\/wp-json\/wp\/v2\/categories?post=50069"},{"taxonomy":"post_tag","embeddable":true,"href":"https:\/\/akincilardergisi.com\/tr\/wp-json\/wp\/v2\/tags?post=50069"}],"curies":[{"name":"wp","href":"https:\/\/api.w.org\/{rel}","templated":true}]}}