{"id":50031,"date":"2024-04-10T21:49:53","date_gmt":"2024-04-10T18:49:53","guid":{"rendered":"https:\/\/akincilardergisi.com\/tr\/?p=50031"},"modified":"2024-04-10T21:53:06","modified_gmt":"2024-04-10T18:53:06","slug":"emekliler-degil-kaymak-tabakasi-chpye-oy-verdi","status":"publish","type":"post","link":"https:\/\/akincilardergisi.com\/tr\/emekliler-degil-kaymak-tabakasi-chpye-oy-verdi\/","title":{"rendered":"EMEKL\u0130LER DE\u011e\u0130L\u00a0KAYMAK TABAKASI CHP\u2019YE OY VERD\u0130\u00a0"},"content":{"rendered":"\n<p><strong>Emin Batur<\/strong><\/p>\n\n\n\n<p>Bunun maddi ispat\u0131n\u0131 yapaca\u011f\u0131m&nbsp;&nbsp;<\/p>\n\n\n\n<p>Ama \u00f6nce&nbsp;<\/p>\n\n\n\n<p>Baz\u0131 tespitleri yapmam gerekiyor.&nbsp;&nbsp;<\/p>\n\n\n\n<p><strong>15 YILDIR&nbsp;&nbsp;<\/strong><\/p>\n\n\n\n<p><strong>\u0130\u015eLENEN \u201cTAYY\u0130P\u201d NEFRET\u0130&nbsp;<\/strong><\/p>\n\n\n\n<p>Dikkat edilirse bu se\u00e7imde&nbsp;<\/p>\n\n\n\n<p>Birbirinden nefret eden en u\u00e7 gruplar bir araya gelerek \u201cTayyip\u201di yenme yemini ettiler.&nbsp;<\/p>\n\n\n\n<p>Bir yerde e\u011fer;&nbsp;<\/p>\n\n\n\n<p>CHP g\u00fc\u00e7l\u00fc ise CHP\u2019ye.. YRP veya DEM g\u00fc\u00e7l\u00fc ise oraya y\u00f6neldiler.&nbsp;<\/p>\n\n\n\n<p>K\u0130M BUNLAR?&nbsp;<\/p>\n\n\n\n<ul class=\"wp-block-list\">\n<li>Irk\u00e7\u0131lar (\u0130yi partinin laik T\u00fcrk\u00e7\u00fcleri ve DEM\u2019in K\u00fcrt\u00e7\u00fcleri)&nbsp;<\/li>\n<\/ul>\n\n\n\n<p>Normal \u015fartlarda&nbsp;&nbsp;<\/p>\n\n\n\n<p>Bilhassa K\u00fcrtler hem T\u00fcrk \u0131rk\u00e7\u0131lar\u0131n\u0131 sevmez hem parti olarak CHP\u2019yi\u2026 Ayn\u0131 \u015fey T\u00fcrk\u00e7\u00fcler i\u00e7in de ge\u00e7erlidir. Normal \u015fartlarda onlar da CHP\u2019yi sevmez.&nbsp;<\/p>\n\n\n\n<p>Bilhassa CHP\u2019nin&nbsp;&nbsp;<\/p>\n\n\n\n<p>Zaman\u0131nda kendilerine yapt\u0131\u011f\u0131 zulm\u00fc unutmayan K\u00fcrtler CHP ile aralar\u0131 bar\u0131\u015f\u0131k de\u011fil.&nbsp;<\/p>\n\n\n\n<p>Ancak&nbsp;<\/p>\n\n\n\n<p>Derinlerden i\u015flenen \u201cTayyip\u201d nefreti hem onlar\u0131 hem T\u00fcrk\u00e7\u00fcleri CHP\u2019ye y\u00f6neltti.&nbsp;&nbsp;<\/p>\n\n\n\n<p>(G\u00f6revli oldu\u011fum sand\u0131kta, sand\u0131k kurulu \u00fcyesi olan DEM parti temsilcisi bana \u0130mamo\u011flu\u2019na oy verdi\u011fini s\u00f6yledi)&nbsp;<\/p>\n\n\n\n<ul class=\"wp-block-list\">\n<li>Dini gruplar.. Cemaatler&nbsp;<\/li>\n<\/ul>\n\n\n\n<p>Bunu t\u00fcm dini gruplar i\u00e7in s\u00f6ylemek m\u00fcmk\u00fcn de\u011fil. Haks\u0131zl\u0131k olur&nbsp;<\/p>\n\n\n\n<p>Ama&nbsp;<\/p>\n\n\n\n<p>Ba\u015fta Fet\u00f6 olmak \u00fczere neredeyse FET\u00d6 kadar etkili ve maddi imk\u00e2nlar\u0131 olan cemaatler de,&nbsp;<\/p>\n\n\n\n<p>Zaman\u0131nda CHP\u2019den yedikleri bu kadar sopaya ra\u011fmen&nbsp;&nbsp;<\/p>\n\n\n\n<p>Gidip oylar\u0131n\u0131 CHP\u2019ye verdiler.&nbsp;&nbsp;<\/p>\n\n\n\n<p>Y\u0131llar \u00f6nce b\u00f6yle bir \u015fey olsa buna \u201ck\u0131yamet alameti\u201d derdik ama oldu i\u015fte.&nbsp;<\/p>\n\n\n\n<ul class=\"wp-block-list\">\n<li>A\u015f\u0131r\u0131 dinciler\u2026&nbsp;<\/li>\n<\/ul>\n\n\n\n<p>Daha do\u011frusu kamuoyunun bu \u015fekilde bildi\u011fi a\u015f\u0131r\u0131 dini taassubu olan gruplar da bilip bilmeden GAZZE ve \u0130srail ile ticaret mevzusunu i\u015fleyerek oylar\u0131 YRP\u2019ye (Yeniden refah Partisi) y\u00f6neltildi.&nbsp;<\/p>\n\n\n\n<p>M\u0130T\u2019in herg\u00fcn MOSSAD ajanlar\u0131n\u0131 derdest etti\u011fini g\u00f6re g\u00f6re bu yalana inand\u0131lar.&nbsp;<\/p>\n\n\n\n<p>Listeyi&nbsp;&nbsp;<\/p>\n\n\n\n<p>Bu \u015fekilde uzatmak m\u00fcmk\u00fcn ama gere\u011fi yok.&nbsp;&nbsp;<\/p>\n\n\n\n<p>Netice olarak&nbsp;<\/p>\n\n\n\n<p>\u201cNe olursan ol.. ama Tayyip\u2019e oy verme\u201d slogan\u0131 tuttu.&nbsp;<\/p>\n\n\n\n<p><strong>N\u0130\u00c7\u0130N..NEDEN?&nbsp;<\/strong><\/p>\n\n\n\n<p>\u0130\u015fte as\u0131l soru bu!&nbsp;<\/p>\n\n\n\n<p>\u201cTayyip\u201d ne yapt\u0131 da birbiri ile kavgal\u0131.. hi\u00e7bir zaman yan yana gelmesi asla m\u00fcmk\u00fcn olmayan gruplar.. nas\u0131l oldu da bu se\u00e7imde bir araya geldi?&nbsp;<\/p>\n\n\n\n<p><strong>15 YIL \u00d6NCE<\/strong>&nbsp;<\/p>\n\n\n\n<p>Her \u015fey&nbsp;<\/p>\n\n\n\n<p>Cumhurba\u015fkan\u0131m\u0131z\u0131n yakla\u015f\u0131k 15 y\u0131l \u00f6nce&nbsp;&nbsp;<\/p>\n\n\n\n<p>\u00dclkemizi ba\u011f\u0131ms\u0131zla\u015ft\u0131rma yolunda att\u0131\u011f\u0131 ad\u0131mla ba\u015flad\u0131.&nbsp;&nbsp;<\/p>\n\n\n\n<p><strong>NEYD\u0130 O ADIM?&nbsp;<\/strong><\/p>\n\n\n\n<p>\u201cOne minute\u201d ile ba\u015flayan meydan okuma s\u00fcrecini tamamlamak i\u00e7in&nbsp;<\/p>\n\n\n\n<p>Hakan Fidan\u2019\u0131 M\u0130T\u2019in ba\u015f\u0131na getirmek\u2026&nbsp;<\/p>\n\n\n\n<p>\u00c7\u00fcnk\u00fc&nbsp;<\/p>\n\n\n\n<p>Silah savunma sanayi i\u00e7in at\u0131lan her ad\u0131m i\u00e7eride ya \u0130srail\u2019e servis ediliyor&nbsp;&nbsp;<\/p>\n\n\n\n<p>Veya&nbsp;<\/p>\n\n\n\n<p>Bu i\u015fte \u00e7al\u0131\u015fsan de\u011ferli m\u00fchendislerimiz \u00f6ld\u00fcr\u00fclerek, intihar s\u00fcs\u00fc veriliyordu.&nbsp;<\/p>\n\n\n\n<p><strong>FET\u00d6 TELA\u015eA KAPILIYOR&nbsp;<\/strong><\/p>\n\n\n\n<p>H. Fidan\u2019\u0131n M\u0130T m\u00fcste\u015far\u0131 olmas\u0131yla&nbsp;<\/p>\n\n\n\n<p>FET\u00d6 tela\u015fa kap\u0131ld\u0131.&nbsp;<\/p>\n\n\n\n<p>(Daha do\u011frusu FET\u00d6 de\u011fil CIA ve arka bah\u00e7esi \u0130srail\u2026)&nbsp;&nbsp;&nbsp;&nbsp;<\/p>\n\n\n\n<p><strong>KAVGA BA\u015eLIYOR&nbsp;<\/strong><\/p>\n\n\n\n<p>Y\u0131llar sonra&nbsp;&nbsp;<\/p>\n\n\n\n<p><strong>FET\u00d6\u2019ye&nbsp;&nbsp;<\/strong><\/p>\n\n\n\n<p>\u201cNeden kavga ettiniz? Ne g\u00fczel ge\u00e7iniyordunuz!\u201d diye soran gazetecilere \u015fu cevab\u0131 verecekti.&nbsp;<\/p>\n\n\n\n<ul class=\"wp-block-list\">\n<li>Biz \u00e7ok \u015fey istemedik ki\u2026 M\u0130T m\u00fcste\u015farl\u0131\u011f\u0131, Milli E\u011fitim bakanl\u0131\u011f\u0131 ve Milli Savunma Bakanl\u0131\u011f\u0131n\u0131 istemi\u015ftik.. vermedi!&nbsp;<\/li>\n<\/ul>\n\n\n\n<p>Diyecekti.&nbsp;<\/p>\n\n\n\n<p>Yani Cumhurba\u015fkan\u0131m\u0131z;&nbsp;<\/p>\n\n\n\n<p>Bu \u00fclkenin istihbarat\u0131n\u0131 CIA\u2019ya&nbsp;<\/p>\n\n\n\n<p>Teknolojik geli\u015fmesini Amerika ve \u0130srail\u2019e&nbsp;<\/p>\n\n\n\n<p>Beynini de FET\u00d6\u2019ye teslim etmeyi kabul etmeyince operasyon ba\u015flad\u0131.&nbsp;<\/p>\n\n\n\n<p>Zihinlere&nbsp;<\/p>\n\n\n\n<p>Sosyal medya arac\u0131l\u0131\u011f\u0131 ile&nbsp;&nbsp;<\/p>\n\n\n\n<p>\u201cTayyip\u201d nefreti yava\u015f yava\u015f zihinlere kaz\u0131ld\u0131.&nbsp;<\/p>\n\n\n\n<p><strong>EMEKL\u0130LER ve KAYMAK TABAKAS<\/strong>I&nbsp;<\/p>\n\n\n\n<p>T\u00fcm bunlara ra\u011fmen&nbsp;<\/p>\n\n\n\n<p>Emekli ve dar gelirliler CHP\u2019ye oy verdi mi?&nbsp;<\/p>\n\n\n\n<p>Hay\u0131r! Vermedi. K\u00fcs\u00fcp sand\u0131\u011fa gitmeyen \u00e7ok var ama gidip CHP\u2019ye oy vermedi.&nbsp;<\/p>\n\n\n\n<p>Tam aksine&nbsp;&nbsp;<\/p>\n\n\n\n<p>Baz\u0131 Akpartili y\u00f6neticilerin yapm\u0131\u015f oldu\u011fu hatalara ra\u011fmen&nbsp;<\/p>\n\n\n\n<p>\u201cReis\u2019in can\u0131 sa\u011f olsun\u201d deyip oylar\u0131n\u0131 yine Akparti\u2019ye verdiler.&nbsp;<\/p>\n\n\n\n<p>Bunun maddi ispat\u0131n\u0131&nbsp;<\/p>\n\n\n\n<p>Yaz\u0131 uzad\u0131\u011f\u0131 i\u00e7in gelecek yaz\u0131da yapaca\u011f\u0131m in\u015fallah\u2026&nbsp;<\/p>\n\n\n\n<p>07.04.2024&nbsp;<\/p>\n\n\n\n<p><\/p>\n","protected":false},"excerpt":{"rendered":"<p>Emin Batur Bunun maddi ispat\u0131n\u0131 yapaca\u011f\u0131m&nbsp;&nbsp; Ama \u00f6nce&nbsp; Baz\u0131 tespitleri yapmam gerekiyor.&nbsp;&nbsp; 15 YILDIR&nbsp;&nbsp; \u0130\u015eLENEN \u201cTAYY\u0130P\u201d NEFRET\u0130&nbsp; Dikkat edilirse bu se\u00e7imde&nbsp; Birbirinden nefret eden en u\u00e7 gruplar bir araya gelerek \u201cTayyip\u201di yenme yemini ettiler.&nbsp; Bir yerde e\u011fer;&nbsp; CHP g\u00fc\u00e7l\u00fc ise CHP\u2019ye.. YRP veya DEM g\u00fc\u00e7l\u00fc ise oraya y\u00f6neldiler.&nbsp; K\u0130M BUNLAR?&nbsp; Irk\u00e7\u0131lar (\u0130yi partinin laik T\u00fcrk\u00e7\u00fcleri &hellip;<\/p>\n","protected":false},"author":14,"featured_media":50033,"comment_status":"open","ping_status":"open","sticky":false,"template":"","format":"standard","meta":{"om_disable_all_campaigns":false,"_themeisle_gutenberg_block_has_review":false,"_joinchat":[],"footnotes":""},"categories":[56,38,43],"tags":[],"class_list":["post-50031","post","type-post","status-publish","format-standard","has-post-thumbnail","","category-emin","category-guncel","category-yazarlar"],"_links":{"self":[{"href":"https:\/\/akincilardergisi.com\/tr\/wp-json\/wp\/v2\/posts\/50031","targetHints":{"allow":["GET"]}}],"collection":[{"href":"https:\/\/akincilardergisi.com\/tr\/wp-json\/wp\/v2\/posts"}],"about":[{"href":"https:\/\/akincilardergisi.com\/tr\/wp-json\/wp\/v2\/types\/post"}],"author":[{"embeddable":true,"href":"https:\/\/akincilardergisi.com\/tr\/wp-json\/wp\/v2\/users\/14"}],"replies":[{"embeddable":true,"href":"https:\/\/akincilardergisi.com\/tr\/wp-json\/wp\/v2\/comments?post=50031"}],"version-history":[{"count":0,"href":"https:\/\/akincilardergisi.com\/tr\/wp-json\/wp\/v2\/posts\/50031\/revisions"}],"wp:featuredmedia":[{"embeddable":true,"href":"https:\/\/akincilardergisi.com\/tr\/wp-json\/wp\/v2\/media\/50033"}],"wp:attachment":[{"href":"https:\/\/akincilardergisi.com\/tr\/wp-json\/wp\/v2\/media?parent=50031"}],"wp:term":[{"taxonomy":"category","embeddable":true,"href":"https:\/\/akincilardergisi.com\/tr\/wp-json\/wp\/v2\/categories?post=50031"},{"taxonomy":"post_tag","embeddable":true,"href":"https:\/\/akincilardergisi.com\/tr\/wp-json\/wp\/v2\/tags?post=50031"}],"curies":[{"name":"wp","href":"https:\/\/api.w.org\/{rel}","templated":true}]}}