{"id":49999,"date":"2024-04-05T16:02:10","date_gmt":"2024-04-05T13:02:10","guid":{"rendered":"https:\/\/akincilardergisi.com\/tr\/?p=49999"},"modified":"2024-04-05T16:13:11","modified_gmt":"2024-04-05T13:13:11","slug":"eski-cumhurbaskani-ahmet-necdet-sezer-ve-emekliler","status":"publish","type":"post","link":"https:\/\/akincilardergisi.com\/tr\/eski-cumhurbaskani-ahmet-necdet-sezer-ve-emekliler\/","title":{"rendered":"ESK\u0130 CUMHURBA\u015eKANI\u00a0AHMET NECDET SEZER\u00a0VE EMEKL\u0130LER"},"content":{"rendered":"\n<p><strong>Emin Batur<\/strong><\/p>\n\n\n\n<p>Sadece&nbsp;<\/p>\n\n\n\n<p>Bu foto\u011fraf karesini g\u00f6rmek i\u00e7in bile&nbsp;&nbsp;<\/p>\n\n\n\n<p>Bir \u00f6m\u00fcr boyu&nbsp;<\/p>\n\n\n\n<p>Cumhurba\u015fkan\u0131m\u0131z Erdo\u011fan&#8217;a destek vermeye de\u011fer.&nbsp;<\/p>\n\n\n\n<p>31 Mart yerel se\u00e7imlerinde oyunu kullanan A. Necdet Sezer\u2019e&nbsp;<\/p>\n\n\n\n<p>Ba\u015f\u00f6rt\u00fcl\u00fc bir han\u0131mefendi oy kulland\u0131\u011f\u0131na dair imza att\u0131r\u0131yor.&nbsp;&nbsp;<\/p>\n\n\n\n<p>A. Necdet Sezer cumhurba\u015fkan\u0131 oldu\u011fu d\u00f6nemde&nbsp;<\/p>\n\n\n\n<figure class=\"wp-block-image size-large\"><img loading=\"lazy\" decoding=\"async\" width=\"782\" height=\"516\" src=\"https:\/\/akincilardergisi.com\/tr\/wp-content\/uploads\/2024\/04\/image.png\" alt=\"\" class=\"wp-image-50003\" srcset=\"https:\/\/akincilardergisi.com\/tr\/wp-content\/uploads\/2024\/04\/image.png 782w, https:\/\/akincilardergisi.com\/tr\/wp-content\/uploads\/2024\/04\/image-300x198.png 300w, https:\/\/akincilardergisi.com\/tr\/wp-content\/uploads\/2024\/04\/image-768x507.png 768w, https:\/\/akincilardergisi.com\/tr\/wp-content\/uploads\/2024\/04\/image-310x205.png 310w\" sizes=\"auto, (max-width: 782px) 100vw, 782px\" \/><\/figure>\n\n\n\n<p>&#8220;Kamusal Alan&#8221; diye&nbsp;&nbsp;<\/p>\n\n\n\n<p>Bir kavram uydurmu\u015f&nbsp;<\/p>\n\n\n\n<p>Ba\u015f\u00f6rt\u00fcl\u00fc \u00e7oluk-\u00e7ocuklar\u0131m\u0131z\u0131n okul kap\u0131lar\u0131nda tartaklanmas\u0131na.. kolundan tutulup yerlerde s\u00fcr\u00fcklenmesine sebep olmu\u015ftu.&nbsp;<\/p>\n\n\n\n<p>Bilhassa \u00fcniversitelerde okuyan han\u0131m k\u0131zlar\u0131m\u0131z\u0131n \u00f6yle ac\u0131kl\u0131 hikayeleri var ki.. anlatmaya y\u00fcrek dayanmaz.&nbsp;<\/p>\n\n\n\n<p>Kimi okulu b\u0131rak\u0131p inzivaya \u00e7ekildi&nbsp;<\/p>\n\n\n\n<p>Kimi bunal\u0131ma girip hastaland\u0131&nbsp;<\/p>\n\n\n\n<p>\u0130mk\u00e2n bulanlar k\u0131z haliyle.. binbir zorlukla yurt d\u0131\u015f\u0131na e\u011fitimini tamamlamaya gitti.&nbsp;<\/p>\n\n\n\n<p>Kimi ac\u0131lar\u0131n\u0131 i\u00e7ine ak\u0131t\u0131p&nbsp;&nbsp;<\/p>\n\n\n\n<p>Allah cc bir yol g\u00f6sterinceye kadar evinde oturdu.. sabretti.. evlendi, \u00e7oluk \u00e7ocu\u011fa kar\u0131\u015ft\u0131. Taa ki, o g\u00fcn gelinceye kadar.&nbsp;<\/p>\n\n\n\n<p>Bu arada&nbsp;<\/p>\n\n\n\n<p>A. Necdet Sezer ve destek\u00e7ileri (CHP, o g\u00fcnk\u00fc Ecevit&#8217;in DSP&#8217;si ve a\u015f\u0131r\u0131 laik-kemalist medya.. odalar.. Tabipler Birli\u011fi vs. vs. vs.)&nbsp;<\/p>\n\n\n\n<p>2002 se\u00e7imlerini bekliyorlard\u0131.&nbsp;<\/p>\n\n\n\n<p>E\u011fer&nbsp;&nbsp;<\/p>\n\n\n\n<p>O se\u00e7imi CHP ve \u015f\u00fcrek\u00e2s\u0131 kazansayd\u0131&nbsp;<\/p>\n\n\n\n<p>&#8220;Kamusal Alan&#8221; diye&nbsp;&nbsp;<\/p>\n\n\n\n<p>Ba\u015f\u00f6rt\u00fcl\u00fc han\u0131mefendileri&nbsp;<\/p>\n\n\n\n<p>Resmi dairelere almayacak (nitekim kamusal alan diye ba\u015f\u00f6rt\u00fcl\u00fc Hatice Bircan\u2019\u0131 hastaneye almam\u0131\u015f \u00f6l\u00fcm\u00fcne sebep olmu\u015flard\u0131)&nbsp;<\/p>\n\n\n\n<p>Hatta belediye otob\u00fcslerine bile bindirmeyeceklerdi. Buna haz\u0131rl\u0131k yap\u0131yorlard\u0131&nbsp;<\/p>\n\n\n\n<p>Ama&nbsp;&nbsp;<\/p>\n\n\n\n<p>Mazlumlar\u0131n duas\u0131 kabul oldu.&nbsp;<\/p>\n\n\n\n<p>Se\u00e7imi Akparti kazand\u0131&nbsp;<\/p>\n\n\n\n<p>Ve&nbsp;<\/p>\n\n\n\n<p>Bir m\u00fcddet sonra da (o zaman bir \u015fiir okudu\u011fu i\u00e7in siyasi yasakl\u0131yd\u0131)&nbsp;<\/p>\n\n\n\n<p>Ba\u015fkan\u0131m\u0131z Recep Tayyip Erdo\u011fan&nbsp;<\/p>\n\n\n\n<p>Partinin ba\u015f\u0131na ge\u00e7ti.&nbsp;<\/p>\n\n\n\n<p><strong>ECEV\u0130T&#8217;\u0130N BIRAKTI\u011eI&nbsp;<\/strong><\/p>\n\n\n\n<p><strong>\u00c7\u00d6KM\u00dc\u015e. \u0130FLAS ETM\u0130\u015e B\u0130R T\u00dcRK\u0130YE DEVRALDI&nbsp;<\/strong><\/p>\n\n\n\n<p>Dert sadece Ba\u015f\u00f6rt\u00fcs\u00fc de\u011fildi ki&#8230;&nbsp;<\/p>\n\n\n\n<p>Depremden \u00e7\u0131km\u0131\u015f bir T\u00fcrkiye devrald\u0131.&nbsp;<\/p>\n\n\n\n<p>\u0130\u015fe koyulup&nbsp;<\/p>\n\n\n\n<p>D\u00fc\u011f\u00fcm\u00fc ilmek ilmek \u00e7\u00f6zmeye ba\u015flad\u0131.&nbsp;<\/p>\n\n\n\n<p>Nihayet son ilme\u011fi \u00e7\u00f6zd\u00fc\u011f\u00fcnde&nbsp;<\/p>\n\n\n\n<p>Ba\u015f\u00f6rt\u00fcl\u00fclerin&nbsp;<\/p>\n\n\n\n<p>B\u0131rak\u0131n \u00fcniversiteye girmesini.. bug\u00fcn vali, subay, kaymakam, polis ve akl\u0131n\u0131za gelen t\u00fcm &#8220;Kamusal Alan&#8221; larda g\u00f6rev yapabilecek bir hale getirdi.&nbsp;<\/p>\n\n\n\n<p>Hatta&nbsp;<\/p>\n\n\n\n<p>Tarihin ve eskiden ya\u015fanan o ac\u0131 hat\u0131ralar\u0131n&nbsp;&nbsp;<\/p>\n\n\n\n<p>Bir ironisi olarak&nbsp;<\/p>\n\n\n\n<p>&#8220;Kamusal Alan&#8221; mucidi A. Necdet Sezer oyunu kulland\u0131ktan sonra ona imzay\u0131 ba\u015f\u00f6rt\u00fcl\u00fc bir han\u0131mefendi karde\u015fimiz att\u0131rd\u0131.&nbsp;<\/p>\n\n\n\n<p>\u015e\u00fck\u00fcrler olsun.&nbsp;<\/p>\n\n\n\n<p><strong>GELEL\u0130M B\u0130ZE&#8230;&nbsp;<\/strong><\/p>\n\n\n\n<p>Biz ise;&nbsp;<\/p>\n\n\n\n<p>Tayyip Bey&#8217;in 20 y\u0131ld\u0131r can\u0131n\u0131 di\u015fine takarak&nbsp;<\/p>\n\n\n\n<p>Bize kazand\u0131rd\u0131klar\u0131n\u0131 bir \u00e7\u0131rp\u0131da unuttuk.&nbsp;<\/p>\n\n\n\n<p>Gelip emekli maa\u015f\u0131na tak\u0131l\u0131p kald\u0131k.&nbsp;<\/p>\n\n\n\n<p>Emekli maa\u015f\u0131 t\u00fcm kutsal de\u011ferlerimizin \u00f6n\u00fcne ge\u00e7ti.&nbsp;<\/p>\n\n\n\n<p>Ne 15 Temmuz&nbsp;<\/p>\n\n\n\n<p>Ne Ayasofya&nbsp;<\/p>\n\n\n\n<p>Ne Ba\u015f\u00f6rt\u00fcs\u00fc&nbsp;<\/p>\n\n\n\n<p>Ne Taksim Cami&nbsp;<\/p>\n\n\n\n<p>Ne g\u00fc\u00e7l\u00fc, onurlu bir \u00fclkenin birinci s\u0131n\u0131f vatanda\u015f\u0131 olmak.. hi\u00e7 biri fayda etmedi.&nbsp;<\/p>\n\n\n\n<p>Bizim&nbsp;<\/p>\n\n\n\n<p>&#8220;Emeklilere haks\u0131zl\u0131k yap\u0131ld\u0131\u011f\u0131n\u0131 kabul ediyoruz&nbsp;<\/p>\n\n\n\n<p>Ne olur oyuna gelmeyin.. bunu se\u00e7im sonras\u0131 konu\u015furuz!&#8221;&nbsp;<\/p>\n\n\n\n<p>\u015eeklindeki feryatlar\u0131m\u0131z\u0131 duyuramad\u0131k&nbsp;<\/p>\n\n\n\n<p>Ve maalesef&nbsp;<\/p>\n\n\n\n<p>Allah&#8217;\u0131n bir l\u00fctfu olan bu de\u011ferli liderimizi se\u00e7imden ma\u011flup \u00e7\u0131kard\u0131k.. ba\u015f\u0131n\u0131 e\u011fdirdik.&nbsp;<\/p>\n\n\n\n<p>Demek ki,&nbsp;<\/p>\n\n\n\n<p>K\u00f6pr\u00fcn\u00fcn alt\u0131ndan \u00e7ok sular akm\u0131\u015ft\u0131.&nbsp;<\/p>\n\n\n\n<p>Bu ge\u00e7en y\u0131llar zarf\u0131nda&nbsp;<\/p>\n\n\n\n<p>Bizim birinci \u00f6nceli\u011fimiz; kutsal de\u011ferlerimiz, ba\u011f\u0131ms\u0131zl\u0131\u011f\u0131m\u0131z, bayra\u011f\u0131m\u0131z, vatan b\u00fct\u00fcnl\u00fc\u011f\u00fcm\u00fcz falan de\u011filmi\u015f.&nbsp;<\/p>\n\n\n\n<p>&#8220;E\u011fer&nbsp;<\/p>\n\n\n\n<p>Tayyip biz emeklilere bi be\u015f bincik verseydi.. bak onu yine nas\u0131l birinci parti yapard\u0131k!&#8221; mottosu baz\u0131lar\u0131 i\u00e7in birinci \u00f6ncelik oldu.&nbsp;&nbsp;<\/p>\n\n\n\n<p><strong>HAKLARINI \u0130NK\u00c2R ETMEYEL\u0130M&nbsp;<\/strong><\/p>\n\n\n\n<p>Bu arada&nbsp;<\/p>\n\n\n\n<p>T\u00fcm psikolojik ve medyatik bask\u0131ya ra\u011fmen&nbsp;<\/p>\n\n\n\n<p>Emekli maa\u015f\u0131n\u0131 dert etmeyip (ki, onlar da az de\u011fildir)&nbsp;<\/p>\n\n\n\n<p>Sand\u0131k ba\u015f\u0131na giden&nbsp;&nbsp;<\/p>\n\n\n\n<p>Ve Cumhurba\u015fkan\u0131m\u0131za destek veren t\u00fcm emekli han\u0131mefendi ve beyefendilere sayg\u0131 ve sevgilerimi sunar\u0131m.&nbsp;<\/p>\n\n\n\n<p>05.04.2024&nbsp;<\/p>\n\n\n\n<p>Emin Batur&nbsp;<\/p>\n","protected":false},"excerpt":{"rendered":"<p>Emin Batur Sadece&nbsp; Bu foto\u011fraf karesini g\u00f6rmek i\u00e7in bile&nbsp;&nbsp; Bir \u00f6m\u00fcr boyu&nbsp; Cumhurba\u015fkan\u0131m\u0131z Erdo\u011fan&#8217;a destek vermeye de\u011fer.&nbsp; 31 Mart yerel se\u00e7imlerinde oyunu kullanan A. Necdet Sezer\u2019e&nbsp; Ba\u015f\u00f6rt\u00fcl\u00fc bir han\u0131mefendi oy kulland\u0131\u011f\u0131na dair imza att\u0131r\u0131yor.&nbsp;&nbsp; A. Necdet Sezer cumhurba\u015fkan\u0131 oldu\u011fu d\u00f6nemde&nbsp; &#8220;Kamusal Alan&#8221; diye&nbsp;&nbsp; Bir kavram uydurmu\u015f&nbsp; Ba\u015f\u00f6rt\u00fcl\u00fc \u00e7oluk-\u00e7ocuklar\u0131m\u0131z\u0131n okul kap\u0131lar\u0131nda tartaklanmas\u0131na.. kolundan tutulup yerlerde s\u00fcr\u00fcklenmesine &hellip;<\/p>\n","protected":false},"author":14,"featured_media":50006,"comment_status":"open","ping_status":"open","sticky":false,"template":"","format":"standard","meta":{"om_disable_all_campaigns":false,"_themeisle_gutenberg_block_has_review":false,"_joinchat":[],"footnotes":""},"categories":[56,38,43],"tags":[],"class_list":["post-49999","post","type-post","status-publish","format-standard","has-post-thumbnail","","category-emin","category-guncel","category-yazarlar"],"_links":{"self":[{"href":"https:\/\/akincilardergisi.com\/tr\/wp-json\/wp\/v2\/posts\/49999","targetHints":{"allow":["GET"]}}],"collection":[{"href":"https:\/\/akincilardergisi.com\/tr\/wp-json\/wp\/v2\/posts"}],"about":[{"href":"https:\/\/akincilardergisi.com\/tr\/wp-json\/wp\/v2\/types\/post"}],"author":[{"embeddable":true,"href":"https:\/\/akincilardergisi.com\/tr\/wp-json\/wp\/v2\/users\/14"}],"replies":[{"embeddable":true,"href":"https:\/\/akincilardergisi.com\/tr\/wp-json\/wp\/v2\/comments?post=49999"}],"version-history":[{"count":0,"href":"https:\/\/akincilardergisi.com\/tr\/wp-json\/wp\/v2\/posts\/49999\/revisions"}],"wp:featuredmedia":[{"embeddable":true,"href":"https:\/\/akincilardergisi.com\/tr\/wp-json\/wp\/v2\/media\/50006"}],"wp:attachment":[{"href":"https:\/\/akincilardergisi.com\/tr\/wp-json\/wp\/v2\/media?parent=49999"}],"wp:term":[{"taxonomy":"category","embeddable":true,"href":"https:\/\/akincilardergisi.com\/tr\/wp-json\/wp\/v2\/categories?post=49999"},{"taxonomy":"post_tag","embeddable":true,"href":"https:\/\/akincilardergisi.com\/tr\/wp-json\/wp\/v2\/tags?post=49999"}],"curies":[{"name":"wp","href":"https:\/\/api.w.org\/{rel}","templated":true}]}}