{"id":49854,"date":"2024-03-13T10:57:59","date_gmt":"2024-03-13T07:57:59","guid":{"rendered":"https:\/\/akincilardergisi.com\/tr\/?p=49854"},"modified":"2024-03-13T16:46:49","modified_gmt":"2024-03-13T13:46:49","slug":"kaan-krallar-krali-miyoksateflon-tava-mi-olacak","status":"publish","type":"post","link":"https:\/\/akincilardergisi.com\/tr\/kaan-krallar-krali-miyoksateflon-tava-mi-olacak\/","title":{"rendered":"Bizdeki se\u00e7imler"},"content":{"rendered":"\n<p><strong>Emin Batur<\/strong><\/p>\n\n\n\n<p><strong>B\u0130ZDEK\u0130 SE\u00c7\u0130MLER\u00a0<\/strong><\/p>\n\n\n\n<p><strong>\u0130KT\u0130DAR-MUHALEFET SE\u00c7\u0130M\u0130 DE\u011e\u0130LD\u0130R\u00a0<\/strong><\/p>\n\n\n\n<p>Bizdeki se\u00e7imler&nbsp;<\/p>\n\n\n\n<p>Bat\u0131 \u00fclkelerindeki gibi basit bir iktidar- muhalefet yar\u0131\u015f\u0131 de\u011fildir.&nbsp;<\/p>\n\n\n\n<p>Bizdeki se\u00e7imler&nbsp;<\/p>\n\n\n\n<p>Bir milli m\u00fccadele ve bir beka meselesi kadar \u00f6nemlidir.&nbsp;<\/p>\n\n\n\n<p><strong>NEDEN?\u00a0<\/strong><\/p>\n\n\n\n<p>\u00c7\u00fcnk\u00fc bizde muhalefet&nbsp;<\/p>\n\n\n\n<p>Ve onun arka bah\u00e7esi olan sivil toplum kurulu\u015flar\u0131, meslek odalar\u0131 vs. \u00fclkemizin bir ad\u0131m \u00f6ne gitmesini engellemek i\u00e7in var g\u00fc\u00e7leri ile \u00e7al\u0131\u015f\u0131yorlar da ondan\u2026&nbsp;<\/p>\n\n\n\n<p><strong>KAAN\u00a0<\/strong><\/p>\n\n\n\n<p>Mesela KAAN adl\u0131&nbsp;&nbsp;<\/p>\n\n\n\n<p>Milli gururumuz.. s\u00fcper u\u00e7a\u011f\u0131m\u0131z\u0131n ilk u\u00e7u\u015funu ele alal\u0131m.&nbsp;<\/p>\n\n\n\n<p>Bu teknoloji harikas\u0131 u\u00e7a\u011f\u0131m\u0131z&nbsp;<\/p>\n\n\n\n<p>Hakl\u0131 olarak t\u00fcm d\u00fcnya bas\u0131n\u0131nda yer ald\u0131.&nbsp;<\/p>\n\n\n\n<p>D\u00fc\u015fmanlar\u0131m\u0131z tedirgin oldu&nbsp;<\/p>\n\n\n\n<p>Dostlar\u0131m\u0131z sevindi\u2026&nbsp;<\/p>\n\n\n\n<p>Ancak&nbsp;&nbsp;<\/p>\n\n\n\n<p>CHP medyas\u0131nda bundan tek sat\u0131r olsun bahsedilmedi.&nbsp;<\/p>\n\n\n\n<p><strong>PKK\u00a0<\/strong><\/p>\n\n\n\n<p>Ba\u015fka bir misal:&nbsp;<\/p>\n\n\n\n<p>DEM Parti b\u00f6l\u00fcc\u00fcl\u00fck yapt\u0131\u011f\u0131n\u0131 ink\u00e2r etmiyor&nbsp;<\/p>\n\n\n\n<p>Ve f\u0131rsat buldu\u011fu her ortamda&nbsp;&nbsp;<\/p>\n\n\n\n<p>T\u00fcrkiye s\u0131n\u0131rlar\u0131 i\u00e7inde K\u00dcRD\u0130STAN adl\u0131 bir devlet kurmak istedi\u011fini farkl\u0131 \u015fekillerde de olsa ifade ediyor.&nbsp;<\/p>\n\n\n\n<p>Binaenaleyh&nbsp;<\/p>\n\n\n\n<p>PKK liderlerinden gelen talimatlar\u0131 harfiyen uyguluyor.&nbsp;<\/p>\n\n\n\n<p>Buna ra\u011fmen&nbsp;<\/p>\n\n\n\n<p>CHP bu parti ile el alt\u0131nda ittifak kurmaktan vaz ge\u00e7miyor.. onunla se\u00e7ime gidiyor.&nbsp;&nbsp;<\/p>\n\n\n\n<p><strong>\u0130MO-BARO-TAB\u0130BLER ODASI VS\u2026<\/strong>\u00a0<\/p>\n\n\n\n<p>CHP\u2019nin arka bah\u00e7esi g\u00f6revini yapmaya \u00e7al\u0131\u015fan meslek kurulu\u015flar\u0131 da farkl\u0131 \u015feyler yapm\u0131yor.&nbsp;<\/p>\n\n\n\n<ul class=\"wp-block-list\">\n<li>D\u00fcnyan\u0131n en \u00f6nemli ve en b\u00fcy\u00fck havalimanlar\u0131ndan birini yap\u0131yorsunuz.. kar\u015f\u0131 \u00e7\u0131k\u0131yorlar.&nbsp;<\/li>\n\n\n\n<li>Her y\u0131l b\u00fct\u00e7eye 60 milyar dolar y\u00fck getiren ve enerji a\u00e7\u0131\u011f\u0131n\u0131 kapatacak olan n\u00fckleer santraller yapmak istiyorsunuz.. kar\u015f\u0131 \u00e7\u0131k\u0131yorlar.&nbsp;&nbsp;<\/li>\n\n\n\n<li>D\u00fcnyan\u0131n en \u00f6nemli su ge\u00e7i\u015f yollar\u0131ndan birini yaparak, \u00fclkemize hem siyasi hem de maddi olarak \u00f6nemli bir katk\u0131 sa\u011flayacak olan Kanal \u0130stanbul\u2019u yapmak istiyorsunuz.. kar\u015f\u0131 \u00e7\u0131k\u0131yorlar.&nbsp;<\/li>\n\n\n\n<li>\u00dclkemizi d\u00fcnyan\u0131n \u00f6nemli lojistik merkezlerinden birini yapmak i\u00e7in yol, k\u00f6pr\u00fc, viyad\u00fck, liman ve marinalar yapmak istiyorsunuz.. kar\u015f\u0131 \u00e7\u0131k\u0131yorlar.&nbsp;<\/li>\n<\/ul>\n\n\n\n<p>Cumhurba\u015fkan\u0131m\u0131z&nbsp;<\/p>\n\n\n\n<p>B\u00f6yle bir muhalefete ra\u011fmen&nbsp;<\/p>\n\n\n\n<p>Ve&nbsp;<\/p>\n\n\n\n<p>Pandemi d\u00f6neminde devletin gelirleri&nbsp;<\/p>\n\n\n\n<p>Vergide %80&nbsp;<\/p>\n\n\n\n<p>\u0130\u00e7 ve d\u0131\u015f ticarette %70&nbsp;<\/p>\n\n\n\n<p>Turizm gelirinde %90 d\u00fc\u015fmesine ra\u011fmen\u2026&nbsp;<\/p>\n\n\n\n<p><strong>DEPREM\u00a0<\/strong><\/p>\n\n\n\n<p>Tarihin&nbsp;<\/p>\n\n\n\n<p>Kaydetti\u011fi en b\u00fcy\u00fck depreme ra\u011fmen&#8230;&nbsp;<\/p>\n\n\n\n<p>(Kaplad\u0131\u011f\u0131 alan ve n\u00fcfus kesafeti a\u00e7\u0131s\u0131nda)&nbsp;<\/p>\n\n\n\n<p><strong>GIDA\u00a0<\/strong><\/p>\n\n\n\n<p>Rusya- Ukrayna sava\u015f\u0131ndan dolay\u0131&nbsp;<\/p>\n\n\n\n<p>D\u00fcnyan\u0131n girdi\u011fi g\u0131da krizine ra\u011fmen\u2026&nbsp;<\/p>\n\n\n\n<p><strong>TER\u00d6R VE KALKINMA HIZI\u00a0<\/strong><\/p>\n\n\n\n<p>Ter\u00f6r belas\u0131&nbsp;&nbsp;<\/p>\n\n\n\n<p>\u00dclkemizin kalk\u0131nma h\u0131z\u0131n\u0131 her y\u0131l 3-4 puan eksiltmesine ra\u011fmen\u2026&nbsp;<\/p>\n\n\n\n<p>Muhalefet&nbsp;<\/p>\n\n\n\n<p>Ve onun arka bah\u00e7esi takoz olmas\u0131na ra\u011fmen&nbsp;<\/p>\n\n\n\n<p>Cumhurba\u015fkan\u0131m\u0131z yukar\u0131da say\u0131lan yat\u0131r\u0131mlar\u0131n \u00e7o\u011funu ger\u00e7ekle\u015ftirdi.&nbsp;<\/p>\n\n\n\n<p>E\u011fer&nbsp;<\/p>\n\n\n\n<p>Yerinde ba\u015fka birisi olsayd\u0131,&nbsp;&nbsp;<\/p>\n\n\n\n<p>Muhalefetin bu ac\u0131mas\u0131z salvolar\u0131ndan dolay\u0131 \u00e7oktan pes etmi\u015f.. \u00fclkemiz de \u00fc\u00e7\u00fcnc\u00fc d\u00fcnya \u00fclkesi olarak o eski karanl\u0131k g\u00fcnlerine \u00e7oktan d\u00f6nm\u00fc\u015f olacakt\u0131.&nbsp;<\/p>\n\n\n\n<p>\u00d6yle ya;&nbsp;<\/p>\n\n\n\n<p>Muhalefetin kar\u015f\u0131 \u00e7\u0131kt\u0131\u011f\u0131 yol k\u00f6pr\u00fc havaliman\u0131 vb. gibi altyap\u0131, sa\u011fl\u0131k, sanayi ve teknolojide yat\u0131r\u0131m yapmaman\u0131n neticesi ba\u015fka ne olabilirdi ki\u2026&nbsp;<\/p>\n\n\n\n<p>Bundan dolay\u0131&nbsp;<\/p>\n\n\n\n<p>Bizdeki se\u00e7imler&nbsp;<\/p>\n\n\n\n<p>Bir \u201cMilli M\u00fccadele ve bek\u00e2 meselesidir\u201d diyoruz.&nbsp;<\/p>\n\n\n\n<p>12.03.2024&nbsp;<\/p>\n\n\n\n<p><\/p>\n","protected":false},"excerpt":{"rendered":"<p>Emin Batur B\u0130ZDEK\u0130 SE\u00c7\u0130MLER\u00a0 \u0130KT\u0130DAR-MUHALEFET SE\u00c7\u0130M\u0130 DE\u011e\u0130LD\u0130R\u00a0 Bizdeki se\u00e7imler&nbsp; Bat\u0131 \u00fclkelerindeki gibi basit bir iktidar- muhalefet yar\u0131\u015f\u0131 de\u011fildir.&nbsp; Bizdeki se\u00e7imler&nbsp; Bir milli m\u00fccadele ve bir beka meselesi kadar \u00f6nemlidir.&nbsp; NEDEN?\u00a0 \u00c7\u00fcnk\u00fc bizde muhalefet&nbsp; Ve onun arka bah\u00e7esi olan sivil toplum kurulu\u015flar\u0131, meslek odalar\u0131 vs. \u00fclkemizin bir ad\u0131m \u00f6ne gitmesini engellemek i\u00e7in var g\u00fc\u00e7leri ile \u00e7al\u0131\u015f\u0131yorlar &hellip;<\/p>\n","protected":false},"author":14,"featured_media":49855,"comment_status":"open","ping_status":"open","sticky":false,"template":"","format":"standard","meta":{"om_disable_all_campaigns":false,"_themeisle_gutenberg_block_has_review":false,"_joinchat":[],"footnotes":""},"categories":[56,38,43],"tags":[],"class_list":["post-49854","post","type-post","status-publish","format-standard","has-post-thumbnail","","category-emin","category-guncel","category-yazarlar"],"_links":{"self":[{"href":"https:\/\/akincilardergisi.com\/tr\/wp-json\/wp\/v2\/posts\/49854","targetHints":{"allow":["GET"]}}],"collection":[{"href":"https:\/\/akincilardergisi.com\/tr\/wp-json\/wp\/v2\/posts"}],"about":[{"href":"https:\/\/akincilardergisi.com\/tr\/wp-json\/wp\/v2\/types\/post"}],"author":[{"embeddable":true,"href":"https:\/\/akincilardergisi.com\/tr\/wp-json\/wp\/v2\/users\/14"}],"replies":[{"embeddable":true,"href":"https:\/\/akincilardergisi.com\/tr\/wp-json\/wp\/v2\/comments?post=49854"}],"version-history":[{"count":0,"href":"https:\/\/akincilardergisi.com\/tr\/wp-json\/wp\/v2\/posts\/49854\/revisions"}],"wp:featuredmedia":[{"embeddable":true,"href":"https:\/\/akincilardergisi.com\/tr\/wp-json\/wp\/v2\/media\/49855"}],"wp:attachment":[{"href":"https:\/\/akincilardergisi.com\/tr\/wp-json\/wp\/v2\/media?parent=49854"}],"wp:term":[{"taxonomy":"category","embeddable":true,"href":"https:\/\/akincilardergisi.com\/tr\/wp-json\/wp\/v2\/categories?post=49854"},{"taxonomy":"post_tag","embeddable":true,"href":"https:\/\/akincilardergisi.com\/tr\/wp-json\/wp\/v2\/tags?post=49854"}],"curies":[{"name":"wp","href":"https:\/\/api.w.org\/{rel}","templated":true}]}}