{"id":49767,"date":"2024-02-28T08:36:05","date_gmt":"2024-02-28T05:36:05","guid":{"rendered":"https:\/\/akincilardergisi.com\/tr\/?p=49767"},"modified":"2024-02-28T08:38:41","modified_gmt":"2024-02-28T05:38:41","slug":"kaan-kime-uctu","status":"publish","type":"post","link":"https:\/\/akincilardergisi.com\/tr\/kaan-kime-uctu\/","title":{"rendered":"KAAN K\u0130ME U\u00c7TU"},"content":{"rendered":"\n<p><strong>\u00d6mer Naci Y\u0131lmaz<\/strong><\/p>\n\n\n\n<p>T\u00fcrkiye\u2019nin ve T\u00fcrk milletinin her t\u00fcrl\u00fc ba\u015far\u0131s\u0131 onun d\u00fc\u015fmanlar\u0131n\u0131n kin ve \u00f6fkesini art\u0131rmaktad\u0131r. D\u00fc\u015fman\u0131n kin ve \u00f6fkesini anlayabiliyoruz da siyasi muar\u0131zlar\u0131n bu hasetli\u011fini bir t\u00fcrl\u00fc anlayam\u0131yoruz. Kabul etmeseler de T\u00fcrkiye son yirmi y\u0131ld\u0131r her alanda oldu\u011fu gibi Savunma Sanayi\u2019inde de b\u00fcy\u00fck bir at\u0131l\u0131m g\u00f6stermektedir. Bu alandaki yerlilik oranlar\u0131 y\u00fczde yirmilerden y\u00fczde seksenlere dayanmaktad\u0131r.<\/p>\n\n\n\n<p>Cumhuriyetin ikinci y\u00fcz y\u0131l\u0131nda okullardaki TC \u0130nk\u0131l\u00e2p Tarihi ve Atat\u00fcrk\u00e7\u00fcl\u00fck Dersi\u2019nin yeniden yaz\u0131lmas\u0131 gerekmektedir. Birinci y\u00fcz y\u0131lda sanayi alan\u0131nda yap\u0131lanlara 21. Y\u00fczy\u0131l\u0131n ilk \u00e7e\u011fere\u011finde yap\u0131lanlar\u0131 da eklemek gerekmektedir. Zira b\u00fcy\u00fckler, hasetliklerinden yap\u0131lanlar\u0131 ve gelinen seviyeyi bir t\u00fcrl\u00fc g\u00f6rmek, anlamak ve hissetmek istemiyorl. Vicdan sahibi vatansever \u00f6\u011fretmenler derslerde bu geli\u015fmeleri hakk\u0131yla anlatacaklard\u0131r. Okullar bunu yapmasa da sosyal medya, bir \u015fekilde bu geli\u015fmeleri b\u00fcy\u00fcklere ra\u011fmen gen\u00e7lere duyurmaya devam edeceklerdir. Onlar zannediyor ki kendi mahallelerinin gazeteleri yazm\u0131yor diye, kendi televizyonlar\u0131 g\u00f6stermiyor diye T\u00fcrkiye\u2019de hi\u00e7 bir \u015fey olmuyor. Oluyor hem de bal gibi oluyor. Hem de onlara ra\u011fmen, onlar\u0131n a\u011fa babalar\u0131na ra\u011fmen millet\u00e7e iftihar edebilece\u011fimiz g\u00fczel i\u015fler yap\u0131l\u0131yor. \u00d6yle bir zihniyet ki kendilerinden olmayanlar\u0131n yapt\u0131\u011f\u0131 ne varsa yok h\u00fckm\u00fcnde g\u00f6r\u00fcyorlar. Siz g\u00f6rm\u00fcyorsunuz diye millet \u00fcretmekten vazge\u00e7ecek de\u011fildir. Hasetlik k\u00f6r edince, hasetlik sa\u011f\u0131r edince, hasetlik hissiz edince sonu\u00e7 b\u00f6yle oluyor. Bu haset\u00e7i zihniyetin ne oldu\u011funu rahmetli Menderes Yass\u0131ada\u2019daki savunmalar\u0131nda s\u00f6ylemi\u015fti: \u201cEsasen \u00f6teden beri millet\u00e7e kalk\u0131nmam\u0131z\u0131n d\u00fc\u015fman\u0131 kesilmediler mi? \u015eimdiye kadar memleketin muvaffakiyetlerinden birisine dahi kaale al\u0131p bahsettiler mi? T\u00fcrk milletinin zeka ve gayretinin mahsul\u00fc olan bin bir eserden birisine dahi ba\u015flar\u0131n\u0131 \u00e7evirip bakt\u0131lar m\u0131? Milletin olan her g\u00fczel \u015feyden, birisini dahi benimsemek faziletini g\u00f6sterdiler mi? Hay\u0131r. Aksine her muvaffakiyeti bir felaket, her g\u00fczel ve muhte\u015fem eseri bir zarar diye g\u00f6stermek i\u00e7in seneler ve senelerdir nas\u0131l \u00e7\u0131rp\u0131nd\u0131klar\u0131n\u0131 millet\u00e7e bilmiyor muyuz?\u201d<\/p>\n\n\n\n<p>Keban baraj\u0131na, GAP\u2019a, Bo\u011faz K\u00f6pr\u00fcs\u00fcne, Otobanlara, T\u00fcnellere, Hava alanlar\u0131na kar\u015f\u0131 \u00e7\u0131kt\u0131klar\u0131n\u0131 millet olarak biliyoruz. \u0130lk defa muhalefete d\u00fc\u015ft\u00fckleri 1950\u2019den bu yana iktidara muhalefet edece\u011fim diye millete, milletin de\u011ferlerine ve \u00fclkeye muhalefet ettiler. Cumhuriyetin ilk y\u0131llar\u0131nda sanayi ve kalk\u0131nma ad\u0131na yap\u0131lanlar\u0131 yok saymak m\u00fcmk\u00fcn m\u00fcd\u00fcr? Onlar yap\u0131ld\u0131, sonradan gelenler \u00fczerine koydu. Senin sevdiklerin yap\u0131nca \u00e7ok iyi, milletin sevdikleri yap\u0131nca tukaka \u00f6yle mi? Milletin evlatlar\u0131 \u00fcretecek, siz g\u00f6receksiniz ve al\u0131\u015facaks\u0131n\u0131z. Hani sizden birinin bir s\u00f6z\u00fc vard\u0131 ya: \u201cAdam kazand\u0131.\u201d \u015eimdiden sonra o s\u00f6z \u201cAdam yapt\u0131.\u201d Oldu ve olmaya devm edecek.<\/p>\n\n\n\n<p>T\u00fcrk Havac\u0131l\u0131k ve Uzay Sanayii A.\u015e. (TUSA\u015e) taraf\u0131ndan y\u00fcr\u00fct\u00fclen proje kapsam\u0131nda \u00fcretilen Milli Muharip U\u00e7a\u011f\u0131 KAAN, 21 \u015eubat 2024 \u00c7ar\u015famba g\u00fcn\u00fc sat 08: 50\u2019de ilk u\u00e7u\u015funu ger\u00e7ekle\u015ftirerek 13 dakika havada kald\u0131. Bu u\u00e7u\u015fta 8000 feet irtifaya \u00e7\u0131kt\u0131 ve 230 knot h\u0131za ula\u015ft\u0131. Siz g\u00f6rmek istemeseniz de \u00e7ocuklar\u0131n\u0131z buu\u00e7a\u011f\u0131n t\u00fcm \u00f6zelliklerini biliyor.<\/p>\n\n\n\n<p>Bir insan \u00fclkesinin ba\u015far\u0131lar\u0131ndan ni\u00e7in memnuniyet duymaz ki? Ni\u00e7in sevinemez ki? Bu psikolojinin ve Psikiyatrinin konusudur. Siyaseten ise hasetliktir. Biz yapam\u0131yorsak kimse de yapmas\u0131n. Kaan millitimiz i\u00e7in \u00f6v\u00fcn\u00e7 kayna\u011f\u0131 olurken, d\u00fc\u015fmanl\u0131k yapanlar i\u00e7in ise korku ve panik<\/p>\n\n\n\n<p>kayna\u011f\u0131d\u0131r. Milletin her ba\u015far\u0131s\u0131n\u0131 k\u00fc\u00e7\u00fcmsemeyi siyasi tav\u0131r olarak geli\u015ftirenler yine ayn\u0131 y\u00f6ntemi se\u00e7tiler. S\u00fcp\u00fcrge sap\u0131, vileda sap\u0131, kalorifer pete\u011fi, tekerleri kapanm\u0131yor, b\u00f6yle mi u\u00e7ak yapt\u0131n\u0131z? diye dalga ge\u00e7meler, hafife almalar\u2026 Ama sonra \u00f6\u011frendik ki ilk u\u00e7u\u015fta g\u00fcvenlik amac\u0131yla tekerler i\u00e7eri al\u0131nmazm\u0131\u015f. Hasedinizde bo\u011fulun demiyoruz, hasetli\u011fi b\u0131rak\u0131n diyoruz.<\/p>\n\n\n\n<p>Kaan Allah\u2019\u0131n arz\u0131nda, Allah\u2019\u0131n g\u00f6\u011f\u00fc i\u00e7in yap\u0131ld\u0131. Eme\u011fi ge\u00e7en herkesi tebrik etmek, onlara dua etmek vicdani sorumluluktur. Kaan g\u00f6klerde u\u00e7acak, gerekti\u011finde d\u00fc\u015fman sahalar\u0131na do\u011fru u\u00e7acak, size u\u00e7mayacak ki, siz neden korktunuz, niye paniklediniz?<\/p>\n\n\n\n<p>Kaan\u2019\u0131 bu aziz milletin azmine, gayretine ve \u00e7abas\u0131na kar\u015f\u0131l\u0131k olarak ikram eden, \u201c\u0130nsan i\u00e7in ancak \u00e7al\u0131\u015ft\u0131\u011f\u0131n\u0131n kar\u015f\u0131l\u0131\u011f\u0131 vard\u0131r.\u201d (53\/Necm, 39) diyen yerin ve g\u00f6\u011f\u00fcn Rabine hamdolsun.<\/p>\n\n\n\n<p>\u00d6mer Naci Y\u0131lmaz<\/p>\n","protected":false},"excerpt":{"rendered":"<p>\u00d6mer Naci Y\u0131lmaz T\u00fcrkiye\u2019nin ve T\u00fcrk milletinin her t\u00fcrl\u00fc ba\u015far\u0131s\u0131 onun d\u00fc\u015fmanlar\u0131n\u0131n kin ve \u00f6fkesini art\u0131rmaktad\u0131r. D\u00fc\u015fman\u0131n kin ve \u00f6fkesini anlayabiliyoruz da siyasi muar\u0131zlar\u0131n bu hasetli\u011fini bir t\u00fcrl\u00fc anlayam\u0131yoruz. Kabul etmeseler de T\u00fcrkiye son yirmi y\u0131ld\u0131r her alanda oldu\u011fu gibi Savunma Sanayi\u2019inde de b\u00fcy\u00fck bir at\u0131l\u0131m g\u00f6stermektedir. Bu alandaki yerlilik oranlar\u0131 y\u00fczde yirmilerden y\u00fczde seksenlere &hellip;<\/p>\n","protected":false},"author":26,"featured_media":49770,"comment_status":"open","ping_status":"open","sticky":false,"template":"","format":"standard","meta":{"om_disable_all_campaigns":false,"_themeisle_gutenberg_block_has_review":false,"_joinchat":[],"footnotes":""},"categories":[38,54,43],"tags":[],"class_list":["post-49767","post","type-post","status-publish","format-standard","has-post-thumbnail","","category-guncel","category-omer","category-yazarlar"],"_links":{"self":[{"href":"https:\/\/akincilardergisi.com\/tr\/wp-json\/wp\/v2\/posts\/49767","targetHints":{"allow":["GET"]}}],"collection":[{"href":"https:\/\/akincilardergisi.com\/tr\/wp-json\/wp\/v2\/posts"}],"about":[{"href":"https:\/\/akincilardergisi.com\/tr\/wp-json\/wp\/v2\/types\/post"}],"author":[{"embeddable":true,"href":"https:\/\/akincilardergisi.com\/tr\/wp-json\/wp\/v2\/users\/26"}],"replies":[{"embeddable":true,"href":"https:\/\/akincilardergisi.com\/tr\/wp-json\/wp\/v2\/comments?post=49767"}],"version-history":[{"count":0,"href":"https:\/\/akincilardergisi.com\/tr\/wp-json\/wp\/v2\/posts\/49767\/revisions"}],"wp:featuredmedia":[{"embeddable":true,"href":"https:\/\/akincilardergisi.com\/tr\/wp-json\/wp\/v2\/media\/49770"}],"wp:attachment":[{"href":"https:\/\/akincilardergisi.com\/tr\/wp-json\/wp\/v2\/media?parent=49767"}],"wp:term":[{"taxonomy":"category","embeddable":true,"href":"https:\/\/akincilardergisi.com\/tr\/wp-json\/wp\/v2\/categories?post=49767"},{"taxonomy":"post_tag","embeddable":true,"href":"https:\/\/akincilardergisi.com\/tr\/wp-json\/wp\/v2\/tags?post=49767"}],"curies":[{"name":"wp","href":"https:\/\/api.w.org\/{rel}","templated":true}]}}