{"id":49381,"date":"2024-01-28T17:20:37","date_gmt":"2024-01-28T14:20:37","guid":{"rendered":"https:\/\/akincilardergisi.com\/tr\/?p=49381"},"modified":"2024-01-29T08:02:19","modified_gmt":"2024-01-29T05:02:19","slug":"yeniden-refah-partisi-satilik-mi","status":"publish","type":"post","link":"https:\/\/akincilardergisi.com\/tr\/yeniden-refah-partisi-satilik-mi\/","title":{"rendered":"YEN\u0130DEN REFAH PART\u0130S\u0130 SATILIK MI?"},"content":{"rendered":"\n<p><strong>Ayd\u0131n Ayd\u0131n<\/strong><\/p>\n\n\n\n<p>Yeniden Refah Partisi&#8217;nin medyada konu\u015fan insanlar\u0131na g\u00f6re, her g\u00fcn ve her oturu\u015f kalk\u0131\u015fta Akparti ile pazarl\u0131k \u00fcst\u00fcne pazarl\u0131k yap\u0131yorlar.<\/p>\n\n\n\n<p>Bu insanlar sokak insan\u0131 de\u011filler&#8230;. Genel ba\u015fkan o dilde&#8230; Genel ba\u015fkan yard\u0131mc\u0131s\u0131 veya ba\u015fkan vekili s\u0131fat\u0131yla hepsi ayn\u0131 dildeler&#8230;<\/p>\n\n\n\n<p>O\u011ful s\u0131fat\u0131yla da damat s\u0131fat\u0131yla da de\u011fi\u015fen bir \u015fey yok.<\/p>\n\n\n\n<p>Neymi\u015f?<\/p>\n\n\n\n<p>Se\u00e7imlerde \u015fu kadar rey alm\u0131\u015flarm\u0131\u015flar&nbsp; ve bu rey y\u00fczdesi ile Akparti adaylar\u0131na her yerde kaybettirebilirler imi\u015fler.<\/p>\n\n\n\n<p>Kendilerine rey veren insanlar\u0131 kendilerinin aferine ko\u015fan taz\u0131s\u0131 diye san\u0131yorlar ki&#8230; Parmak i\u015fareti veya el \u015faklatmas\u0131 ile o se\u00e7menleri istedikeri yere oy verdirebileceklerini d\u00fc\u015f\u00fcn\u00fcyorlar.<\/p>\n\n\n\n<p>\u0130nsan\u0131n\u0131n kendini d\u00fc\u015f\u00fcrebilece\u011fi en derin ahmakl\u0131\u011f\u0131n opzunu veriyorlar.<\/p>\n\n\n\n<p>Bu durum bir yana;<\/p>\n\n\n\n<p>Yeniden Refah Partisi, Akparti ile &#8220;pazarl\u0131k yap\u0131yoruz&#8221; s\u00f6ylemleriyle kendilerinin &#8220;sat\u0131l\u0131k&#8221; oldukar\u0131n\u0131 ilan ettikleri gibi Akparti&#8217;yi de bu \u015fekilde kirletme \u00e7abas\u0131nda olduklar\u0131n\u0131 g\u00f6steriyorlar.<\/p>\n\n\n\n<p>Dinini tart\u0131\u015fan dinsiz kal\u0131r. Kim, kiminle ne pazarl\u0131\u011f\u0131 yap\u0131yor olabilir.<\/p>\n\n\n\n<p>M\u00fcminler, her s\u00f6z\u00fc dinler ve do\u011fru s\u00f6z ne ise ona uyarlar. Yani s\u00f6z dedi\u011fin \u015fey bir pazarl\u0131k arac\u0131 de\u011fil hakikati ifade amac\u0131yla s\u00f6ylenir.&nbsp;<\/p>\n\n\n\n<p>Gerek Fatih Erbakan ve gerekse damat a\u011fz\u0131ndan b\u00f6yle &#8220;pazarl\u0131k&#8221; s\u00f6zlerini her duydu\u011fumda hocama rahmet diliyor ve ayn\u0131 zamanda gerek evlat yeti\u015ftirme ve gerekse damat se\u00e7imi dolay\u0131s\u0131yla ne kadar \u00e7aresiz kald\u0131\u011f\u0131n\u0131 d\u00fc\u015f\u00fcn\u00fcyorum.&nbsp;<\/p>\n\n\n\n<p>\u0130yi ki o\u011flunun ve damad\u0131n\u0131n kendilerini bu \u015fekilde pazarlamaya kalkt\u0131klar\u0131n\u0131 g\u00f6rmedi.&nbsp;<\/p>\n\n\n\n<p>Allah rahmet eylesin .<\/p>\n","protected":false},"excerpt":{"rendered":"<p>Ayd\u0131n Ayd\u0131n Yeniden Refah Partisi&#8217;nin medyada konu\u015fan insanlar\u0131na g\u00f6re, her g\u00fcn ve her oturu\u015f kalk\u0131\u015fta Akparti ile pazarl\u0131k \u00fcst\u00fcne pazarl\u0131k yap\u0131yorlar. Bu insanlar sokak insan\u0131 de\u011filler&#8230;. Genel ba\u015fkan o dilde&#8230; Genel ba\u015fkan yard\u0131mc\u0131s\u0131 veya ba\u015fkan vekili s\u0131fat\u0131yla hepsi ayn\u0131 dildeler&#8230; O\u011ful s\u0131fat\u0131yla da damat s\u0131fat\u0131yla da de\u011fi\u015fen bir \u015fey yok. Neymi\u015f? Se\u00e7imlerde \u015fu kadar rey &hellip;<\/p>\n","protected":false},"author":17,"featured_media":49382,"comment_status":"open","ping_status":"open","sticky":false,"template":"","format":"standard","meta":{"om_disable_all_campaigns":false,"_themeisle_gutenberg_block_has_review":false,"_joinchat":[],"footnotes":""},"categories":[53,38,43],"tags":[],"class_list":["post-49381","post","type-post","status-publish","format-standard","has-post-thumbnail","","category-aydin","category-guncel","category-yazarlar"],"_links":{"self":[{"href":"https:\/\/akincilardergisi.com\/tr\/wp-json\/wp\/v2\/posts\/49381","targetHints":{"allow":["GET"]}}],"collection":[{"href":"https:\/\/akincilardergisi.com\/tr\/wp-json\/wp\/v2\/posts"}],"about":[{"href":"https:\/\/akincilardergisi.com\/tr\/wp-json\/wp\/v2\/types\/post"}],"author":[{"embeddable":true,"href":"https:\/\/akincilardergisi.com\/tr\/wp-json\/wp\/v2\/users\/17"}],"replies":[{"embeddable":true,"href":"https:\/\/akincilardergisi.com\/tr\/wp-json\/wp\/v2\/comments?post=49381"}],"version-history":[{"count":0,"href":"https:\/\/akincilardergisi.com\/tr\/wp-json\/wp\/v2\/posts\/49381\/revisions"}],"wp:featuredmedia":[{"embeddable":true,"href":"https:\/\/akincilardergisi.com\/tr\/wp-json\/wp\/v2\/media\/49382"}],"wp:attachment":[{"href":"https:\/\/akincilardergisi.com\/tr\/wp-json\/wp\/v2\/media?parent=49381"}],"wp:term":[{"taxonomy":"category","embeddable":true,"href":"https:\/\/akincilardergisi.com\/tr\/wp-json\/wp\/v2\/categories?post=49381"},{"taxonomy":"post_tag","embeddable":true,"href":"https:\/\/akincilardergisi.com\/tr\/wp-json\/wp\/v2\/tags?post=49381"}],"curies":[{"name":"wp","href":"https:\/\/api.w.org\/{rel}","templated":true}]}}