{"id":49378,"date":"2024-01-27T08:41:50","date_gmt":"2024-01-27T05:41:50","guid":{"rendered":"https:\/\/akincilardergisi.com\/tr\/?p=49378"},"modified":"2024-01-27T08:41:55","modified_gmt":"2024-01-27T05:41:55","slug":"dizi-konulari-ustune","status":"publish","type":"post","link":"https:\/\/akincilardergisi.com\/tr\/dizi-konulari-ustune\/","title":{"rendered":"D\u0130Z\u0130 KONULARI \u00dcST\u00dcNE"},"content":{"rendered":"\n<p><strong>Ayd\u0131n Ayd\u0131n<\/strong><\/p>\n\n\n\n<p>Yar\u0131 \u00e7\u0131plak ve hatta \u00e7\u0131plak \u00f6tesi bir gen\u00e7 k\u0131z&#8230; Orta ya\u015f \u00fcst\u00fc bir erkek .<\/p>\n\n\n\n<p>Gen\u00e7 k\u0131z ile ya\u015fl\u0131 erkek aras\u0131nda ge\u00e7ecek bir dizi&#8230;<\/p>\n\n\n\n<p>Merak&#8230;<\/p>\n\n\n\n<p>K\u0131z, adam\u0131n k\u0131z\u0131 m\u0131 yoksa sevgilisi mi?<\/p>\n\n\n\n<p>Aynen b\u00f6yle s\u00f6yleniyor&nbsp;<\/p>\n\n\n\n<p>K\u0131z kelimesi yerinde k\u0131z\u0131n ismi, adam kelimesi yerinde adam\u0131n ismi.<\/p>\n\n\n\n<p>K\u0131z, adam\u0131n k\u0131z\u0131 mi yoksa sevglisi mi?<\/p>\n\n\n\n<p>Ekrandaki g\u00f6rsel, k\u0131z, pavyon k\u0131yafetiyle adam\u0131n \u00fcst\u00fcnde.<\/p>\n\n\n\n<p>Soru: k\u0131z\u0131 mi sevgilisi mi?<\/p>\n\n\n\n<p>Dizinin ad\u0131: \u0130NC\u0130 TANELER\u0130<\/p>\n\n\n\n<p>KANAL D<\/p>\n\n\n\n<p>DEM\u0130R\u00d6REN MEDYA<\/p>\n\n\n\n<p>&#8230;.<\/p>\n\n\n\n<p>Dizi boyunca her t\u00fcrl\u00fc i\u015f, i\u015fve ve kepazelik ya\u015fanacak ve seyirci bu sevi\u015fme ve cilvelerin &#8220;Acaba bunlar baba k\u0131z m\u0131?&#8221; Merak\u0131 ile izleyecek&#8230;<\/p>\n\n\n\n<p>Y\u0131lmaz Erdo\u011fan&#8230;. \u00dcstelik Hakkari&#8217;nin \u00e7ocu\u011fu&#8230; En az\u0131ndan bir &#8220;K\u00fcrt namusu&#8221; ta\u015f\u0131mas\u0131 gereken adam&#8230;<\/p>\n\n\n\n<p>\u0130stanbullu oldun da bu kadar m\u0131 soysuzluk merakl\u0131s\u0131 oldun ya&#8230;<\/p>\n\n\n\n<p>Seyircinin \u00f6n\u00fcne hi\u00e7 b\u00f6yle bir konu &#8220;dizi&#8221; diye konulur mu?<\/p>\n\n\n\n<p>Yahu i\u00e7inizde hi\u00e7 &#8220;baba&#8221; kimse yok mu?<\/p>\n\n\n\n<p>Hepiniz mi onur sava\u015f\u00e7\u0131s\u0131 oldunuz ya?<\/p>\n\n\n\n<p>Ey Demir\u00f6ren medya&#8230; Yahu millet sizin i\u00e7in bedel \u00f6d\u00fcyor. Do\u011fan medya de\u011filsiniz diye bayram edenler bile var.<\/p>\n\n\n\n<p>Nas\u0131l bir soysuzluk \u00e7ukurunda demir \u00f6r\u00fcyorsunuz?<\/p>\n\n\n\n<p>Ey K\u00fcrtler&#8230;. \u0130\u00e7inizden b\u00f6yle mikroplar mi \u00fcretiyor da buna m\u0131 ayd\u0131nlanma ve ulusalla\u015fma diyorsunuz?<\/p>\n\n\n\n<p>Y\u0131lmaz Erdo\u011fan&#8230; \u0130yi yere tezgah a\u00e7m\u0131\u015fs\u0131n&#8230;<\/p>\n\n\n\n<p>K\u0131z\u0131n\u0131n sevgilisi olarak geberesin diye dua edenlerin olur mu bilmem ger\u00e7ek hayatta.<\/p>\n\n\n\n<p>Olsun. Hi\u00e7 de\u011filse onlar kurtulsun .<\/p>\n\n\n\n<p>Demir\u00f6ren medya&#8230; Bu \u00e7\u00f6p tenekesi kafa ile yok olas\u0131n\u0131z..<\/p>\n","protected":false},"excerpt":{"rendered":"<p>Ayd\u0131n Ayd\u0131n Yar\u0131 \u00e7\u0131plak ve hatta \u00e7\u0131plak \u00f6tesi bir gen\u00e7 k\u0131z&#8230; Orta ya\u015f \u00fcst\u00fc bir erkek . Gen\u00e7 k\u0131z ile ya\u015fl\u0131 erkek aras\u0131nda ge\u00e7ecek bir dizi&#8230; Merak&#8230; K\u0131z, adam\u0131n k\u0131z\u0131 m\u0131 yoksa sevgilisi mi? Aynen b\u00f6yle s\u00f6yleniyor&nbsp; K\u0131z kelimesi yerinde k\u0131z\u0131n ismi, adam kelimesi yerinde adam\u0131n ismi. K\u0131z, adam\u0131n k\u0131z\u0131 mi yoksa sevglisi mi? Ekrandaki &hellip;<\/p>\n","protected":false},"author":17,"featured_media":49379,"comment_status":"open","ping_status":"open","sticky":false,"template":"","format":"standard","meta":{"om_disable_all_campaigns":false,"_themeisle_gutenberg_block_has_review":false,"_joinchat":[],"footnotes":""},"categories":[53,38,43],"tags":[],"class_list":["post-49378","post","type-post","status-publish","format-standard","has-post-thumbnail","","category-aydin","category-guncel","category-yazarlar"],"_links":{"self":[{"href":"https:\/\/akincilardergisi.com\/tr\/wp-json\/wp\/v2\/posts\/49378","targetHints":{"allow":["GET"]}}],"collection":[{"href":"https:\/\/akincilardergisi.com\/tr\/wp-json\/wp\/v2\/posts"}],"about":[{"href":"https:\/\/akincilardergisi.com\/tr\/wp-json\/wp\/v2\/types\/post"}],"author":[{"embeddable":true,"href":"https:\/\/akincilardergisi.com\/tr\/wp-json\/wp\/v2\/users\/17"}],"replies":[{"embeddable":true,"href":"https:\/\/akincilardergisi.com\/tr\/wp-json\/wp\/v2\/comments?post=49378"}],"version-history":[{"count":0,"href":"https:\/\/akincilardergisi.com\/tr\/wp-json\/wp\/v2\/posts\/49378\/revisions"}],"wp:featuredmedia":[{"embeddable":true,"href":"https:\/\/akincilardergisi.com\/tr\/wp-json\/wp\/v2\/media\/49379"}],"wp:attachment":[{"href":"https:\/\/akincilardergisi.com\/tr\/wp-json\/wp\/v2\/media?parent=49378"}],"wp:term":[{"taxonomy":"category","embeddable":true,"href":"https:\/\/akincilardergisi.com\/tr\/wp-json\/wp\/v2\/categories?post=49378"},{"taxonomy":"post_tag","embeddable":true,"href":"https:\/\/akincilardergisi.com\/tr\/wp-json\/wp\/v2\/tags?post=49378"}],"curies":[{"name":"wp","href":"https:\/\/api.w.org\/{rel}","templated":true}]}}