{"id":49373,"date":"2024-01-26T11:48:31","date_gmt":"2024-01-26T08:48:31","guid":{"rendered":"https:\/\/akincilardergisi.com\/tr\/?p=49373"},"modified":"2024-01-26T11:48:41","modified_gmt":"2024-01-26T08:48:41","slug":"musluman-hangi-taraftasin","status":"publish","type":"post","link":"https:\/\/akincilardergisi.com\/tr\/musluman-hangi-taraftasin\/","title":{"rendered":"M\u00fcsl\u00fcman hangi taraftas\u0131n?"},"content":{"rendered":"\n<p><a href=\"https:\/\/www.haber7.com\/yazarlar\/arif-altunbas\"><\/a><\/p>\n\n\n\n<p><strong>Arif Altunba\u015f<\/strong><\/p>\n\n\n\n<p>G\u00fcney Afrika Cumhuriyetinin giri\u015fimiyle Uluslararas\u0131 Adalet Divan\u0131n (UAD) da yarg\u0131lanan Siyonist \u0130srail Gazze\u2019de i\u015fledi\u011fi soyk\u0131r\u0131m\u0131n belgelerini mahkemeye delil olarak sunan T\u00fcrkiye\u2019ye kar\u015f\u0131, Yahudilere Filistin topraklar\u0131ndan bir kar\u0131\u015f toprak vermeyen y\u00fcce Hakan Abdulhamithan\u2019dan bu yana i\u00e7lerinde biriktirdikleri kin, nefret ve d\u00fc\u015fmanl\u0131\u011f\u0131 uluorta \u00e7emkirerek kusmaya ba\u015flad\u0131.<\/p>\n\n\n\n<p>G\u00f6zlerini&nbsp;<a href=\"https:\/\/www.haber7.com\/dunya\" target=\"_blank\" rel=\"noreferrer noopener\">d\u00fcnya<\/a>ya yeni a\u00e7m\u0131\u015f Gazze\u2019 li masum bebeklerin \u0130srail zulm\u00fcne a\u00e7\u0131ktan ve gizli destek veren, ona yard\u0131m eden, onu alk\u0131\u015flayan bat\u0131l\u0131lar\u0131n evlerindeki s\u00fcs k\u00f6pekleri kadar bir de\u011feri olmad\u0131\u011f\u0131 ortaya \u00e7\u0131kt\u0131. Bat\u0131l\u0131lar\u0131n vicdan\u0131 bu kadar kurumu\u015f, insani de\u011fer ve duygulardan da bu kadar uzakla\u015fm\u0131\u015f, vah\u015fi bir hayvan haline gelmi\u015f durumda. B\u00fct\u00fcn d\u00fcnya bu zul\u00fcm ve katliam kar\u015f\u0131s\u0131nda dilsiz \u015feytan gibi susuyor.<\/p>\n\n\n\n<p>Bat\u0131da bir avu\u00e7 duyarl\u0131 insan\u0131n&nbsp;<strong>\u2018\u2019\u00d6zg\u00fcr Filistin\u2019\u2019&nbsp;<\/strong>\u00e7\u0131\u011fl\u0131klar\u0131 demokrasinin(!) be\u015fi\u011fi denilen Bat\u0131 \u015fehirlerinde barbarca bo\u011fulmaya \u00e7al\u0131\u015f\u0131l\u0131yor. T\u00fcm bat\u0131l\u0131 medya, bas\u0131n ve yay\u0131n organlar\u0131 hep birlikte \u00fc\u00e7 maymunu oynama yar\u0131\u015f\u0131nda.<\/p>\n\n\n\n<p>\u0130srail ve Siyonist Yahudiler tarih boyu kendilerine yap\u0131lan bask\u0131, zul\u00fcm, i\u015fkence, katliam, s\u00fcrg\u00fcn ve soyk\u0131r\u0131mlardan ders ve ibret \u00e7\u0131karm\u0131\u015f de\u011filler. Kendilerine yap\u0131lan, yap\u0131lmak zorunda b\u0131rak\u0131lan sald\u0131r\u0131lar\u0131n ac\u0131s\u0131n\u0131 ve intikam\u0131n\u0131 \u2018<strong>\u2019Ba\u011f\u0131ms\u0131z, \u00f6zg\u00fcr ve demokratik (!)\u2019\u2019<\/strong>&nbsp;d\u00fcnya \u00fclkeleri ve halklar\u0131n\u0131n g\u00f6zleri \u00f6n\u00fcnde soyk\u0131r\u0131m\u0131 yap\u0131yor.<\/p>\n\n\n\n<p>Daha da ileriye giderek,&nbsp;<strong>\u2018\u2019F\u0131rat\u2019 tan Nil nehrine kadar\u2026\u2019\u2019<\/strong>, G\u00fcneydo\u011fu illerimiz de kapsayan Mekke ve Medine\u2019ye kadar olan topraklar\u0131n kendilerine tanr\u0131 taraf\u0131ndan verildi\u011fi sa\u00e7mal\u0131\u011f\u0131na inan\u0131yorlar. Bu topraklar\u0131 mutlaka alacaklar\u0131n\u0131 s\u00f6yleyerek adeta D\u00fcnya\u2019ya kafa tutuyorlar.<\/p>\n\n\n\n<p>T\u00fcrkiye ve Ortado\u011fu \u00fclkeleri i\u015fgalci, istilac\u0131 ve vah\u015fi bir orta\u00e7a\u011f barbarl\u0131\u011f\u0131yla kar\u015f\u0131 kar\u015f\u0131ya olduklar\u0131n\u0131n ne kadar bilincindedir acaba? \u0130ngilizlerin i\u015fgal edip kurduklar\u0131 \u0130srail fitnesi, bug\u00fcn Amerikan emperyalizminin etekleri alt\u0131na s\u0131\u011f\u0131narak t\u00fcm M\u00fcsl\u00fcman \u00fclkeleri a\u00e7\u0131k a\u00e7\u0131k tehdit ediyor. Hatta baz\u0131lar\u0131na parmak sallay\u0131p,&nbsp;<strong>\u2018\u2019Oturun oturdu\u011funuz yerde, yoksa tahtlar\u0131n\u0131z\u0131 ve saraylar\u0131n\u0131z\u0131 ba\u015f\u0131n\u0131za ge\u00e7iririm\u2019\u2019&nbsp;<\/strong>diyerek onlar\u0131 it gibi azarlayabiliyor.&nbsp;<\/p>\n\n\n\n<p><strong>Hani nerede kendi M\u00fcsl\u00fcman halklar\u0131na kabaday\u0131l\u0131k eden, onlar\u0131 as\u0131p kesen, kendi \u00f6z vatanlar\u0131ndan kendi vatanda\u015flar\u0131n\u0131 kovan Arap Milliyet\u00e7ileri liderler? Amerikan dostu Krallar, Emirler, Sultanlar, Diktat\u00f6rler ve onlar\u0131n kibir heykelleri devlet adamlar\u0131, b\u00fcrokratlar\u0131, asker ve sivilleri \u015fimdi hangi Kertenkele deli\u011findedirler?<\/strong><\/p>\n\n\n\n<p>M\u00fcsl\u00fcmanlara kan kusturmakla \u00fcnl\u00fc halklar\u0131 M\u00fcsl\u00fcman olan \u0130slam d\u00fc\u015fman\u0131 rejimler neden dillerinizi yutmu\u015f susuyorsunuz? &nbsp;\u0130srail Gazze\u2019de, Filistin\u2019de, L\u00fcbnan\u2019da, Suriye\u2019de 7\/24 istedi\u011fi an, istedi\u011fi yeri ha bire bombal\u0131yor. Sizin kabaday\u0131l\u0131k ve kahramanl\u0131\u011f\u0131n\u0131z sadece kendi halk\u0131n\u0131za kar\u015f\u0131 m\u0131yd\u0131? Hangi cehennemdesiniz? Ba\u015f\u00f6rt\u00fcs\u00fc ve fistanlar\u0131n\u0131z\u0131 at\u0131p, adam gibi \u00e7\u0131k\u0131n ortaya\u2026<\/p>\n\n\n\n<p><strong>\u2018\u2019G\u00f6nl\u00fcm\u00fcz Gazze\u2019nin yan\u0131ndad\u0131r\u2019\u2019<\/strong>&nbsp;diyorsunuz, amma k\u0131l\u0131c\u0131n\u0131z Yezit\u2019 in taraf\u0131nda. Bol keseden palavra s\u0131kmak ve kuru tehditler ya\u011fd\u0131rmakla ne Amerika, ne \u0130srail, ne de onlar\u0131n dostlar\u0131 ve sizlere dost g\u00f6r\u00fcnen d\u00fc\u015fmanlar\u0131n\u0131z olan m\u00fcttefikler kahrolmuyor.<\/p>\n\n\n\n<p>\u0130ngiliz ve Amerikan emperyalizminin boyunduru\u011fu alt\u0131nda y\u0131llarca kullan\u0131lan, s\u00f6m\u00fcr\u00fclen kimli\u011fi ve benli\u011finden, tarih ve co\u011frafyas\u0131ndan kopar\u0131lmak istenen garip \u00fclkem! Ve sen ey T\u00fcrkiye\u2019m! Can d\u00fc\u015fman\u0131n, kan d\u00fc\u015fman\u0131n Ha\u00e7l\u0131- Siyonist ittifak\u0131 Sevir\u2019de ve Lozan\u2019da elini kolunu ba\u011flam\u0131\u015f ve sonra da; \u2018\u2019Bizden aferin! Almak i\u00e7in, -yurtta sulh cihanda sulh- diyecek ve uslu uslu oturacaks\u0131n! \u2019\u2019 &nbsp;diyenleri ve onlar\u0131n a\u011fz\u0131na bakarak uyutulan, avutulan ve uyu\u015fturulanlar\u0131 unutma!<\/p>\n\n\n\n<p>Sen ey M\u00fcsl\u00fcman!&nbsp;<strong>&nbsp;\u2018\u2019Hayaller kurup r\u00fcyalara durmaktan, \u00e7ok bekleyip gecenin yarasa ve bayku\u015flar\u0131yla bo\u011fu\u015fmaktan, g\u00fcne\u015f do\u011facak diye \u015fafaklar\u0131 g\u00f6zlemekten\u2019\u2019<\/strong>&nbsp;ne zaman yorulduk art\u0131k diyecek ve ku\u015flukla K\u0131yama duracaks\u0131n!<\/p>\n\n\n\n<p>Neredesin ilan et, d\u00fcnyaya hayk\u0131r? G\u00e2vur ABD; \u0130srail ve yanda\u015flar\u0131n\u0131n yan\u0131nda m\u0131, M\u00fcsl\u00fcmanlar\u0131n taraf\u0131nda m\u0131s\u0131n?<\/p>\n\n\n\n<p><em><strong>Arif Altunba\u015f \/\u00a0<a rel=\"noreferrer noopener\" href=\"https:\/\/www.haber7.com\/\" target=\"_blank\">Haber<\/a>\u00a07<\/strong><\/em>&#8216; den al\u0131nt\u0131.<\/p>\n","protected":false},"excerpt":{"rendered":"<p>Arif Altunba\u015f G\u00fcney Afrika Cumhuriyetinin giri\u015fimiyle Uluslararas\u0131 Adalet Divan\u0131n (UAD) da yarg\u0131lanan Siyonist \u0130srail Gazze\u2019de i\u015fledi\u011fi soyk\u0131r\u0131m\u0131n belgelerini mahkemeye delil olarak sunan T\u00fcrkiye\u2019ye kar\u015f\u0131, Yahudilere Filistin topraklar\u0131ndan bir kar\u0131\u015f toprak vermeyen y\u00fcce Hakan Abdulhamithan\u2019dan bu yana i\u00e7lerinde biriktirdikleri kin, nefret ve d\u00fc\u015fmanl\u0131\u011f\u0131 uluorta \u00e7emkirerek kusmaya ba\u015flad\u0131. G\u00f6zlerini&nbsp;d\u00fcnyaya yeni a\u00e7m\u0131\u015f Gazze\u2019 li masum bebeklerin \u0130srail zulm\u00fcne &hellip;<\/p>\n","protected":false},"author":2,"featured_media":49374,"comment_status":"open","ping_status":"open","sticky":false,"template":"","format":"standard","meta":{"om_disable_all_campaigns":false,"_themeisle_gutenberg_block_has_review":false,"_joinchat":[],"footnotes":""},"categories":[49,38,43],"tags":[],"class_list":["post-49373","post","type-post","status-publish","format-standard","has-post-thumbnail","","category-arif","category-guncel","category-yazarlar"],"_links":{"self":[{"href":"https:\/\/akincilardergisi.com\/tr\/wp-json\/wp\/v2\/posts\/49373","targetHints":{"allow":["GET"]}}],"collection":[{"href":"https:\/\/akincilardergisi.com\/tr\/wp-json\/wp\/v2\/posts"}],"about":[{"href":"https:\/\/akincilardergisi.com\/tr\/wp-json\/wp\/v2\/types\/post"}],"author":[{"embeddable":true,"href":"https:\/\/akincilardergisi.com\/tr\/wp-json\/wp\/v2\/users\/2"}],"replies":[{"embeddable":true,"href":"https:\/\/akincilardergisi.com\/tr\/wp-json\/wp\/v2\/comments?post=49373"}],"version-history":[{"count":0,"href":"https:\/\/akincilardergisi.com\/tr\/wp-json\/wp\/v2\/posts\/49373\/revisions"}],"wp:featuredmedia":[{"embeddable":true,"href":"https:\/\/akincilardergisi.com\/tr\/wp-json\/wp\/v2\/media\/49374"}],"wp:attachment":[{"href":"https:\/\/akincilardergisi.com\/tr\/wp-json\/wp\/v2\/media?parent=49373"}],"wp:term":[{"taxonomy":"category","embeddable":true,"href":"https:\/\/akincilardergisi.com\/tr\/wp-json\/wp\/v2\/categories?post=49373"},{"taxonomy":"post_tag","embeddable":true,"href":"https:\/\/akincilardergisi.com\/tr\/wp-json\/wp\/v2\/tags?post=49373"}],"curies":[{"name":"wp","href":"https:\/\/api.w.org\/{rel}","templated":true}]}}