{"id":49314,"date":"2024-01-18T08:39:07","date_gmt":"2024-01-18T05:39:07","guid":{"rendered":"https:\/\/akincilardergisi.com\/tr\/?p=49314"},"modified":"2024-01-18T08:47:54","modified_gmt":"2024-01-18T05:47:54","slug":"parcalanmak-edebiyati-ustune","status":"publish","type":"post","link":"https:\/\/akincilardergisi.com\/tr\/parcalanmak-edebiyati-ustune\/","title":{"rendered":"PAR\u00c7ALANMAK EDEB\u0130YATI \u00dcST\u00dcNE"},"content":{"rendered":"\n<p><strong>Ayd\u0131n Ayd\u0131n<\/strong><\/p>\n\n\n\n<p>Kar\u015f\u0131tl\u0131k ve par\u00e7alanm\u0131\u015fl\u0131k dinle kitapla mezheple falan ilgili de\u011fildir. Do\u011frudan do\u011fruya kendini be\u011fenmek ve kendini ve mensubiyetini tanr\u0131salla\u015ft\u0131rmakla ilgilidir.\u00a0<\/p>\n\n\n\n<p>Talebeli\u011fimden beri g\u00f6rd\u00fc\u011f\u00fcm t\u00fcm kar\u015f\u0131tl\u0131k ve b\u00f6l\u00fcnm\u00fc\u015flukleri d\u00fc\u015f\u00fcn\u00fcyorum da hi\u00e7 birisi dinsel, mezhepsel veya akaide taalluk eden herhangi bir meseleden dolay\u0131 de\u011filler ve de\u011fildiler.<\/p>\n\n\n\n<p>Sonu\u00e7ta hepsi ayn\u0131 mezhepten ayn\u0131 akaid&#8217;den olan insanlar\u0131n kar\u015f\u0131tl\u0131klar\u0131n\u0131 g\u00f6rd\u00fcm. Bu ilim sahas\u0131nda da b\u00f6yle te\u015fkilatlar aras\u0131nda da b\u00f6yle idi.<\/p>\n\n\n\n<p>Mesela,<\/p>\n\n\n\n<p>Diyelim \u0130slamo\u011flu ile C\u00fcbbeli aras\u0131nda mezhep fark\u0131 m\u0131 var veya vard\u0131&#8230; Ya\u015far Nuri ile C\u00fcbbeli veya Hayrettin Karaman aras\u0131nda mezhep fark\u0131 m\u0131 var&#8230;<\/p>\n\n\n\n<p>Mesela AK Parti ile Saadet partisi aras\u0131nda mezhep fark\u0131 m\u0131 var&#8230; Veya bu partiler ile di\u011fer partiler aras\u0131nda mezhep fark\u0131 m\u0131 var&#8230;<\/p>\n\n\n\n<p>Hatta&#8230; hangi teror \u00f6rg\u00fct\u00fc ile di\u011fer teror \u00f6rg\u00fct\u00fc aras\u0131nda mezhep fark\u0131 var&#8230;<\/p>\n\n\n\n<p>Adalet Partisi ile Milli Selamet Partisi aras\u0131nda mezhep fark\u0131 m\u0131 vard\u0131&#8230; veya MHP ile bu \u0130Y\u0130 Parti aras\u0131nda ve di\u011fer partiler aras\u0131nda mezhep ve akaid fark\u0131 m\u0131 vard\u0131.<\/p>\n\n\n\n<p>Daha bilmedi\u011finizi diyeyim.<\/p>\n\n\n\n<p>Ak\u0131nc\u0131lar te\u015fkilat\u0131 ile MTTB aras\u0131nda mezhep fark\u0131 m\u0131 vard\u0131 ki bir \u00e7ok yerde bu iki te\u015fkilat\u0131n baz\u0131 INSanlar\u0131 bile biribirlerine s\u0131rtlar\u0131n\u0131 d\u00f6nebiliyorlard\u0131. <\/p>\n\n\n\n<p>Ve bug\u00fcn hemen her e\u015fit iki \u00f6rg\u00fctlenme&#8230; her birisinin mensuplar\u0131 bir di\u011ferinin kar\u015f\u0131s\u0131nda&#8230;.&nbsp; en az\u0131ndan birli\u011fin de\u011fil par\u00e7alanm\u0131\u015fl\u0131\u011f\u0131n g\u00f6r\u00fcnt\u00fcs\u00fcn\u00fc veriyorlar&#8230;<\/p>\n\n\n\n<p>Yani&#8230;<\/p>\n\n\n\n<p>Parcalanm\u0131\u015fl\u0131k bir bak\u0131ma toplumun birlik rengi&#8230; Yani olmazsa olmaz\u0131&#8230;<\/p>\n\n\n\n<p>Diyeyim de&#8230;. kendilerini m\u00fcsl\u00fcmanlar\u0131n par\u00e7alanm\u0131\u015fl\u0131\u011f\u0131 \u00fczerinden pazarlayan t\u00fcm parazitler kendi yerlerini b\u00f6ylece bilsinler&#8230;<\/p>\n\n\n\n<p>Diyorum.&nbsp;<\/p>\n","protected":false},"excerpt":{"rendered":"<p>Ayd\u0131n Ayd\u0131n Kar\u015f\u0131tl\u0131k ve par\u00e7alanm\u0131\u015fl\u0131k dinle kitapla mezheple falan ilgili de\u011fildir. Do\u011frudan do\u011fruya kendini be\u011fenmek ve kendini ve mensubiyetini tanr\u0131salla\u015ft\u0131rmakla ilgilidir.\u00a0 Talebeli\u011fimden beri g\u00f6rd\u00fc\u011f\u00fcm t\u00fcm kar\u015f\u0131tl\u0131k ve b\u00f6l\u00fcnm\u00fc\u015flukleri d\u00fc\u015f\u00fcn\u00fcyorum da hi\u00e7 birisi dinsel, mezhepsel veya akaide taalluk eden herhangi bir meseleden dolay\u0131 de\u011filler ve de\u011fildiler. Sonu\u00e7ta hepsi ayn\u0131 mezhepten ayn\u0131 akaid&#8217;den olan insanlar\u0131n kar\u015f\u0131tl\u0131klar\u0131n\u0131 g\u00f6rd\u00fcm. &hellip;<\/p>\n","protected":false},"author":17,"featured_media":49315,"comment_status":"open","ping_status":"open","sticky":false,"template":"","format":"standard","meta":{"om_disable_all_campaigns":false,"_themeisle_gutenberg_block_has_review":false,"_joinchat":[],"footnotes":""},"categories":[53,38,43],"tags":[],"class_list":["post-49314","post","type-post","status-publish","format-standard","has-post-thumbnail","","category-aydin","category-guncel","category-yazarlar"],"_links":{"self":[{"href":"https:\/\/akincilardergisi.com\/tr\/wp-json\/wp\/v2\/posts\/49314","targetHints":{"allow":["GET"]}}],"collection":[{"href":"https:\/\/akincilardergisi.com\/tr\/wp-json\/wp\/v2\/posts"}],"about":[{"href":"https:\/\/akincilardergisi.com\/tr\/wp-json\/wp\/v2\/types\/post"}],"author":[{"embeddable":true,"href":"https:\/\/akincilardergisi.com\/tr\/wp-json\/wp\/v2\/users\/17"}],"replies":[{"embeddable":true,"href":"https:\/\/akincilardergisi.com\/tr\/wp-json\/wp\/v2\/comments?post=49314"}],"version-history":[{"count":0,"href":"https:\/\/akincilardergisi.com\/tr\/wp-json\/wp\/v2\/posts\/49314\/revisions"}],"wp:featuredmedia":[{"embeddable":true,"href":"https:\/\/akincilardergisi.com\/tr\/wp-json\/wp\/v2\/media\/49315"}],"wp:attachment":[{"href":"https:\/\/akincilardergisi.com\/tr\/wp-json\/wp\/v2\/media?parent=49314"}],"wp:term":[{"taxonomy":"category","embeddable":true,"href":"https:\/\/akincilardergisi.com\/tr\/wp-json\/wp\/v2\/categories?post=49314"},{"taxonomy":"post_tag","embeddable":true,"href":"https:\/\/akincilardergisi.com\/tr\/wp-json\/wp\/v2\/tags?post=49314"}],"curies":[{"name":"wp","href":"https:\/\/api.w.org\/{rel}","templated":true}]}}