{"id":49266,"date":"2024-01-08T23:26:52","date_gmt":"2024-01-08T20:26:52","guid":{"rendered":"https:\/\/akincilardergisi.com\/tr\/?p=49266"},"modified":"2024-01-21T02:50:53","modified_gmt":"2024-01-20T23:50:53","slug":"avrupali-bizi-neden-sevmez","status":"publish","type":"post","link":"https:\/\/akincilardergisi.com\/tr\/avrupali-bizi-neden-sevmez\/","title":{"rendered":"Avrupal\u0131 bizi neden sevmez"},"content":{"rendered":"\n<p>\u0130stanbul \u00dcniversitesi Hukuk Fak\u00fcltesinde uzun y\u0131llar maliye ve iktisat derslerine giren Alman as\u0131ll\u0131 Prof. Dr. Fritz Neumark\u2019\u0131 ya\u015fl\u0131 hukuk\u00e7ular\u0131m\u0131z \u00e7ok iyi tan\u0131rlar. <\/p>\n\n\n\n<p>\u00d6\u011frencileriyle birlikte Bo\u011fazi\u00e7i\u2019nde gezinti s\u0131ras\u0131nda bir \u00f6\u011frencisi \u015fu soruyu sorar; \u201cHocam Avrupa bizi neden sevmez?\u201d <\/p>\n\n\n\n<p>Ger\u00e7ek bir bilim adam\u0131 ve hukuk\u00e7u haysiyetiyle aynen \u015fu s\u00f6zleri s\u00f6yler: (Hi\u00e7bir ilave yapmad\u0131m): <strong>\u201c\u2026\u2026 \u00c7ok samimi olarak itiraf edeyim ki Avrupal\u0131, T\u00fcrkler\u2019i sevmez; sevmesi de m\u00fcmk\u00fcn de\u011fildir. <\/strong> <strong>As\u0131rlard\u0131r kilisenin T\u00fcrk ve \u0130slam d\u00fc\u015fmanl\u0131\u011f\u0131, H\u0131ristiyanlar\u0131n h\u00fccrelerine (genlerine) sinmi\u015ftir. Sebebine gelince, M\u00fcsl\u00fcman oldu\u011funuz i\u00e7in sevmez ama, faraza laiklik \u015f\u00f6yle dursun, H\u0131ristiyan olsan\u0131z da, size d\u00fc\u015fman olarak bakmaya devam eder. Sizler fark\u0131nda de\u011filsiniz, onlar \u015fu ger\u00e7e\u011fin fark\u0131ndalar. Tarihten T\u00fcrkler \u00e7\u0131kar\u0131l\u0131rsa ortada tarih kalmaz! <\/strong><\/p>\n\n\n\n<p><strong>Osmanl\u0131 Ar\u015fivi tam olarak ortaya \u00e7\u0131karsa bug\u00fcnk\u00fc tarihin yeniden yaz\u0131lmas\u0131 gerekir. Avrupa\u2019n\u0131n pazar\u0131 idiniz, \u015fimdi Avrupa\u2019y\u0131 pazar yapmaya ba\u015flad\u0131n\u0131z. En az d\u00f6rt y\u00fczy\u0131l Avrupa\u2019da s\u0131rt\u0131m\u0131zda ve ensemizde at ko\u015fturdunuz. Sel\u00e7uklular Anadolu\u2019yu, Osmanl\u0131lar ise Orta Avrupa\u2019y\u0131 ve Balkanlar\u0131, Ha\u00e7l\u0131 ve H\u0131ristiyan \u00fclke ordular\u0131na mezar ettiler. <\/strong><\/p>\n\n\n\n<p><strong>Sizi silah ile yenemeyenler, sizleri kendilerine benzeterek, hakimiyet sa\u011flad\u0131lar. Sel\u00e7uklu ve bilhassa Osmanl\u0131, \u0130slamiyet u\u011fruna her\u015feyini feda etmeseydi, \u0130slamiyet bug\u00fcn varl\u0131\u011f\u0131n\u0131 sadece Hicaz\u2019da devam ettirirdi. Kald\u0131 ki Vehhabili\u011fi kuranlar da \u0130ngiliz Dominyom Bakanl\u0131\u011f\u0131\u2019n\u0131n adamlar\u0131d\u0131r. Bat\u0131 \u0130slamiyeti, her yerde sap\u0131k inan\u00e7lara kanalize etti. Ama Osmanl\u0131 Asr-\u0131 Seadeti devam ettirdi. <\/strong><\/p>\n\n\n\n<p><strong>Kilise size kan kusmaktad\u0131r. Sebepleri yukar\u0131dad\u0131r. Sizler ger\u00e7ek h\u00fcviyetinize d\u00f6nd\u00fc\u011f\u00fcn\u00fcz an, Avrupa\u2019n\u0131n medeniyeti refah\u0131 y\u0131k\u0131l\u0131r. Yani sizler Avrupa\u2019n\u0131n tarihi d\u00fc\u015fman\u0131s\u0131n\u0131z ve daima d\u00fc\u015fman olarak kalacaks\u0131n\u0131z\u2026.\u201d<\/strong> <\/p>\n\n\n\n<p>(Kaynak: H\u00fcrriyet Gazetesi Yal\u00e7\u0131n Bayer)<\/p>\n","protected":false},"excerpt":{"rendered":"<p>\u0130stanbul \u00dcniversitesi Hukuk Fak\u00fcltesinde uzun y\u0131llar maliye ve iktisat derslerine giren Alman as\u0131ll\u0131 Prof. Dr. Fritz Neumark\u2019\u0131 ya\u015fl\u0131 hukuk\u00e7ular\u0131m\u0131z \u00e7ok iyi tan\u0131rlar. \u00d6\u011frencileriyle birlikte Bo\u011fazi\u00e7i\u2019nde gezinti s\u0131ras\u0131nda bir \u00f6\u011frencisi \u015fu soruyu sorar; \u201cHocam Avrupa bizi neden sevmez?\u201d Ger\u00e7ek bir bilim adam\u0131 ve hukuk\u00e7u haysiyetiyle aynen \u015fu s\u00f6zleri s\u00f6yler: (Hi\u00e7bir ilave yapmad\u0131m): \u201c\u2026\u2026 \u00c7ok samimi olarak &hellip;<\/p>\n","protected":false},"author":13,"featured_media":49267,"comment_status":"open","ping_status":"open","sticky":false,"template":"","format":"standard","meta":{"om_disable_all_campaigns":false,"_themeisle_gutenberg_block_has_review":false,"_joinchat":[],"footnotes":""},"categories":[1,43,59],"tags":[],"class_list":["post-49266","post","type-post","status-publish","format-standard","has-post-thumbnail","","category-genel","category-yazarlar","category-zafer"],"_links":{"self":[{"href":"https:\/\/akincilardergisi.com\/tr\/wp-json\/wp\/v2\/posts\/49266","targetHints":{"allow":["GET"]}}],"collection":[{"href":"https:\/\/akincilardergisi.com\/tr\/wp-json\/wp\/v2\/posts"}],"about":[{"href":"https:\/\/akincilardergisi.com\/tr\/wp-json\/wp\/v2\/types\/post"}],"author":[{"embeddable":true,"href":"https:\/\/akincilardergisi.com\/tr\/wp-json\/wp\/v2\/users\/13"}],"replies":[{"embeddable":true,"href":"https:\/\/akincilardergisi.com\/tr\/wp-json\/wp\/v2\/comments?post=49266"}],"version-history":[{"count":0,"href":"https:\/\/akincilardergisi.com\/tr\/wp-json\/wp\/v2\/posts\/49266\/revisions"}],"wp:featuredmedia":[{"embeddable":true,"href":"https:\/\/akincilardergisi.com\/tr\/wp-json\/wp\/v2\/media\/49267"}],"wp:attachment":[{"href":"https:\/\/akincilardergisi.com\/tr\/wp-json\/wp\/v2\/media?parent=49266"}],"wp:term":[{"taxonomy":"category","embeddable":true,"href":"https:\/\/akincilardergisi.com\/tr\/wp-json\/wp\/v2\/categories?post=49266"},{"taxonomy":"post_tag","embeddable":true,"href":"https:\/\/akincilardergisi.com\/tr\/wp-json\/wp\/v2\/tags?post=49266"}],"curies":[{"name":"wp","href":"https:\/\/api.w.org\/{rel}","templated":true}]}}