{"id":4903,"date":"2015-04-13T07:09:02","date_gmt":"2015-04-13T04:09:02","guid":{"rendered":"http:\/\/akincilardergisi.com\/dergi\/?p=4903"},"modified":"2023-11-07T11:29:46","modified_gmt":"2023-11-07T08:29:46","slug":"kutlu-dogum-ayi-para-kazanma-ayi","status":"publish","type":"post","link":"https:\/\/akincilardergisi.com\/tr\/kutlu-dogum-ayi-para-kazanma-ayi\/","title":{"rendered":"KUTLU DO\u011eUM AYI  PARA KAZANMA AYI"},"content":{"rendered":"<p><span style=\"font-family: 'Palatino Linotype'\">K\u00fclt\u00fcr\u00fcm\u00fczde haram aylar\u0131n ve m\u00fcbarek \u00fc\u00e7 aylar\u0131n \u00f6nemli bir yeri vard\u0131r. \u00d6zellikle \u00fc\u00e7 aylar, ibadet yo\u011funlu\u011funun ya\u015fand\u0131\u011f\u0131 ve kandil gecelerinin d\u00f6rd\u00fcn\u00fc i\u00e7erisinde bar\u0131nd\u0131ran Receb, \u015eaban ve Ramazan aylar\u0131d\u0131r. Peygamberimiz: <b>\u201cAllah\u2019\u0131m! Receb ve \u015eaban\u2019\u0131 bize m\u00fcbarek k\u0131l! Bizi Ramazan\u2019a ula\u015ft\u0131r!\u201d<\/b> diye dua ederdi. Ayr\u0131ca Peygamberimiz: <b>\u201cReceb Allah\u2019\u0131n ay\u0131, \u015eaban benim ay\u0131m ve Ramazan \u00fcmmetimin ay\u0131d\u0131r.\u201d<\/b> buyurmu\u015ftur.<\/span><\/p>\n<p class=\"ecxmsonormal\" style=\"background: white;text-align: justify\"><span style=\"font-family: 'Palatino Linotype'\">Receb ay\u0131n\u0131n ilk cuma gecesi Regaib Kandili, yine Receb ay\u0131n\u0131n yirmi yedinci gecesi Mira\u00e7 Kandili, \u015eaban ay\u0131n\u0131n on be\u015finci gecesi Berat Kandili, Ramazan ay\u0131n\u0131n yirmi yedinci gecesi de Kadir Gecesi olarak bilinir ve bu gecelerde ibadet yo\u011funlu\u011fu ya\u015fan\u0131r. Bunlar \u00fc\u00e7 aylar i\u00e7erisindeki gecelerdir. Kur\u2019an\u2019da m\u00fcbarek geceye ve geceye at\u0131f vard\u0131r: <b>\u201cBiz onu m\u00fcbarek bir gecede indirdik\u2026\u201d<\/b> (44\/Duhan, 3) ve <b>\u201cKadir gecesi bin aydan daha hay\u0131rl\u0131d\u0131r.\u201d <\/b>(97\/ Kadir, 3)<\/span><\/p>\n<p class=\"ecxmsonormal\" style=\"background: white;text-align: justify\"><span style=\"font-family: 'Palatino Linotype'\">Yaz\u0131m\u0131za bu \u015fekilde giri\u015f yapt\u0131ktan sonra as\u0131l konumuza gelelim. Konumuz \u00fc\u00e7 aylar veya kandil geceleri de\u011fildi. Konumuz para kar\u015f\u0131l\u0131\u011f\u0131nda konu\u015fan M\u00fcsl\u00fcmanlar (!) idi. Bunlar pop\u00fcler isimler ve televizyon y\u0131ld\u0131zlar\u0131yd\u0131. Reytingi d\u00fc\u015fenler bir umre yap\u0131yor, d\u00f6n\u00fc\u015fte giydi\u011fi Arap k\u0131yafetleriyle solu\u011fu Ey\u00fcp Sultan\u2019da al\u0131yorlard\u0131. G\u00f6zba\u011fc\u0131lar gibi milletin g\u00f6z\u00fc ba\u011flan\u0131yor, pop\u00fcler k\u00fclt\u00fcr\u00fcn de etkisiyle gelsin konferans ba\u011flant\u0131lar\u0131\u2026 Ya hesaba para yat\u0131r\u0131lacak, kendileri g\u00f6recek, ondan sonra program ba\u011flant\u0131s\u0131 okeylenecek. Ya da bilmem ka\u00e7 bin liral\u0131k kitap al\u0131nacak v b\u00f6ylece program ba\u011flant\u0131s\u0131 kurulmu\u015f olacak. Kimisi ben anlamam han\u0131m\u0131m anlar diyecek, topu ona atacak, sonu\u00e7ta mal\u0131 g\u00f6t\u00fcrecek. Fakir peygamberi anlatacaklar,\u00a0 a\u00e7l\u0131ktan karn\u0131na ta\u015f ba\u011flayan peygamberi anlatacaklar ve onun \u00fczerinden paralar\u0131 cebe indirecekler. Bizim gibi saflar da verecek \u00f6yle mi? T\u00f6vbeler olsun. Az\u0131c\u0131k hitabeti olanlar, ekranlardan da tan\u0131d\u0131k olanlar mal\u0131 g\u00f6t\u00fcr\u00fcyorlar. Sadece konferanslardan m\u0131 para vuruyorlar? Ebette hay\u0131r. Bilmem ka\u00e7 yere dan\u0131\u015fmanl\u0131k yaparak da paray\u0131 vuruyorlar. Allah a\u015fk\u0131na bunlar\u0131n neyine dan\u0131\u015f\u0131l\u0131yorsa? Bir iki hik\u00e2yeyi bel lasti\u011fi gibi \u00e7ekip \u00e7ekip uzat\u0131yorlar, millete abooo \u00e7ektirip gidiyorlar. Sonra da bu adamlar dine hizmet ettiklerini, tebli\u011f g\u00f6revini yerine getirdiklerini zannediyorlar. Bu mesele \u00f6nemli mesele; fakat kimse bunu dile getirmiyor ve yazm\u0131yor. \u00a0Zaten ucu bir\u00e7o\u011funa dokunuyor. Nas\u0131l yazs\u0131n ki? Zaman\u0131n birinde alayl\u0131 b\u00fcy\u00fcklerimizden birisine sormu\u015ftum: <b>\u201cHocam \u00e7ocuklu\u011fumuz camilerde ge\u00e7ti, fakat infak diye bir ibadet varm\u0131\u015f, biz bunu niye duymad\u0131k?\u201d<\/b> Hocam\u0131z\u0131n cevab\u0131 \u00e7ok k\u0131sa ve netti: <b>\u201cAdam yapmad\u0131\u011f\u0131 bir ibadeti nas\u0131l s\u00f6ylesin?\u201d<\/b> Ucu kendisine dokununca maalesef sus pus oluyorlar. Kitaplar\u0131ndan kazan\u0131yorlar, konferanslardan para kazan\u0131yorlar, baz\u0131 belediyelere dan\u0131\u015fmanl\u0131k yap\u0131yor yine para kazan\u0131yorlar. Yani her hal\u00fckarda mal\u0131 g\u00f6t\u00fcr\u00fcyorlar. Tebli\u011fi kar\u015f\u0131l\u0131\u011f\u0131nda hi\u00e7bir \u00fccret talep etmeyen ve yaln\u0131zca Rabbinden ecir bekleyen peygamberimiz bunlar\u0131n y\u00fcz\u00fcne t\u00fck\u00fcrecektir, buna inan\u0131yorum.<\/span><\/p>\n<p class=\"ecxmsonormal\" style=\"background: white;text-align: justify\"><span style=\"font-family: 'Palatino Linotype'\">Haram aylar ve \u00fc\u00e7 aylardan sonra \u201cKutsal Para Kazanma Aylar\u0131\u201d ihdas eder olduk. Aynen haram aylar gibi \u00fc\u00e7\u00fc pe\u015f pe\u015fe, d\u00f6rd\u00fcnc\u00fcs\u00fc tek ba\u015f\u0131nad\u0131r. Bunlar Mart-Nisan-May\u0131s ve Aral\u0131k aylar\u0131d\u0131r. Mart ay\u0131nda \u0130stiklal Mar\u015f\u0131\u2019n\u0131n kabul\u00fc ve Mehmet Akif Haftas\u0131, 18 Mart \u00c7anakkale Zaferi ve \u015eehitleri Anma Haftas\u0131, Nisan ay\u0131 Kutlu Do\u011fum Haftas\u0131\/Ay\u0131, May\u0131s ay\u0131 \u0130stanbul\u2019un Fethi Haftas\u0131, Aral\u0131k ay\u0131 Mekke\u2019nin Fethi vs. T\u00fcm dini g\u00fcnlerimiz Hicri Takvime g\u00f6re hesaplan\u0131r \u2018Mekke\u2019nin Fethi\u2019 miladi takvime g\u00f6re kutlan\u0131r. Y\u0131lba\u015f\u0131na nazire olsun diye. Bunu kutlayanlar Bedr Zaferi\u2019ni kutlamazlar, Uhud \u015eehitleri\u2019ni anmazlar, Hendek Zaferi\u2019ni hat\u0131rlamazlar bile. G\u00f6r\u00fcyorsunuz d\u00f6rt ay dopdolu program ay\u0131, yani kutsal para kazanma ay\u0131. Programlara g\u00fcnler yetmiyor, haftalar yetmiyor, bir sonraki haftaya veya bir sonraki aya ta\u015fabiliyor<\/span><\/p>\n<p class=\"ecxmsonormal\" style=\"background: white;text-align: justify\"><span style=\"font-family: 'Palatino Linotype'\">Dinini parayla anlatan, tebli\u011fi kar\u015f\u0131l\u0131\u011f\u0131nda \u00fccret alan adamlar adam de\u011fildir, bunlar\u0131 \u00e7a\u011f\u0131rmay\u0131n, bunlar\u0131 dinlemeyin, bunlar\u0131n yanl\u0131\u015flar\u0131na destek olmay\u0131n. Hz. Zekeriya\u2019n\u0131n ifadesiyle <b>\u201cB\u00fct\u00fcn peygamberler dinden s\u00f6z etmi\u015flerdir; fakat dinden ge\u00e7inmemi\u015flerdir.\u201d<\/b>\u00a0 <\/span><\/p>\n<p class=\"ecxmsonormal\" style=\"background: white;text-align: justify\"><span style=\"font-family: 'Palatino Linotype'\">Hazreti Peygamberin, Mekke\u2019li muhataplar\u0131 davetini reddettiklerinde onlara nas\u0131l cevap verdi\u011fini Kur\u2019an haber veriyor. Gelin hep birlikte vahye kulak verelim, ona g\u00f6re davranal\u0131m:<\/span><b><span style=\"font-family: 'Palatino Linotype'\">\u201cBuna kar\u015f\u0131l\u0131k ben sizden bir \u00fccret istemiyorum, benim ecrim-m\u00fck\u00e2fat\u0131m yaln\u0131zca \u00e2lemlerin Rabbine aittir.\u201d<\/span><\/b><span style=\"font-family: 'Palatino Linotype'\"> (26\/\u015euara, 109)<\/span><\/p>\n<p class=\"ecxmsonormal\" style=\"background: white;text-align: justify\"><span style=\"font-family: 'Palatino Linotype'\">Dini anlatt\u0131\u011f\u0131n\u0131 zannedip dinden ge\u00e7inen adamlar (!) Utan\u0131n, utan\u0131n, utan\u0131n. <\/span><\/p>\n<p class=\"ecxmsonormal\" style=\"background: white;text-align: justify\"><b><span style=\"color: red;font-family: Tahoma;font-size: 20pt\">\u00d6mer Naci YILMAZ<\/span><\/b><\/p>\n<p class=\"ecxMsoNormal\"><b><span style=\"color: red;font-family: Tahoma;font-size: 20pt\">\u00a0<\/span><\/b><\/p>\n","protected":false},"excerpt":{"rendered":"<p>K\u00fclt\u00fcr\u00fcm\u00fczde haram aylar\u0131n ve m\u00fcbarek \u00fc\u00e7 aylar\u0131n \u00f6nemli bir yeri vard\u0131r. \u00d6zellikle \u00fc\u00e7 aylar, ibadet yo\u011funlu\u011funun ya\u015fand\u0131\u011f\u0131 ve kandil gecelerinin d\u00f6rd\u00fcn\u00fc i\u00e7erisinde bar\u0131nd\u0131ran Receb, \u015eaban ve Ramazan aylar\u0131d\u0131r. Peygamberimiz: \u201cAllah\u2019\u0131m! Receb ve \u015eaban\u2019\u0131 bize m\u00fcbarek k\u0131l! Bizi Ramazan\u2019a ula\u015ft\u0131r!\u201d diye dua ederdi. Ayr\u0131ca Peygamberimiz: \u201cReceb Allah\u2019\u0131n ay\u0131, \u015eaban benim ay\u0131m ve Ramazan \u00fcmmetimin ay\u0131d\u0131r.\u201d buyurmu\u015ftur. &hellip;<\/p>\n","protected":false},"author":26,"featured_media":48521,"comment_status":"open","ping_status":"open","sticky":false,"template":"","format":"standard","meta":{"om_disable_all_campaigns":false,"_themeisle_gutenberg_block_has_review":false,"_joinchat":[],"footnotes":""},"categories":[38,54,43],"tags":[],"class_list":["post-4903","post","type-post","status-publish","format-standard","has-post-thumbnail","","category-guncel","category-omer","category-yazarlar"],"_links":{"self":[{"href":"https:\/\/akincilardergisi.com\/tr\/wp-json\/wp\/v2\/posts\/4903","targetHints":{"allow":["GET"]}}],"collection":[{"href":"https:\/\/akincilardergisi.com\/tr\/wp-json\/wp\/v2\/posts"}],"about":[{"href":"https:\/\/akincilardergisi.com\/tr\/wp-json\/wp\/v2\/types\/post"}],"author":[{"embeddable":true,"href":"https:\/\/akincilardergisi.com\/tr\/wp-json\/wp\/v2\/users\/26"}],"replies":[{"embeddable":true,"href":"https:\/\/akincilardergisi.com\/tr\/wp-json\/wp\/v2\/comments?post=4903"}],"version-history":[{"count":0,"href":"https:\/\/akincilardergisi.com\/tr\/wp-json\/wp\/v2\/posts\/4903\/revisions"}],"wp:featuredmedia":[{"embeddable":true,"href":"https:\/\/akincilardergisi.com\/tr\/wp-json\/wp\/v2\/media\/48521"}],"wp:attachment":[{"href":"https:\/\/akincilardergisi.com\/tr\/wp-json\/wp\/v2\/media?parent=4903"}],"wp:term":[{"taxonomy":"category","embeddable":true,"href":"https:\/\/akincilardergisi.com\/tr\/wp-json\/wp\/v2\/categories?post=4903"},{"taxonomy":"post_tag","embeddable":true,"href":"https:\/\/akincilardergisi.com\/tr\/wp-json\/wp\/v2\/tags?post=4903"}],"curies":[{"name":"wp","href":"https:\/\/api.w.org\/{rel}","templated":true}]}}