{"id":4762,"date":"2015-04-02T07:33:10","date_gmt":"2015-04-02T04:33:10","guid":{"rendered":"http:\/\/akincilardergisi.com\/dergi\/?p=4762"},"modified":"2023-11-07T11:29:46","modified_gmt":"2023-11-07T08:29:46","slug":"insanligin-adalet-arayisi","status":"publish","type":"post","link":"https:\/\/akincilardergisi.com\/tr\/insanligin-adalet-arayisi\/","title":{"rendered":"\u0130NSANLI\u011eIN ADALET ARAYI\u015eI"},"content":{"rendered":"<p class=\"ecxMsoNormal\" style=\"text-align: center\" align=\"center\"><b><span style=\"color: red;font-family: Tahoma;font-size: 20pt\">Hz. \u00d6MER\u2019DEN MEHMET SEL\u0130M K\u0130RAZ\u2019A <\/span><\/b><\/p>\n<p class=\"ecxMsoNormal\" style=\"text-align: center\" align=\"center\"><b><span style=\"color: red;font-family: Tahoma;font-size: 20pt\">\u00a0<\/span><\/b><\/p>\n<p class=\"ecxMsoNormal\" style=\"text-align: justify\"><span style=\"font-family: 'Palatino Linotype'\">Adaletin bedeli her zaman a\u011f\u0131r olmu\u015f, ac\u0131larla ve \u0131st\u0131raplarla \u00f6denmi\u015ftir.\u0130nsanl\u0131k adalet aray\u0131\u015f\u0131 i\u00e7in \u00e7\u0131kt\u0131\u011f\u0131 yolculukta nice \u015fehitler vermi\u015ftir. Hak, hakikat ve adaleti ayakta tutma m\u00fccadelesinin ilk \u015fehidi olan Habil ile ba\u015flayan yolcu\u011fun son \u015fehidi Mehmet Selim Kiraz karde\u015fimiz olmu\u015ftur. Rabb\u2019imiz rahmetiyle muamele eylesin. Adaleti ayakta tutma, h\u00e2kim k\u0131lma m\u00fccadelesi zordur, \u00e7ilelidir, me\u015fakkatlidir.\u00a0 Bu m\u00fccadelenin aziz \u015fehitlerine selam olsun. <\/span><\/p>\n<p class=\"ecxMsoNormal\" style=\"text-align: justify\"><span style=\"font-family: 'Palatino Linotype'\">\u00a0<\/span><\/p>\n<p class=\"ecxMsoNormal\" style=\"text-align: justify\"><span style=\"font-family: 'Palatino Linotype'\">Adalet, insan\u0131n bulundu\u011fu her yerin olmazsa olmaz\u0131 ve ya\u015fat\u0131lmas\u0131 i\u00e7in m\u00fccadele edilmesi gereken y\u00fcce bir de\u011ferdir. Adaletsizli\u011fin ac\u0131s\u0131 nerede ve kimin i\u00e7ini yak\u0131yor diye bak\u0131lmamal\u0131, o co\u011frafyalar ve insanlar i\u00e7in de adalet istemeliyiz, oralarda da adaleti h\u00e2kim k\u0131lmal\u0131y\u0131z. Sadece kendimiz i\u00e7in de\u011fil, herkes i\u00e7in adalet istemeliyiz, ger\u00e7ekle\u015ftirmek i\u00e7in gayret etmeliyiz. Adalet meselesi sadece kurumlar\u0131n, \u00f6zelde ise Adalet Bakanl\u0131\u011f\u0131\u2019n\u0131n i\u015fi de\u011fildir. Adalet herkesin i\u015fidir, insanl\u0131\u011f\u0131n huzur ve g\u00fcvenli\u011finin sigortas\u0131d\u0131r. Ve bu sigorta herkese laz\u0131md\u0131r. Benim olsun, ba\u015fkalar\u0131 beni ilgilendirmez denilemeyecek kadar da ger\u00e7ekliktir.\u00a0\u00a0 <\/span><\/p>\n<p class=\"ecxMsoNormal\" style=\"text-align: justify\"><span style=\"font-family: 'Palatino Linotype'\">\u00a0<\/span><\/p>\n<p class=\"ecxMsoNormal\" style=\"text-align: justify\"><span style=\"font-family: 'Palatino Linotype'\">Peygamber Efendimizin k\u0131rk y\u0131l birlikte ya\u015fad\u0131\u011f\u0131 insanlar\u0131 ona d\u00fc\u015fman eden en \u00f6nemli unsur yeni dinin adalet ilkesini h\u00e2kim k\u0131lmak istemesidir. \u0130nsanlar\u0131 hak ve hakikate davet etti\u011finde baz\u0131lar\u0131 \u015funu s\u00f6ylemekten de geri durmam\u0131\u015ft\u0131r: <b>\u201c\u015eimdi ben senin dediklerini kabul edersem bana ne var? <\/b>Peygamberimizin cevab\u0131 \u00e7ok k\u0131sa ve nettir:<b> \u201c\u015eu k\u00f6leye ne varsa sana da o var<\/b>.\u201d Adaletin d\u00fc\u015fmanlar\u0131n\u0131n da cevab\u0131 k\u0131sa ve nettir.<b> \u201cBeni \u015fu k\u00f6leyle bir tutan din olmaz olsun.\u201d <\/b>Evet, adalet zor bir nimettir ve herkesin hazmedemeyece\u011fi kadar da sorunlu bir nimettir. Adaletin ilk \u00f6\u011fretmenlerinden Hz. \u00d6mer, Kur\u2019an ahl\u00e2k\u0131n\u0131n ilkeleri do\u011frultusunda herkese e\u015fit davranm\u0131\u015f, i\u015fi ehline vermi\u015f, soylulu\u011fa, zenginli\u011fe, akrabal\u0131k ba\u011flar\u0131na bakmam\u0131\u015f, bunlar\u0131n kendisini adalet duygusundan al\u0131 koymas\u0131na f\u0131rsat vermemi\u015ftir. Adalet konusundaki hassasiyeti boynunu b\u00fckm\u00fc\u015ft\u00fcr. <b>\u201cKenar-\u0131 Dicle\u2019de bir kurt kapsa koyunu; Adl-i ilahi gelir \u00d6mer\u2019den sorar onu\u201d <\/b>s\u00f6z\u00fc adalet ve sorumluluk bilincinin ne d\u00fczeyde oldu\u011funu g\u00f6stermesi a\u00e7\u0131s\u0131ndan \u00f6nemlidir. D\u00f6nemin kad\u0131lar\u0131na g\u00f6nderdi\u011fi mektup kendisinden sonraki adalet da\u011f\u0131t\u0131c\u0131lar\u0131na rehberlik etmi\u015f ve etmeye de devam edecektir: \u00a0<b>\u201c<\/b><\/span><em><b><span style=\"padding: 0cm;border: 1pt windowtext;font-family: 'Palatino Linotype';font-style: normal\">Davalara bakarken tel\u00e2\u015fa, \u00e7\u0131\u011f\u0131rtkanl\u0131\u011fa ve taraflar\u0131n haysiyetini k\u0131r\u0131c\u0131 davran\u0131\u015flara asla m\u00fcsaade etme. \u00c7\u00fcnk\u00fc adaletin yerini bulmas\u0131 i\u00e7in s\u00fck\u00fbnet ve ciddiyet \u015fartt\u0131r. Hakk\u0131n tecelli etmesi ise \u0130l\u00e2hi adaletin itibar kazanmas\u0131na sebep olur. Bir M\u00fcsl\u00fcman\u0131n niyeti iyi ise Allah, onun insanlarla olan m\u00fcnasebetlerini \u0131slah eder, ama i\u00e7i ba\u015fka d\u0131\u015f\u0131 ba\u015fka olursa, Allah ona musibet verir. Bu durumda h\u00e2kimin g\u00f6revi Allah&#8217;\u0131n r\u0131zk ve rahmet hazinelerinin kullar\u0131 aras\u0131nda adaletle da\u011f\u0131t\u0131lmas\u0131n\u0131 sa\u011flamakt\u0131r.\u201d<\/span><\/b><\/em><a title=\"\" target=\"_blank\" name=\"_ftnref1\" rel=\"noopener\"><\/a><span class=\"ecxMsoFootnoteReference\"><b><span style=\"padding: 0cm;border: 1pt windowtext;font-family: 'Palatino Linotype'\"><span class=\"ecxMsoFootnoteReference\"><b><span style=\"padding: 0cm;border: 1pt windowtext;font-size: 12pt\"><span style=\"color: #0072c6\">[1]<\/span><\/span><\/b><\/span><\/span><\/b><\/span><\/p>\n<p class=\"ecxMsoNormal\" style=\"text-align: justify\"><span style=\"font-family: 'Palatino Linotype';font-size: 14pt\">\u00a0<\/span><\/p>\n<p class=\"ecxMsoNormal\" style=\"text-align: justify\"><span style=\"font-family: 'Palatino Linotype'\">Adaleti h\u00e2kim k\u0131lma davas\u0131n\u0131n son \u015fehidi elbette Mehmet Selim Kiraz karde\u015fimiz olmayacakt\u0131r. Fakat \u015fehit veriyoruz diye adalet duygusunu h\u00e2kim k\u0131lma idealinden de vazge\u00e7ecek de\u011filiz. \u0130\u015fte bu davan\u0131n erlerinden olan \u015fehidimiz Mehmet Selim Kiraz karde\u015fimiz adaletin \u00f6\u011fretmeni Hz. \u00d6mer\u2019e do\u011fru yol ald\u0131. Onurlu bir \u015fekilde bulu\u015facaklard\u0131r, adaleti h\u00e2kim k\u0131lma ad\u0131na kar\u015f\u0131la\u015ft\u0131klar\u0131 engelleri konu\u015facaklard\u0131r. \u0130nan\u0131yoruz ki Hz. \u00d6mer \u00e7ok rahat olacak, Mehmet Selim karde\u015fimiz de en az onun kadar rahat olacakt\u0131r. Peki, adaleti katledenler ne olacak? Bizim \u015fehitlerimiz davalar\u0131 u\u011fruna, adaleti h\u00e2kim k\u0131lma u\u011fruna can verirken; onlar\u0131n le\u015fleri cehennemi boylayacakt\u0131r. Adaleti engelleyici her tav\u0131r zul\u00fcmd\u00fcr, zalimliktir; cehennem ise zalimler i\u00e7in haz\u0131rlanm\u0131\u015ft\u0131r. \u015eehidimizi bir kez daha rahmetle an\u0131yor, ailesine sab\u0131rlar diliyorum. Adaletin ilk \u00f6\u011fretmenlerinden Hz. \u00d6mer\u2019den ba\u015flayarak Mehmet Selim karde\u015fimize kadar adalet davas\u0131 u\u011fruna can veren, bedel \u00f6deyen t\u00fcm \u015fehitlerimizi rahmetle an\u0131yorum. Adalet camiam\u0131z\u0131n ba\u015f\u0131 sa\u011f olsun. Rabb\u201dimiz bu davan\u0131n aziz erlerini korusun. <\/span><\/p>\n<p class=\"ecxMsoNormal\" style=\"text-align: justify\"><span style=\"font-family: 'Palatino Linotype'\">\u00a0<\/span><\/p>\n<p class=\"ecxMsoNormal\" style=\"text-align: justify\"><span style=\"font-family: 'Palatino Linotype'\">Adalet konusunda y\u00fcce Rabb\u2019imizin peygamberler \u00fczerinden bize g\u00f6nderdi\u011fi uyar\u0131 mesaj\u0131yla bitirelim in\u015fallah. <b>\u201cEy Davut!\u00a0 Biz seni yery\u00fcz\u00fcnde halife yapt\u0131k. O halde insanlar aras\u0131nda adaletle h\u00fckmet. Hev\u00e2 ve hevese uyma, sonra bu seni Allah\u2019\u0131n yolundan sapt\u0131r\u0131r.\u201d<\/b>(38\/Sad, 26)<\/span><\/p>\n<p class=\"ecxMsoNormal\" style=\"text-align: justify\"><span style=\"font-family: 'Palatino Linotype'\">\u00a0<\/span><\/p>\n<p class=\"ecxMsoNormal\" style=\"text-align: justify\"><b><span style=\"color: red;font-family: Tahoma;font-size: 20pt\">\u00d6mer Naci YILMAZ<\/span><\/b><\/p>\n<div><\/div>\n","protected":false},"excerpt":{"rendered":"<p>Hz. \u00d6MER\u2019DEN MEHMET SEL\u0130M K\u0130RAZ\u2019A \u00a0 Adaletin bedeli her zaman a\u011f\u0131r olmu\u015f, ac\u0131larla ve \u0131st\u0131raplarla \u00f6denmi\u015ftir.\u0130nsanl\u0131k adalet aray\u0131\u015f\u0131 i\u00e7in \u00e7\u0131kt\u0131\u011f\u0131 yolculukta nice \u015fehitler vermi\u015ftir. Hak, hakikat ve adaleti ayakta tutma m\u00fccadelesinin ilk \u015fehidi olan Habil ile ba\u015flayan yolcu\u011fun son \u015fehidi Mehmet Selim Kiraz karde\u015fimiz olmu\u015ftur. Rabb\u2019imiz rahmetiyle muamele eylesin. Adaleti ayakta tutma, h\u00e2kim k\u0131lma m\u00fccadelesi &hellip;<\/p>\n","protected":false},"author":26,"featured_media":48521,"comment_status":"open","ping_status":"open","sticky":false,"template":"","format":"standard","meta":{"om_disable_all_campaigns":false,"_themeisle_gutenberg_block_has_review":false,"_joinchat":[],"footnotes":""},"categories":[38,54,43],"tags":[],"class_list":["post-4762","post","type-post","status-publish","format-standard","has-post-thumbnail","","category-guncel","category-omer","category-yazarlar"],"_links":{"self":[{"href":"https:\/\/akincilardergisi.com\/tr\/wp-json\/wp\/v2\/posts\/4762","targetHints":{"allow":["GET"]}}],"collection":[{"href":"https:\/\/akincilardergisi.com\/tr\/wp-json\/wp\/v2\/posts"}],"about":[{"href":"https:\/\/akincilardergisi.com\/tr\/wp-json\/wp\/v2\/types\/post"}],"author":[{"embeddable":true,"href":"https:\/\/akincilardergisi.com\/tr\/wp-json\/wp\/v2\/users\/26"}],"replies":[{"embeddable":true,"href":"https:\/\/akincilardergisi.com\/tr\/wp-json\/wp\/v2\/comments?post=4762"}],"version-history":[{"count":0,"href":"https:\/\/akincilardergisi.com\/tr\/wp-json\/wp\/v2\/posts\/4762\/revisions"}],"wp:featuredmedia":[{"embeddable":true,"href":"https:\/\/akincilardergisi.com\/tr\/wp-json\/wp\/v2\/media\/48521"}],"wp:attachment":[{"href":"https:\/\/akincilardergisi.com\/tr\/wp-json\/wp\/v2\/media?parent=4762"}],"wp:term":[{"taxonomy":"category","embeddable":true,"href":"https:\/\/akincilardergisi.com\/tr\/wp-json\/wp\/v2\/categories?post=4762"},{"taxonomy":"post_tag","embeddable":true,"href":"https:\/\/akincilardergisi.com\/tr\/wp-json\/wp\/v2\/tags?post=4762"}],"curies":[{"name":"wp","href":"https:\/\/api.w.org\/{rel}","templated":true}]}}