{"id":47618,"date":"2023-10-30T20:45:24","date_gmt":"2023-10-30T17:45:24","guid":{"rendered":"http:\/\/akincilardergisi.com\/dergi\/?p=45597"},"modified":"2023-12-25T10:45:14","modified_gmt":"2023-12-25T07:45:14","slug":"araplar-bizi-arkadan-vurdu-bugunler-icin-uydurulmus","status":"publish","type":"post","link":"https:\/\/akincilardergisi.com\/tr\/araplar-bizi-arkadan-vurdu-bugunler-icin-uydurulmus\/","title":{"rendered":"\u201cARAPLAR B\u0130Z\u0130 ARKADAN VURDU\u201d   BUG\u00dcNLER \u0130\u00c7\u0130N UYDURULMU\u015e\u2026"},"content":{"rendered":"\n<p><strong>Emin Batur<\/strong><\/p>\n\n\n<p>\u0130\u00e7imizde<\/p>\n<p>\u0130srail\u2019in yapm\u0131\u015f oldu\u011fu insanl\u0131k d\u0131\u015f\u0131 katliama<\/p>\n<p>Sessiz kalan hatta \u0130srail\u2019i hakl\u0131 bulan bir kitle var.<\/p>\n<p>Bu kitlenin zihinleri,<\/p>\n<p>\u201cAraplar bizi arkadan vurdu\u201d mottosuyla zehirlendi\u011finden<\/p>\n<p>Gazze\u2019de ya\u015fanan faciaya kar\u015f\u0131 duyars\u0131z vaziyetteler.<\/p>\n<p>BU ALTYAPI<\/p>\n<p>\u0130LER\u0130DE OLACAK B\u00dcY\u00dcK SAVA\u015e \u0130\u00c7\u0130N B\u0130R HAZIRLIKTI<\/p>\n<p>Bizde<\/p>\n<p>Bu fitne \u015fuuralt\u0131na (bilin\u00e7alt\u0131na) yerle\u015ftirilirken<\/p>\n<p>Hristiyan d\u00fcnyas\u0131n\u0131 da<\/p>\n<p>Yahudilere ram etmek i\u00e7in<\/p>\n<p>Ta 1517\u2019den itibaren ba\u015flat\u0131lm\u0131\u015f daha b\u00fcy\u00fck bir fitne var.<\/p>\n<p>PROTESTANLIK-EVANGEL\u0130ZM<\/p>\n<p>AHD\u0130 AT\u0130K+AHD\u0130 CED\u0130D<\/p>\n<p>Bu fitne k\u0131saca \u015fudur:<\/p>\n<p>Hristiyan d\u00fcnyas\u0131;Hz \u0130sa\u2019y\u0131 Yahudilerin \u00f6ld\u00fcrd\u00fc\u011f\u00fcne inand\u0131\u011f\u0131 i\u00e7in o zamana kadar en b\u00fcy\u00fck d\u00fc\u015fmanlar\u0131 Yahudiler idi\u2026<\/p>\n<p>1517\u2019de MartinLuter \u00f6nc\u00fcl\u00fc\u011f\u00fcnde<\/p>\n<p>Ahdiatik(Tevrat) ve Ahdicedit(\u0130ncil) tek kitap olarakbasan Protestanlar, bu kitab\u0131 Hristiyan d\u00fcnyas\u0131na sokarak Yahudi d\u00fc\u015fmanl\u0131\u011f\u0131n\u0131 k\u0131smen Yahudi dostlu\u011funa \u00e7evirdiler<\/p>\n<p>Ama as\u0131l facia evangelizmfitnesi ile oldu.<\/p>\n<p>Evangelizmin inanc\u0131na g\u00f6re<\/p>\n<p>Yahudilere hizmet etmek bir Hristiyan inanc\u0131 (akidesi) haline getirildi.<\/p>\n<p>\u015e\u00f6yle ki:<\/p>\n<p>KUD\u00dcS MERKEZL\u0130YAHUD\u0130 DEVLET\u0130<\/p>\n<p>Bu inanca g\u00f6re<\/p>\n<p>Kud\u00fcs merkezli bir Yahudi devleti kurulmas\u0131na hizmet etmek ibadettir.<\/p>\n<p>Amerika\u2019n\u0131n finans, medya ve siyasetinehakim olan Yahudiler<\/p>\n<p>Bu inanc\u0131n ABD\u2019de yay\u0131lmas\u0131 i\u00e7in b\u00fcy\u00fck masraflar yapt\u0131lar.<\/p>\n<p>Neticede Amerikan halk\u0131n\u0131n %60 civar\u0131ndaki k\u0131sm\u0131 Evangalist oldu.<\/p>\n<p>Bug\u00fcn Amerikal\u0131lar\u0131n,<\/p>\n<p>Kendilerini \u0130srail\u2019e mahkum ve mecbur hissetmeleri ve Filistin halk\u0131n\u0131n korkun\u00e7 bir katliama maruz kalmas\u0131na ses \u00e7\u0131karmamalar\u0131n\u0131n sebebi budur.<\/p>\n<p>ARZ-I MEVUD\u00c7ULAR \u0130LE<\/p>\n<p>\u201cARAPLAR B\u0130Z\u0130 ARKADAN VURDU\u201d CEPHES\u0130<\/p>\n<p>AYNI SAFTA<\/p>\n<p>Hristiyan<\/p>\n<p>Evangalist ve Protestanlar\u0131n duru\u015fu bu kadar net iken<\/p>\n<p>Bizde \u201cAraplar bizi arkadan vurdu cephesi\u201d bu kadar net olam\u0131yor.<\/p>\n<p>TV\u2019lerdeki konu\u015fmalar\u0131na dikkat ederseniz<\/p>\n<p>\u0130srail\u2019i hakl\u0131 \u00e7\u0131karmak i\u00e7in \u201cAma..fakat\u201d vs. kelimelerin arkas\u0131na s\u0131\u011f\u0131narak k\u0131vran\u0131p duruyorlar.<\/p>\n<p>Bu da yetmeyince\u2026<\/p>\n<p>CUMHUR\u0130YET\u0130N ARKASINA SAKLANMAK<\/p>\n<p>Bu da yetmeyince<\/p>\n<p>Bu sefer Filistin Mitingi\u2019ne laf atarak<\/p>\n<p>Ve sanki Cumhuriyete kar\u015f\u0131 yap\u0131lm\u0131\u015f bir mitingmi\u015f gibi g\u00f6stermeye \u00e7al\u0131\u015farak, bu kadarc\u0131k ile de olsa \u0130srail\u2019in yapt\u0131\u011f\u0131 katliam\u0131 temize \u00e7\u0131karmaya \u00e7al\u0131\u015f\u0131yorlar.<\/p>\n<p>AVRUPA\u2019DA DURUM<\/p>\n<p>Avrupal\u0131lar Amerikal\u0131lar kadar dini inan\u00e7lar umurlar\u0131nda de\u011fil.<\/p>\n<p>Bunlar<\/p>\n<p>Ba\u015fta Kuzey Avrupa olmak \u00fczere dinsizlik(ateizm) deizm, agnostizm, frued\u00e7ilik vb. gibi sap\u0131k felsefi g\u00f6r\u00fc\u015flere sahiptirler.<\/p>\n<p>B\u00f6yle olunca<\/p>\n<p>Para onlar i\u00e7in en mukaddes varl\u0131k haline geliyor.<\/p>\n<p>E, bu para da Yahudilerin elinde olunca\u2026<\/p>\n<p>Avrupal\u0131lar; makam, mevki ve i\u015f alanlar\u0131n\u0131 kaybetmemek i\u00e7in<\/p>\n<p>Az\u0131 hari\u00e7<\/p>\n<p>\u00c7o\u011fu Yahudilerin kul ve k\u00f6lesi olmu\u015f durumdalar.<\/p>\n<p>B\u00dcY\u00dcK \u0130SRA\u0130L<\/p>\n<p>Yani Siyonistler<\/p>\n<p>Bug\u00fcnk\u00fc g\u00fc\u00e7lerine bir g\u00fcnde ula\u015fmad\u0131lar.<\/p>\n<p>Bunun 1517\u2019de MartinLuter ile ba\u015flayan bir inan\u00e7 altyap\u0131s\u0131 var\u2026<\/p>\n<p>Arap \u00fclkelerini par\u00e7alay\u0131p birbirine d\u00fc\u015fman etme ve Evengelizmi icat edip ABD\u2019yi Yahudilere itaatk\u00e2r hale getirme var\u2026<\/p>\n<p>Bu arada<\/p>\n<p>\u0130slam d\u00fcnyas\u0131n\u0131n iki b\u00fcy\u00fck g\u00fcc\u00fc<\/p>\n<p>Arap ve T\u00fcrk milletini birbirine d\u00fc\u015fman etmek i\u00e7in \u201cAraplar bizi arkadan vurdu\u201d safsatas\u0131 var\u2026<\/p>\n<p>D\u00fcnya kamuoyunu y\u00f6nlendirmek i\u00e7in d\u00fcnya medyas\u0131n\u0131 ele ge\u00e7irmevar\u2026<\/p>\n<p>(Ba\u015fta Hollywood olmak \u00fczere di\u011fer TV ve sosyal medya mecralar\u0131)<\/p>\n<p>\u00dclkeleri ekonomik k\u0131skaca almak i\u00e7in dolar\u0131 basma yetkisi var\u2026<\/p>\n<p>Amerika ve di\u011fer \u00fclkelerin merkez bankalar\u0131n\u0131 y\u00f6nlendirme ve City of London finans merkezini kurma var\u2026<\/p>\n<p>Yani<\/p>\n<p>Siyonist Yahudiler;<\/p>\n<p>Bug\u00fcnk\u00fc g\u00fc\u00e7lerine ula\u015fmak i\u00e7in y\u00fczy\u0131llard\u0131r yapmad\u0131klar\u0131 mal&#8217;anet yok.<\/p>\n<p>PEK\u0130,<\/p>\n<p>B\u00dcT\u00dcN BUNLARA RA\u011eMEN \u0130SRA\u0130L BA\u015eARACAK MI?<\/p>\n<p>Hay\u0131r!<\/p>\n<p>K\u00fcf\u00fcr daim olur ama zul\u00fcm asla\u2026<\/p>\n<p>\u0130srail b\u00fct\u00fcn bu yapt\u0131klar\u0131 ile sonunu haz\u0131rlamaktan ba\u015fka bir \u015fey yapm\u0131yor.<\/p>\n<p>\u201cSak\u0131n Allah&#8217;\u0131 z\u00e2limlerin yapt\u0131klar\u0131ndan habersiz sanma&#8230; Allah onlar\u0131, korkudan g\u00f6zlerin d\u0131\u015far\u0131 f\u0131rlayaca\u011f\u0131 bir g\u00fcne erteliyor.\u201d \u0130brahim suresi 42. Ayet<\/p>\n<p>01.11.2023<\/p>\n<p>Emin Batur<\/p>","protected":false},"excerpt":{"rendered":"<p>Emin Batur \u0130\u00e7imizde \u0130srail\u2019in yapm\u0131\u015f oldu\u011fu insanl\u0131k d\u0131\u015f\u0131 katliama Sessiz kalan hatta \u0130srail\u2019i hakl\u0131 bulan bir kitle var. Bu kitlenin zihinleri, \u201cAraplar bizi arkadan vurdu\u201d mottosuyla zehirlendi\u011finden Gazze\u2019de ya\u015fanan faciaya kar\u015f\u0131 duyars\u0131z vaziyetteler. BU ALTYAPI \u0130LER\u0130DE OLACAK B\u00dcY\u00dcK SAVA\u015e \u0130\u00c7\u0130N B\u0130R HAZIRLIKTI Bizde Bu fitne \u015fuuralt\u0131na (bilin\u00e7alt\u0131na) yerle\u015ftirilirken Hristiyan d\u00fcnyas\u0131n\u0131 da Yahudilere ram etmek i\u00e7in &hellip;<\/p>\n","protected":false},"author":14,"featured_media":47619,"comment_status":"open","ping_status":"open","sticky":false,"template":"","format":"standard","meta":{"om_disable_all_campaigns":false,"_themeisle_gutenberg_block_has_review":false,"_joinchat":[],"footnotes":""},"categories":[56,38,43],"tags":[],"class_list":["post-47618","post","type-post","status-publish","format-standard","has-post-thumbnail","","category-emin","category-guncel","category-yazarlar"],"_links":{"self":[{"href":"https:\/\/akincilardergisi.com\/tr\/wp-json\/wp\/v2\/posts\/47618","targetHints":{"allow":["GET"]}}],"collection":[{"href":"https:\/\/akincilardergisi.com\/tr\/wp-json\/wp\/v2\/posts"}],"about":[{"href":"https:\/\/akincilardergisi.com\/tr\/wp-json\/wp\/v2\/types\/post"}],"author":[{"embeddable":true,"href":"https:\/\/akincilardergisi.com\/tr\/wp-json\/wp\/v2\/users\/14"}],"replies":[{"embeddable":true,"href":"https:\/\/akincilardergisi.com\/tr\/wp-json\/wp\/v2\/comments?post=47618"}],"version-history":[{"count":0,"href":"https:\/\/akincilardergisi.com\/tr\/wp-json\/wp\/v2\/posts\/47618\/revisions"}],"wp:featuredmedia":[{"embeddable":true,"href":"https:\/\/akincilardergisi.com\/tr\/wp-json\/wp\/v2\/media\/47619"}],"wp:attachment":[{"href":"https:\/\/akincilardergisi.com\/tr\/wp-json\/wp\/v2\/media?parent=47618"}],"wp:term":[{"taxonomy":"category","embeddable":true,"href":"https:\/\/akincilardergisi.com\/tr\/wp-json\/wp\/v2\/categories?post=47618"},{"taxonomy":"post_tag","embeddable":true,"href":"https:\/\/akincilardergisi.com\/tr\/wp-json\/wp\/v2\/tags?post=47618"}],"curies":[{"name":"wp","href":"https:\/\/api.w.org\/{rel}","templated":true}]}}