{"id":47616,"date":"2023-10-23T21:10:04","date_gmt":"2023-10-23T18:10:04","guid":{"rendered":"http:\/\/akincilardergisi.com\/dergi\/?p=45588"},"modified":"2023-12-25T10:46:18","modified_gmt":"2023-12-25T07:46:18","slug":"esir-sehrin-mahpuslari","status":"publish","type":"post","link":"https:\/\/akincilardergisi.com\/tr\/esir-sehrin-mahpuslari\/","title":{"rendered":"ESI\u0307R \u015eEHRI\u0307N MAHPUSLARI"},"content":{"rendered":"\n<p><strong>Emin Batur<\/strong><\/p>\n\n\n<p>Esir \u015fehir Amerika\u2019d\u0131r.<\/p>\n<p>Bu \u015fehrin (ABD\u2019nin) mahpuslar\u0131 da Avrupa \u00fclkeleridir.<\/p>\n<p>Elinde zincirlerini tutan gardiyan da Siyonist Yahudilerdir.<\/p>\n<p>Bundan dolay\u0131<\/p>\n<p>Ne Amerika ne de Avrupa \u00fclkeleri<\/p>\n<p>\u0130srail aleyhine her hangibir s\u00f6ylemde bulunamazlar,aleyhte her hangi bir karara da imza atamazlar..tam aksine Siyonist \u0130srail\u2019e ba\u011fl\u0131 olduklar\u0131n\u0131 g\u00f6stermek i\u00e7in birbirleri ile adeta yar\u0131\u015f\u0131rlar.<\/p>\n<p>Neden?<\/p>\n<p>\u00c7\u00dcNK\u00dc<\/p>\n<p>AVRUPA VE AMER\u0130KA\u2019NIN<\/p>\n<p>T\u00dcM S\u0130N\u0130R U\u00c7LARI VE CAN DAMARLARI<\/p>\n<p>S\u0130YON\u0130ST YAHUD\u0130LER\u0130N EL\u0130NDE<\/p>\n<p>Gazze\u2019ye<\/p>\n<p>Sald\u0131r\u0131lar ba\u015flay\u0131nca, \u00fclkemizde protestolar ba\u015flad\u0131.<\/p>\n<p>Bu \u00e7er\u00e7evede<\/p>\n<p>Boykot edilecek Yahudi mal ve \u015firketleri de yay\u0131nlad\u0131.<\/p>\n<p>O \u015firket ve markalara dikkat edilirse<\/p>\n<p>Yahudi mal\u0131 olmayan ve g\u00fcnl\u00fck hayatta kullanaca\u011f\u0131n\u0131z mal ve hizmet neredeyse kalm\u0131yor gibi.<\/p>\n<p>Bizde durum b\u00f6yleyse<\/p>\n<p>Var\u0131n Avrupa ve Amerika\u2019da durumun ne kadar vahim oldu\u011funu anlay\u0131n.<\/p>\n<p>Kald\u0131 ki,<\/p>\n<p>Yay\u0131nlanan bu \u015firket ve markalar aras\u0131nda<\/p>\n<p>Bankalar, finans merkezleri, sigorta \u015firketleri, medya organlar\u0131, film dizi ve sinema \u015firketleri (Hollywood, Netflix vb.)<\/p>\n<p>Ve<\/p>\n<p>Siyonistlerle i\u015fbirli\u011fi i\u00e7inde olan<b> siyaset\u00e7iler<\/b> yok.<\/p>\n<p>Onlar da yay\u0131nland\u0131\u011f\u0131 takdirde<\/p>\n<p>Siyon \u00e7etelerinin<\/p>\n<p>D\u00fcnyay\u0131 nas\u0131l boyunduruk alt\u0131na ald\u0131klar\u0131 g\u00f6r\u00fclecektir.<\/p>\n<p>Peki,<\/p>\n<p>Bunu ilk kim fark etti?<\/p>\n<p>KENNEDY-ALMAN VE JAPONLAR<\/p>\n<p>Bunu ilk \u00f6nce<\/p>\n<p>Alman Ba\u015fbakan\u0131 Konrad Adenauer ve Japonlar fark etti ama onlar<\/p>\n<p>Esir \u015fehrin (ABD\u2019nin) mahpusu olduklar\u0131 i\u00e7in seslerini \u00e7\u0131karamad\u0131lar.<\/p>\n<p>Refah seviyeleri y\u00fckselsin de gerisi \u00f6nemli de\u011fildi.<\/p>\n<p>Nitekim \u00f6yle de oldu.<\/p>\n<p>Hem Almanlar\u0131n hem de Japonlar\u0131n refah d\u00fczeyi y\u00fckseldi ama esaretten ve \u0130srail\u2019e her y\u0131l hara\u00e7 \u00f6demekten kurtulamad\u0131lar.<\/p>\n<p>Bu arada<\/p>\n<p>\u015eimdi oldu\u011fu gibi Gazze\u2019de ya\u015fanan insanl\u0131k dram\u0131na ses \u00e7\u0131karamad\u0131klar\u0131 gibi alelacele \u0130srail\u2019in yan\u0131nda olduklar\u0131n\u0131 ilan ettiler.<\/p>\n<p>\u00c7\u00fcnk\u00fc mecburlar\u2026<\/p>\n<p>\u201cFilistinlilere yaz\u0131k oluyor!\u201d dedikleri anda Siyonistlerin elinde bulunan gizli evraklar\u0131 fa\u015f edilir(FET\u00d6 takti\u011fi)<\/p>\n<p>B\u00f6ylece<\/p>\n<p>Hem kendi \u00fclkelerinde hem de d\u00fcnyaya rezil olurlar. U\u011frayacaklar\u0131 maddi zararlar da cabas\u0131.<\/p>\n<p>KENNEDY<\/p>\n<p>Ancak Kennedy<\/p>\n<p>\u00dclkesinin s\u00fcper g\u00fc\u00e7 olmas\u0131na g\u00fcvenip<\/p>\n<p>Dolar\u0131 neden Yahudilerin bas\u0131p ABD\u2019ye kiralad\u0131klar\u0131na itiraz etti.<\/p>\n<p>Ve dolar\u0131<\/p>\n<p>Merkez bankas\u0131n\u0131n (FED) basmas\u0131 i\u00e7in harekete ge\u00e7ti.<\/p>\n<p>Malum oldu\u011fu \u00fczere bu karar onun sonu oldu.<\/p>\n<p>Herkesin \u00f6n\u00fcnde \u00f6ld\u00fcr\u00fclen ABD ba\u015fkan\u0131 faili me\u00e7hul olarak kay\u0131tlara ge\u00e7ti.<\/p>\n<p>TRUMP \u2013 CLINTON- MON\u0130CA<\/p>\n<p>Ayn\u0131 \u015fey de\u011fil amaTrump da Yahudilerin Amerika\u2019daki baz\u0131 \u015f\u0131mar\u0131kl\u0131klar\u0131na itiraz etti.<\/p>\n<p>Bunun kar\u015f\u0131l\u0131\u011f\u0131nda<\/p>\n<p>Hem kazand\u0131\u011f\u0131 se\u00e7imi kaybetti hem de \u015fu anda Amerikan mahkemeleri ile u\u011fra\u015f\u0131yor adi bir su\u00e7lu gibi foto\u011fraf \u00e7ektirip parmak izi al\u0131n\u0131yor.<\/p>\n<p>(B\u00fcy\u00fck ihtimalle Trump arkas\u0131ndaki se\u00e7men deste\u011fi ve paras\u0131na g\u00fcvendi. H\u00e2lbuki serveti Yahudilerin serveti yan\u0131nda nedir ki\u2026 Yahudiler ona Twit bile att\u0131rmay\u0131p Twitter\u2019deki hesab\u0131n\u0131 kapatm\u0131\u015flard\u0131)<\/p>\n<p>Eski Ba\u015fkanlardan Bill Clinton da<\/p>\n<p>Filistin devletinin tan\u0131nmas\u0131 laz\u0131m geldi\u011fini s\u00f6yledi\u011fi i\u00e7in Yahudi Monica Lewinsky\u2019yi ona g\u00f6nderip \u015fantaj kurmu\u015flard\u0131.<\/p>\n<p>\u0130SRA\u0130L S\u0130YON H\u00c2K\u0130M\u0130YET\u0130<\/p>\n<p>B\u0130R G\u00dcNDE KURULMADI<\/p>\n<p>Yani<\/p>\n<p>\u0130srail bug\u00fcnk\u00fc g\u00fcc\u00fcne bir g\u00fcnde gelmedi ki, bir g\u00fcnde y\u0131k\u0131ls\u0131n.<\/p>\n<p>Bu i\u015f bir vetire (s\u00fcre\u00e7) i\u015fidir<\/p>\n<p>Ve y\u0131k\u0131lma s\u00fcreci bana g\u00f6re<\/p>\n<p>Siyasette \u201cOneminute!\u201d ile<\/p>\n<p>Sahada ise \u015fimdi Hamas ile devam eden sava\u015f ile ba\u015flad\u0131\u2026<\/p>\n<p>\u00c7\u00dcNK\u00dc 6 G\u00dcNDE<\/p>\n<p>MISIR SUR\u0130YE VE \u00dcRD\u00dcN\u2019\u00dc\u2026<\/p>\n<p>\u2026 Teslim al\u0131p topraklar\u0131n\u0131 i\u015fgal eden \u0130srail (1967 Sava\u015f\u0131)<\/p>\n<p>16 g\u00fcnd\u00fcr<\/p>\n<p>Bir lokmac\u0131k Gazze\u2019ye giremiyor.<\/p>\n<p>Bir avu\u00e7 Hamasl\u0131m\u00fccahid<\/p>\n<p>Mossad\u2019\u0131n da \u0130srail\u2019in de, onlara destek verenlerin de karizmas\u0131n\u0131 yerle bir etti.<\/p>\n<p>Bunun i\u00e7in Amerika ve \u0130ngiltere<\/p>\n<p>\u0130srail\u2019e destek i\u00e7in b\u00f6lgeye sava\u015f gemilerini g\u00f6nderdi.<\/p>\n<p>Bundan \u015fu anla\u015f\u0131l\u0131yor:<\/p>\n<p>Bundan \u00f6nce \u0130srail ile yap\u0131lan sava\u015flar \u015fike idi. Filistinliler hep ihanete u\u011frad\u0131.<\/p>\n<p>1967 Alt\u0131 G\u00fcn sava\u015f\u0131nda<\/p>\n<p>Ne Cemal Abd\u00fcnnas\u0131r\u2019\u0131n ne de Baas rejiminin \u0130srail ile sava\u015fmak gibi bir derdi yoktu. Masa ba\u015f\u0131nda vermeye cesaret edemedikleri Gazze, Bat\u0131 \u015eeri, Kud\u00fcs ve Golan Tepelerini \u201csava\u015f\u201d ad\u0131 alt\u0131nda vermekten ibaretti o sava\u015f<\/p>\n<p>Ama \u015fimdi<\/p>\n<p>Evet, \u00e7ok zayiat ve y\u0131k\u0131m oluyor<\/p>\n<p>Ancak<\/p>\n<p>\u0130srail de sars\u0131l\u0131yorilk defa bu kadar \u00e7ok zayiat veriyor.<\/p>\n<p>\u0130srail<\/p>\n<p>M\u0131s\u0131r-Suriye ve \u00dcrd\u00fcn\u2019e kar\u015f\u0131 sava\u015ft\u0131\u011f\u0131nda<\/p>\n<p>Ve sava\u015f kendi topraklar\u0131nda olmad\u0131\u011f\u0131 halde 500\u2019den daha az askeri \u00f6lm\u00fc\u015ft\u00fc. O sava\u015fta kendi y\u00fcz\u00f6l\u00e7\u00fcm\u00fcnden 5 kat fazla yeri i\u015fgal etmi\u015fti.<\/p>\n<p>\u015eimdi ise<\/p>\n<p>Sava\u015f kendi topraklar\u0131nda oldu\u011fu halde \u015fimdiden 1500 \u00f6l\u00fcs\u00fc var ve arkas\u0131ndaki bu kadar deste\u011fe ra\u011fmen Gazze\u2019ye de girebilmi\u015f de\u011fil.<\/p>\n<p>\u00d6n\u00fcm\u00fczdeki g\u00fcnler bize ne g\u00f6sterecek bilemeyiz.<\/p>\n<p><i>&#8220;Nice az topluluklar, Allah&#8217;\u0131n izni ile nice \u00e7ok topluluklara galip gelmi\u015ftir. Allah, sabredenlerle beraberdir.&#8221; Bakara 249<\/i><\/p>\n<p><b><i>24.10.2023<\/i><\/b><\/p>\n<p><b><i>Emin Batur<\/i><\/b><\/p>","protected":false},"excerpt":{"rendered":"<p>Emin Batur Esir \u015fehir Amerika\u2019d\u0131r. Bu \u015fehrin (ABD\u2019nin) mahpuslar\u0131 da Avrupa \u00fclkeleridir. Elinde zincirlerini tutan gardiyan da Siyonist Yahudilerdir. Bundan dolay\u0131 Ne Amerika ne de Avrupa \u00fclkeleri \u0130srail aleyhine her hangibir s\u00f6ylemde bulunamazlar,aleyhte her hangi bir karara da imza atamazlar..tam aksine Siyonist \u0130srail\u2019e ba\u011fl\u0131 olduklar\u0131n\u0131 g\u00f6stermek i\u00e7in birbirleri ile adeta yar\u0131\u015f\u0131rlar. Neden? \u00c7\u00dcNK\u00dc AVRUPA VE &hellip;<\/p>\n","protected":false},"author":14,"featured_media":48879,"comment_status":"open","ping_status":"open","sticky":false,"template":"","format":"standard","meta":{"om_disable_all_campaigns":false,"_themeisle_gutenberg_block_has_review":false,"_joinchat":[],"footnotes":""},"categories":[56,38,43],"tags":[],"class_list":["post-47616","post","type-post","status-publish","format-standard","has-post-thumbnail","","category-emin","category-guncel","category-yazarlar"],"_links":{"self":[{"href":"https:\/\/akincilardergisi.com\/tr\/wp-json\/wp\/v2\/posts\/47616","targetHints":{"allow":["GET"]}}],"collection":[{"href":"https:\/\/akincilardergisi.com\/tr\/wp-json\/wp\/v2\/posts"}],"about":[{"href":"https:\/\/akincilardergisi.com\/tr\/wp-json\/wp\/v2\/types\/post"}],"author":[{"embeddable":true,"href":"https:\/\/akincilardergisi.com\/tr\/wp-json\/wp\/v2\/users\/14"}],"replies":[{"embeddable":true,"href":"https:\/\/akincilardergisi.com\/tr\/wp-json\/wp\/v2\/comments?post=47616"}],"version-history":[{"count":0,"href":"https:\/\/akincilardergisi.com\/tr\/wp-json\/wp\/v2\/posts\/47616\/revisions"}],"wp:featuredmedia":[{"embeddable":true,"href":"https:\/\/akincilardergisi.com\/tr\/wp-json\/wp\/v2\/media\/48879"}],"wp:attachment":[{"href":"https:\/\/akincilardergisi.com\/tr\/wp-json\/wp\/v2\/media?parent=47616"}],"wp:term":[{"taxonomy":"category","embeddable":true,"href":"https:\/\/akincilardergisi.com\/tr\/wp-json\/wp\/v2\/categories?post=47616"},{"taxonomy":"post_tag","embeddable":true,"href":"https:\/\/akincilardergisi.com\/tr\/wp-json\/wp\/v2\/tags?post=47616"}],"curies":[{"name":"wp","href":"https:\/\/api.w.org\/{rel}","templated":true}]}}