{"id":45379,"date":"2023-08-04T10:38:26","date_gmt":"2023-08-04T07:38:26","guid":{"rendered":"http:\/\/akincilardergisi.com\/dergi\/?p=45379"},"modified":"2023-11-07T15:54:59","modified_gmt":"2023-11-07T12:54:59","slug":"suriyeliler-yahudi-veya-ermeni-olsaydi","status":"publish","type":"post","link":"https:\/\/akincilardergisi.com\/tr\/suriyeliler-yahudi-veya-ermeni-olsaydi\/","title":{"rendered":"SUR\u0130YEL\u0130LER   YAHUD\u0130 VEYA ERMEN\u0130 OLSAYDI\u2026"},"content":{"rendered":"<p>&nbsp;<\/p>\n<p><img decoding=\"async\" src=\"https:\/\/media-cdn.t24.com.tr\/media\/stories\/2019\/01\/raw_turkiyedeki-suriyeliler-gidenler-ve-kalanlar-ne-dusunuyor-onlari-istemeyenler-ne-diyor_576666341.jpg\" alt=\"T\u00fcrkiye'deki Suriyeliler: Gidenler ve kalanlar ne d\u00fc\u015f\u00fcn\u00fcyor, onlar\u0131  istemeyenler ne diyor?\" \/><\/p>\n<p>&nbsp;<\/p>\n<p><strong>SUR\u0130YEL\u0130LER\u2026\u00a0<\/strong><\/p>\n<p><strong>\u00a0<\/strong><\/p>\n<p>Madem d\u00fcnyaya darg\u0131ns\u0131n<br \/>\nMamudo kurban niye do\u011fdun<br \/>\nKader yolunda yorgunsun<br \/>\nMamudo kurban niye do\u011fdun?<\/p>\n<p>\u2026\u2026\u2026.<\/p>\n<p>Kim okuyup yazar seni<br \/>\nR\u00fczgar de\u011fse bozar seni<br \/>\n\u00d6lsen kovar mezar seni<br \/>\nMamudo kurban niye do\u011fdun?<\/p>\n<p>\u2026\u2026\u2026\u2026<\/p>\n<p>Adam olmasayd\u0131n neydin<br \/>\nGelir miydin hi\u00e7 bilseydin<br \/>\nKe\u015fke do\u011fmadan \u00f6lseydin<br \/>\nMamudo kurban niye do\u011fdun?<\/p>\n<p>\u2026\u2026\u2026\u2026\u2026<\/p>\n<p>Akar ya\u015f\u0131n \u015fak\u0131r \u015fak\u0131r<br \/>\nTahta d\u00f6\u015fek tak\u0131r tak\u0131r<br \/>\n\u00d6l\u00fcler senden rahatt\u0131r<br \/>\nMamudo kurban niye do\u011fdun?<\/p>\n<p>\u2026\u2026\u2026\u2026..<\/p>\n<p>Mahzuni i\u015fin do\u011frusu<br \/>\n\u00d6ter zalimin borusu<br \/>\nDay\u0131m\u0131n \u00f6ks\u00fcz yavrusu<br \/>\nMamudo kurban niye do\u011fdun?<br \/>\nMamudo kurban niye do\u011fdun?<\/p>\n<p>&nbsp;<\/p>\n<p>A\u015f\u0131k Mahz\u00fbni \u015eerif<\/p>\n<p>&nbsp;<\/p>\n<p>&nbsp;<\/p>\n<p><strong>SUR\u0130YEL\u0130LER\u00a0<\/strong><\/p>\n<p><strong>YAHUD\u0130 VEYA ERMEN\u0130 OLSAYDI\u2026\u00a0<\/strong><\/p>\n<p>\u2026Bug\u00fcne kadar haklar\u0131nda<\/p>\n<p>Onlarca film, dizi, toplant\u0131, sempozyum vb. gibi etkinlikler yap\u0131l\u0131r<\/p>\n<p>Suriye\u2019den<\/p>\n<p>Bombalar\u0131n alt\u0131ndan ka\u00e7t\u0131klar\u0131 g\u00fcnler i\u00e7in<\/p>\n<p>Anma g\u00fcnleri d\u00fczenlenirdi. (Mesela Kobani G\u00fcn\u00fc..Dar\u2019aG\u00fcn\u00fc.. Halep Direni\u015finin K\u0131r\u0131ld\u0131\u011f\u0131 G\u00fcn vb. gibi)<\/p>\n<p>Aynen<\/p>\n<p>Y\u00fcz y\u0131ld\u0131r<\/p>\n<p>Ermenilerin 24 Nisan 1915 olaylar\u0131n\u0131 t\u00fcm d\u00fcnyada and\u0131klar\u0131 veya Yahudilerin 80 y\u0131ld\u0131r t\u00fcm d\u00fcnyaya kabul ettirdikleri soyk\u0131r\u0131m gibi\u2026<\/p>\n<p>&nbsp;<\/p>\n<p><strong>SUR\u0130YEL\u0130LERDEN\u00a0\u00a0<\/strong><\/p>\n<p><strong>BU KADAR K\u0130\u015e\u0130 \u00d6LD\u00dc M\u00dc?\u00a0\u00a0<\/strong><\/p>\n<p>Hem de fazlas\u0131yla \u00f6ld\u00fc.<\/p>\n<p>Yahudilerin \u201csoyk\u0131r\u0131m\u201d diye and\u0131klar\u0131 olaylarda 1 milyon ki\u015fi \u00f6lmedi<\/p>\n<p>Ama<\/p>\n<p>Suriyelilerden bu sava\u015f boyunca 1 ila 2 milyon aras\u0131nda ki\u015fi \u00f6ld\u00fc..Katledildi. Zindanlarda ise ka\u00e7 ki\u015finin oldu\u011fu bilinmiyor. B\u0131rak\u0131n bilinmesini, kimin hangi zindanda oldu\u011fu bile bilinmiyor. Bu zul\u00fcmlere maruz kalmamak i\u00e7in 10 milyon ki\u015fi de yerinden yurdundan ka\u00e7mak zorunda kald\u0131. Bunlar d\u00fcnyan\u0131n d\u00f6rt bir yan\u0131na da\u011f\u0131lm\u0131\u015f olarak ne bayramda..ne d\u00fc\u011f\u00fcnlerde ne de cenazelerde bir araya gelme imkan\u0131 olmayan akrabalard\u0131r.<\/p>\n<p>Bug\u00fcne kadar<\/p>\n<p>Bu trajediyi anlatan bir tane film bile yap\u0131lmad\u0131.<\/p>\n<p>&nbsp;<\/p>\n<p><strong>D. T\u00dcRK\u0130STAN-KIRIM-BALKANLAR-F\u0130L\u0130ST\u0130N -TR\u0130POL\u0130\u00c7E KATL\u0130AMINDAN SONRA\u00a0<\/strong><\/p>\n<p><strong>\u00dcMMET\u0130N\u00a0\u00a0<\/strong><\/p>\n<p><strong>SON SAH\u0130PS\u0130Z EVLATLARI SUR\u0130YEL\u0130LER\u00a0<\/strong><\/p>\n<p>T\u00fcm d\u00fcnya Yahudi ve Ermeni tehcirini tan\u0131rken(\u00e7\u00fcnk\u00fc bunlarla ilgili y\u00fczlerce film yap\u0131ld\u0131)<\/p>\n<p>M\u00fcsl\u00fcmanlar\u0131n u\u011frad\u0131\u011f\u0131 katliamlar s\u00fcmenalt\u0131 edilmi\u015f d\u00fcnya bu facialara k\u00f6r ve sa\u011f\u0131r kalm\u0131\u015ft\u0131r.<\/p>\n<p>&nbsp;<\/p>\n<p>SUR\u0130YEL\u0130LER E\u015eYA MI?<\/p>\n<p>Durum b\u00f6yle olunca<\/p>\n<p>Suriyeliler insan muamelesi de\u011fil e\u015fya muamelesi g\u00f6rmeye<\/p>\n<p>Hatta<\/p>\n<p>S\u00fcp\u00fcr\u00fcl\u00fcp geldikleri yere g\u00f6nderilecek k\u0131r\u0131nt\u0131 gibi g\u00f6renler olmaya ba\u015flad\u0131. Sanki sava\u015f bitmi\u015f de can g\u00fcvenlikleri varm\u0131\u015f gibi konu\u015fup yaz\u0131yorlar.<\/p>\n<p>Bunun etkisinde kalan yetkililerde<\/p>\n<p>Bir e\u015fyay\u0131 bir yerden bir yere g\u00f6nderiyormu\u015f gibi bir emir \u00e7\u0131kard\u0131lar.<\/p>\n<p>Suriyelilere \u201c24 Eyl\u00fcl\u2019e kadar kay\u0131t yapt\u0131rd\u0131klar\u0131 yere gitsinler..\u201d diyor bu emir\u2026<\/p>\n<p>Yani diyelim ki,<\/p>\n<p>Bir aile Kilis veya Reyhanl\u0131\u2019dan \u00fclkemize giri\u015f yapm\u0131\u015f.<\/p>\n<p>On y\u0131ld\u0131r da burada ba\u015fkas\u0131na y\u00fck olmadan<\/p>\n<p>Gerekirse<\/p>\n<p>A\u00e7g\u00f6zl\u00fc birinin k\u00fcmes gibi evinde normal bir daire kiras\u0131 vererek..\u00e7oluk \u00e7ocu\u011funa ak\u015fam ekmek g\u00f6t\u00fcrmeye \u00e7al\u0131\u015f\u0131yor.<\/p>\n<p>&nbsp;<\/p>\n<p>B\u00f6yle bir aileyi<\/p>\n<p>Sanki depoda bekleyen bir koli gibi al\u0131p Kilis\u2019e veya giri\u015f yapt\u0131\u011f\u0131 yer neresiyse oraya g\u00f6nderilecek.<\/p>\n<p>Biz yerli iken<\/p>\n<p>B\u0131rak\u0131n bir \u015fehirden ba\u015fka bir \u015fehre ta\u015f\u0131nmay\u0131<\/p>\n<p>Bir mahalleden ba\u015fka bir mahalleye ta\u015f\u0131n\u0131rken bile maddi problemler ya\u015f\u0131yor..psikolijimiz bozuluyor.<\/p>\n<p>Peki,<\/p>\n<p>M\u00fclteci durumunda olan bu aile..iyi k\u00f6t\u00fc bir yere tutunmu\u015f zorlukla ayakta duruyorken<\/p>\n<p>Ve durdu\u011fu yerde bir baltaya sap olmu\u015f katma de\u011fer katarken,<\/p>\n<p>S\u0131rf \u0131rk\u00e7\u0131 fa\u015fistlerin g\u00f6nl\u00fc olsun diye<\/p>\n<p>Bunu yapmak bize yak\u0131\u015f\u0131r m\u0131?<\/p>\n<p>&nbsp;<\/p>\n<p><strong>SU\u00c7A \u0130\u015eT\u0130RAK ETM\u0130\u015e\u00a0<\/strong><\/p>\n<p><strong>VEYA D\u00dcZENS\u0130Z G\u00d6\u00c7MEN \u0130SE\u2026<\/strong><\/p>\n<p>\u2026 Zaten kolundan tuttu\u011fun gibi s\u0131n\u0131r d\u0131\u015f\u0131 ediyorsun!<\/p>\n<p>Buna kimsenin itiraz\u0131 olmaz. Nitekim basit bir trafik su\u00e7una dahi kar\u0131\u015fan -ge\u00e7ici koruma izni olsa bile- su\u00e7u i\u015fleyen ki\u015fi ailesi ile birlikte s\u0131n\u0131r d\u0131\u015f\u0131 ediliyor(B\u00f6yle bir olaya \u015fahit oldum..nutkum tutuldu)<\/p>\n<p>&nbsp;<\/p>\n<p><strong>ALMANYA KADAR OLAMIYORUZ\u00a0<\/strong><\/p>\n<p>Almanya<\/p>\n<p>Suriye\u2019ye binlerce km uzakta\u2026<\/p>\n<p>Yani<\/p>\n<p>Suriye meselesi ile bizim gibi dip dibe de\u011fil.<\/p>\n<p>Tek bir m\u00fclteci almazsa bile ona kimsenin diyece\u011fi bir \u015fey yok. Ne dini, ne milliyeti, ne co\u011frafyas\u0131\u2026<\/p>\n<p>Yani Almanlar\u0131n Suriyelilerle en ufak bir ortak noktas\u0131 yok<\/p>\n<p>Ama<\/p>\n<p>Bug\u00fcn Almanya\u2019da 1 milyona yak\u0131n Suriyeli bar\u0131n\u0131yor.<\/p>\n<p><strong>\u00a0<\/strong><\/p>\n<p><strong>SI\u011eINMACI\u00a0\u00a0<\/strong><\/p>\n<p><strong>BELED\u0130YE BA\u015eKANI OLDU\u00a0<\/strong><\/p>\n<p>Hatta!<\/p>\n<p>Suriyeli s\u0131\u011f\u0131nmac\u0131lardan biri Almanya\u2019da belediye ba\u015fkan\u0131 se\u00e7ildi.<\/p>\n<p>B\u00f6yle bir \u015fey \u00fclkemizde olsa neler olurdu Allah bilir.<\/p>\n<p>&nbsp;<\/p>\n<p>K\u00dc\u00c7\u00dcK VE ORTA \u0130\u015eLETMELER<\/p>\n<p>NEDEN SUSUYOR?<\/p>\n<p>\u0130\u015fin insani ve vicdani y\u00f6n\u00fcn\u00fc yukar\u0131da arz etmeye \u00e7al\u0131\u015ft\u0131m.<\/p>\n<p>\u2018Suriyeliler Meselesi\u2019ne sosyal ve ekonomik bak\u0131mdan yakla\u015fsak bile \u015fu anda \u00fclkelerine g\u00f6nderilmeleri do\u011fru de\u011fil.<\/p>\n<p>Piyasada<\/p>\n<p>Kiminle konu\u015fsam \u201cSuriyeliler giderse eleman bulamaz..i\u015flerimiz bozulur!\u201d diyor<\/p>\n<p>Ancak<\/p>\n<p>Bunlar k\u00fc\u00e7\u00fck i\u015fletmeler oldu\u011fu i\u00e7in sesleri g\u00fcr \u00e7\u0131km\u0131yor.<\/p>\n<p>Kurumsal b\u00fcy\u00fck i\u015fletmeler ise Suriyeli \u00e7al\u0131\u015ft\u0131rmad\u0131\u011f\u0131 i\u00e7in onlar\u0131n tuzu kuru<\/p>\n<p>Ama<\/p>\n<p>Medya bu tuzu kurular\u0131n sesine kulak verdi\u011fi i\u00e7in..kamuoyunda Suriyeliler aleyhine bir kanaat olu\u015fmu\u015f durumda.<\/p>\n<p>&nbsp;<\/p>\n<p><strong>TER\u00d6R\u00a0<\/strong><\/p>\n<p>Suriyelilerin g\u00f6nderilece\u011fi b\u00f6lgelerin \u00f6nemli birk\u0131sm\u0131<\/p>\n<p><strong>PKK\/PYD ve DAE\u015e(\u0130\u015eID) elinde.\u00a0<\/strong><\/p>\n<p>Asl\u0131nda<\/p>\n<p>Rejimin elinde olan yerler de g\u00fcvenli de\u011fil. Zaten oralarda iken kafalar\u0131na varil bombas\u0131 d\u00fc\u015ft\u00fc\u011f\u00fc i\u00e7in veya zindana girmesinler diye ka\u00e7t\u0131lar ya.<\/p>\n<p>Peki,<\/p>\n<p>Bu b\u00f6lgelere zorla s\u00fcr\u00fclen bir gen\u00e7 kimin askeri olur<\/p>\n<p>Ve kime kar\u015f\u0131 sava\u015f\u0131r?<\/p>\n<p>Bunun cevab\u0131n\u0131<\/p>\n<p>Suriyelileri mezk\u00fbr b\u00f6lgelere s\u00fcrmek isteyen yetkililerimiz versin.<\/p>\n<p>&nbsp;<\/p>\n<p>&nbsp;<\/p>\n<p>&nbsp;<\/p>\n<p>&nbsp;<\/p>\n<p>&nbsp;<\/p>\n<p>&nbsp;<\/p>\n<p>&nbsp;<\/p>\n<p>&nbsp;<\/p>\n<p>&nbsp;<\/p>\n<p>&nbsp;<\/p>\n","protected":false},"excerpt":{"rendered":"<p>&nbsp; &nbsp; SUR\u0130YEL\u0130LER\u2026\u00a0 \u00a0 Madem d\u00fcnyaya darg\u0131ns\u0131n Mamudo kurban niye do\u011fdun Kader yolunda yorgunsun Mamudo kurban niye do\u011fdun? \u2026\u2026\u2026. Kim okuyup yazar seni R\u00fczgar de\u011fse bozar seni \u00d6lsen kovar mezar seni Mamudo kurban niye do\u011fdun? \u2026\u2026\u2026\u2026 Adam olmasayd\u0131n neydin Gelir miydin hi\u00e7 bilseydin Ke\u015fke do\u011fmadan \u00f6lseydin Mamudo kurban niye do\u011fdun? \u2026\u2026\u2026\u2026\u2026 Akar ya\u015f\u0131n \u015fak\u0131r \u015fak\u0131r &hellip;<\/p>\n","protected":false},"author":14,"featured_media":47599,"comment_status":"open","ping_status":"open","sticky":false,"template":"","format":"standard","meta":{"om_disable_all_campaigns":false,"_themeisle_gutenberg_block_has_review":false,"_joinchat":[],"footnotes":""},"categories":[56,38,43],"tags":[],"class_list":["post-45379","post","type-post","status-publish","format-standard","has-post-thumbnail","","category-emin","category-guncel","category-yazarlar"],"_links":{"self":[{"href":"https:\/\/akincilardergisi.com\/tr\/wp-json\/wp\/v2\/posts\/45379","targetHints":{"allow":["GET"]}}],"collection":[{"href":"https:\/\/akincilardergisi.com\/tr\/wp-json\/wp\/v2\/posts"}],"about":[{"href":"https:\/\/akincilardergisi.com\/tr\/wp-json\/wp\/v2\/types\/post"}],"author":[{"embeddable":true,"href":"https:\/\/akincilardergisi.com\/tr\/wp-json\/wp\/v2\/users\/14"}],"replies":[{"embeddable":true,"href":"https:\/\/akincilardergisi.com\/tr\/wp-json\/wp\/v2\/comments?post=45379"}],"version-history":[{"count":0,"href":"https:\/\/akincilardergisi.com\/tr\/wp-json\/wp\/v2\/posts\/45379\/revisions"}],"wp:featuredmedia":[{"embeddable":true,"href":"https:\/\/akincilardergisi.com\/tr\/wp-json\/wp\/v2\/media\/47599"}],"wp:attachment":[{"href":"https:\/\/akincilardergisi.com\/tr\/wp-json\/wp\/v2\/media?parent=45379"}],"wp:term":[{"taxonomy":"category","embeddable":true,"href":"https:\/\/akincilardergisi.com\/tr\/wp-json\/wp\/v2\/categories?post=45379"},{"taxonomy":"post_tag","embeddable":true,"href":"https:\/\/akincilardergisi.com\/tr\/wp-json\/wp\/v2\/tags?post=45379"}],"curies":[{"name":"wp","href":"https:\/\/api.w.org\/{rel}","templated":true}]}}