{"id":45258,"date":"2023-06-09T09:40:35","date_gmt":"2023-06-09T06:40:35","guid":{"rendered":"http:\/\/akincilardergisi.com\/dergi\/?p=45258"},"modified":"2023-11-04T11:12:29","modified_gmt":"2023-11-04T08:12:29","slug":"tabii-lider-ile-turkiye-yuzyili","status":"publish","type":"post","link":"https:\/\/akincilardergisi.com\/tr\/tabii-lider-ile-turkiye-yuzyili\/","title":{"rendered":"Tabii lider ile T\u00fcrkiye y\u00fczy\u0131l\u0131"},"content":{"rendered":"<p><img decoding=\"async\" src=\"https:\/\/psikoloji-psikiyatri.com\/wp-content\/uploads\/2017\/07\/Lider-%E2%80%93-Liderlik-e1501149866241.jpg\" alt=\"Liderlik | Psikoloji &amp; Psikiyatri\" \/><\/p>\n<p>Tabii liderler milletin i\u00e7inden \u00e7\u0131kan, millet taraf\u0131ndan be\u011fenilen, se\u00e7ilen kendisini milleti ve \u00fclkesine adayan toplumun \u00f6nc\u00fcleri ve \u00f6nderleridir. Bunlar yerlidirler, millidirler, fedaidirler. T\u00fcm engelleri a\u015fa a\u015fa toplumun en taban\u0131ndan en tavan\u0131na kadar milletin g\u00f6nl\u00fcnde taht kurup halk\u0131n omuzlar\u0131nda kendi emek ve al\u0131n terleriyle y\u00fckselen \u00f6nderlerdir.<\/p>\n<p>Yerli ve milli liderlerin belli bir ilkeleri, \u00fclk\u00fcleri, \u00e7izgileri ve misyonlar\u0131 vard\u0131r. Onlar sadece zaman\u0131n\u0131n de\u011fil gelecek zamanlar\u0131n nesillerin ve \u00e7a\u011flar\u0131n bug\u00fcnk\u00fc s\u00f6zc\u00fcleridirler. Da\u011flar\u0131n zirvelerindedir onlar\u0131n hep g\u00f6zleri. Kimsenin g\u00f6rmedi\u011fi yama\u00e7larda dola\u015f\u0131r hayalleri. Ufak insanlar de\u011fil, ufuk insanlard\u0131r onlar. Toplumun ger\u00e7ek kahramanlar\u0131 ve kaplanlard\u0131rlar onlar, sahte kahramanlar\u0131 ve kartondan aslanlar de\u011fil.<\/p>\n<p>Tabii liderler hormonlu liderler gibi emir ve talimatlar\u0131 Amerika\u2019dan, \u0130ngiltere\u2019den, Fransa\u2019dan ve Almanya\u2019dan alan kuklalar gibi davranmazlar. \u0130nan\u00e7 iman ve milletinin irfan\u0131ndan al\u0131rlar fikir ve d\u00fc\u015f\u00fcncelerini. Adlar\u0131; Alpaslan\u2019d\u0131r, Osman\u2019d\u0131r, Fatih\u2019tir, Yavuz\u2019dur, Kanuni\u2019dir, Abd\u00fclhamit\u2019 tir. Hepsi de bu milletin kendisi ve s\u00f6zc\u00fcs\u00fcd\u00fcr.\u00a0 Yerlidirler, millidirler, milletin genetik kodlar\u0131na uygun hareket eden yabanc\u0131la\u015fma ve yozla\u015fmaya kar\u015f\u0131 duran ve sava\u015fanlard\u0131r. Emperyalizmin her t\u00fcrl\u00fcs\u00fcne ve tipine kar\u015f\u0131 di\u015fe di\u015f m\u00fccadele eden toplumun en \u00f6n\u00fcnde y\u00fcr\u00fcyen kahramanlard\u0131r.<\/p>\n<p>Tabii liderlerin kar\u015f\u0131s\u0131nda her zaman yabanc\u0131lara u\u015fakl\u0131k ve ta\u015feronluk yapan hormonlu suni liderler vard\u0131r. Onlar her t\u00fcrl\u00fc renge ve k\u0131l\u0131\u011fa b\u00fcr\u00fcnen kuklalar ve sahte kahramanlar olarak sahne al\u0131rlar meydanlarda. Toplumda ciddi kar\u015f\u0131l\u0131klar\u0131 yoktur. Kimisi muhafazak\u00e2r, halk\u00e7\u0131, \u00a0milliyet\u00e7i, yurtseverlik, devrimcilik ad\u0131na, kimisi Amerika\u2019n\u0131n, \u0130ngiltere\u2019nin, Almanya\u2019n\u0131n onlar\u0131n uzant\u0131lar\u0131 ve ileri karakollu\u011funu yapma ad\u0131na \u0130slam ve T\u00fcrkiye d\u00fc\u015fmanlar\u0131na yard\u0131m ve yatakl\u0131k eden \u00e7ifte standartl\u0131lard\u0131r.<\/p>\n<p>Y\u00fczs\u00fcz bat\u0131 medeniyetinin ahlaks\u0131z politikalar\u0131, ikiy\u00fczl\u00fc diplomasisi, karaktersiz insan profili ve 150 y\u0131ld\u0131r k\u00f6r\u00fc k\u00f6r\u00fcne taklit edilen \u00e7arp\u0131k sistem ve koku\u015fmu\u015f d\u00fczeniyle art\u0131k milletimizin y\u00fczle\u015fme ve hesapla\u015fma zaman\u0131 gelmi\u015ftir. Zaman \u00f6ze d\u00f6n\u00fc\u015f zaman\u0131d\u0131r. \u0130slam\u2019a, Kur\u2019an\u2019a kendi medeniyet ve k\u00fclt\u00fcr\u00fcm\u00fcze y\u00f6neli\u015f zaman\u0131d\u0131r.<\/p>\n<p>Hesapla\u015fmam\u0131z bat\u0131ya ba\u011fl\u0131l\u0131k ve ba\u011f\u0131ml\u0131l\u0131k, k\u00f6lelik ve esaret zincirleri ve prangalar\u0131n\u0131 k\u0131rma \u00fczerinedier. \u00a0\u00d6zellikle ekonomik, siyasi, askeri, teknoloji alanlarda rakiplerimiz ve d\u00fc\u015fmanlar\u0131m\u0131zdan \u00fcst\u00fcn olmak zorunday\u0131z. H\u0131ristiyan \u00e2lemi, Siyonist odaklar ve yerli m\u00fcnaf\u0131klar bir araya gelerek hep birlikte \u00fclkemize kar\u015f\u0131 ittifak halinde hareket etmektedirler.<\/p>\n<p>Bunun yans\u0131malar\u0131n\u0131 hem d\u0131\u015f\u0131m\u0131zdaki \u00fclkelerde, hem de \u00fclkemizdeki muhalefet denilen d\u0131\u015f g\u00fc\u00e7lerin ta\u015feronlar\u0131nda \u00e7ok a\u00e7\u0131k ve net olarak g\u00f6rmekteyiz. Bu m\u00fccadelede herkes kendi saf\u0131n\u0131 ve taraf\u0131n\u0131 belirlemek ve se\u00e7mek zorundad\u0131r. Bu kavgada tarafs\u0131z kalmak, etliye s\u00fctl\u00fcye kar\u0131\u015fmamak d\u00fc\u015fmana yard\u0131m ve yatakl\u0131k yapmakt\u0131r.<\/p>\n<p>Milletimizin emperyalizme kar\u015f\u0131 olan m\u00fccadelesi s\u0131radan bir kavga de\u011fil, \u00fclkemizin ve milletimizin istiklal, istikbal ve istikrar\u0131 i\u00e7in yap\u0131lan bir \u00f6zg\u00fcrl\u00fck ve ba\u011f\u0131ms\u0131zl\u0131k sava\u015f\u0131d\u0131r.<\/p>\n<p>Millet olarak hep birlikte gelecek g\u00fcnler, y\u0131llar, as\u0131rlar i\u00e7in T\u00fcrkiye y\u00fczy\u0131l\u0131na odaklanmak ve haz\u0131rlanmak zorunday\u0131z. Bu bizim asla vazge\u00e7emeyece\u011fimiz \u00f6m\u00fcr boyu hayallerimizi s\u00fcsleyen bir ilke ve \u00fclk\u00fcd\u00fcr. Bu \u00fclk\u00fc milletimizin kayg\u0131s\u0131 ve kavgas\u0131, sevdas\u0131 varolu\u015f sava\u015f\u0131d\u0131r.<\/p>\n<p>Bu sava\u015f yabanc\u0131lar\u0131n kuklas\u0131, u\u015fa\u011f\u0131 hormonlu suni liderlerle verilemez. Bu \u015fanl\u0131 m\u00fccadele milletin ba\u011fr\u0131ndan do\u011fan ve i\u00e7inden \u00e7\u0131k\u0131p gelen tabii liderlerin \u00f6nderli\u011finde yap\u0131lacakt\u0131r.<\/p>\n<p>Aziz milletimiz 20 y\u0131ld\u0131r yeniden B\u00fcy\u00fck T\u00fcrkiye ideal pe\u015finde ko\u015farak son se\u00e7imde da bunun kesin karar\u0131n\u0131 vermi\u015f, kendisi ve \u00fclkesinin lideri olarak Ba\u015fkan Erdo\u011fan\u2019\u0131 ba\u015flar\u0131na ta\u00e7 etmi\u015ftir.<\/p>\n<p>Gelecek zaman bizimdir ve bize emanettir.<\/p>\n<p>Milletimize, karde\u015flerimize ve dostlar\u0131m\u0131za T\u00fcrkiye y\u00fczy\u0131l\u0131 hay\u0131rl\u0131 olsun!<\/p>\n<p>&nbsp;<\/p>\n<p><span style=\"color: #ff0000\"><strong>Haber 7 yazar\u0131<\/strong><\/span><\/p>\n<p><strong>Arif Altunba\u015f, Haber 7<\/strong> __________________________________________________________________________________________________________________________________<\/p>\n<p>&nbsp;<\/p>\n<p>&nbsp;<\/p>\n<p>TAGS:\u00a0 L\u0130DER, T\u00dcRK\u0130YE<\/p>\n<p>&nbsp;<\/p>\n","protected":false},"excerpt":{"rendered":"<p>Tabii liderler milletin i\u00e7inden \u00e7\u0131kan, millet taraf\u0131ndan be\u011fenilen, se\u00e7ilen kendisini milleti ve \u00fclkesine adayan toplumun \u00f6nc\u00fcleri ve \u00f6nderleridir. Bunlar yerlidirler, millidirler, fedaidirler. T\u00fcm engelleri a\u015fa a\u015fa toplumun en taban\u0131ndan en tavan\u0131na kadar milletin g\u00f6nl\u00fcnde taht kurup halk\u0131n omuzlar\u0131nda kendi emek ve al\u0131n terleriyle y\u00fckselen \u00f6nderlerdir. Yerli ve milli liderlerin belli bir ilkeleri, \u00fclk\u00fcleri, \u00e7izgileri ve &hellip;<\/p>\n","protected":false},"author":2,"featured_media":45500,"comment_status":"open","ping_status":"open","sticky":false,"template":"","format":"standard","meta":{"om_disable_all_campaigns":false,"_themeisle_gutenberg_block_has_review":false,"_joinchat":[],"footnotes":""},"categories":[49,38,43],"tags":[],"class_list":["post-45258","post","type-post","status-publish","format-standard","has-post-thumbnail","","category-arif","category-guncel","category-yazarlar"],"_links":{"self":[{"href":"https:\/\/akincilardergisi.com\/tr\/wp-json\/wp\/v2\/posts\/45258","targetHints":{"allow":["GET"]}}],"collection":[{"href":"https:\/\/akincilardergisi.com\/tr\/wp-json\/wp\/v2\/posts"}],"about":[{"href":"https:\/\/akincilardergisi.com\/tr\/wp-json\/wp\/v2\/types\/post"}],"author":[{"embeddable":true,"href":"https:\/\/akincilardergisi.com\/tr\/wp-json\/wp\/v2\/users\/2"}],"replies":[{"embeddable":true,"href":"https:\/\/akincilardergisi.com\/tr\/wp-json\/wp\/v2\/comments?post=45258"}],"version-history":[{"count":0,"href":"https:\/\/akincilardergisi.com\/tr\/wp-json\/wp\/v2\/posts\/45258\/revisions"}],"wp:featuredmedia":[{"embeddable":true,"href":"https:\/\/akincilardergisi.com\/tr\/wp-json\/wp\/v2\/media\/45500"}],"wp:attachment":[{"href":"https:\/\/akincilardergisi.com\/tr\/wp-json\/wp\/v2\/media?parent=45258"}],"wp:term":[{"taxonomy":"category","embeddable":true,"href":"https:\/\/akincilardergisi.com\/tr\/wp-json\/wp\/v2\/categories?post=45258"},{"taxonomy":"post_tag","embeddable":true,"href":"https:\/\/akincilardergisi.com\/tr\/wp-json\/wp\/v2\/tags?post=45258"}],"curies":[{"name":"wp","href":"https:\/\/api.w.org\/{rel}","templated":true}]}}