{"id":45163,"date":"2023-05-12T18:41:16","date_gmt":"2023-05-12T15:41:16","guid":{"rendered":"http:\/\/akincilardergisi.com\/dergi\/?p=45163"},"modified":"2023-11-07T15:55:03","modified_gmt":"2023-11-07T12:55:03","slug":"sifirin-altindaki-partiler-ve-chpnin-yiyecegi-goller","status":"publish","type":"post","link":"https:\/\/akincilardergisi.com\/tr\/sifirin-altindaki-partiler-ve-chpnin-yiyecegi-goller\/","title":{"rendered":"SIFIRIN ALTINDAK\u0130 PART\u0130LER   VE    CHP\u2019N\u0130N Y\u0130YECE\u011e\u0130 GOLLER"},"content":{"rendered":"<p>&nbsp;<\/p>\n<p><img decoding=\"async\" src=\"https:\/\/encrypted-tbn0.gstatic.com\/images?q=tbn:ANd9GcSbT7En-zHuYVF0a7YWwkRtho4I6eC5V6m1Qg&amp;usqp=CAU\" alt=\"Millet \u0130ttifak\u0131'n\u0131n mutabakat metninde ekonomide \u00f6ne \u00e7\u0131kanlar - Bloomberg HT\" \/><\/p>\n<ul>\n<li>S\u0131f\u0131r\u0131n alt\u0131nda parti mi olur? En az\u0131ndan kendi ailesi ve parti mensuplar\u0131 o partiye oy verir!<\/li>\n<\/ul>\n<ul>\n<li>Olur! E\u011fer bir parti getirdi\u011fi ve g\u00f6t\u00fcrd\u00fc\u011f\u00fc oylar k\u00fcm\u00fclatif olarak hesap edildi\u011finde ekside kal\u0131yorsa o parti s\u0131f\u0131r\u0131n alt\u0131ndad\u0131r.<\/li>\n<li>\u00d6rnek verebilir misin?<\/li>\n<li>Mesela Gelecek Partisi veya Deva Partisi\u2026<\/li>\n<li>Bunlar CHP listelerinden se\u00e7ime girmiyor mu? Bunlar CHP\u2019ye art\u0131 bir puan getirmeyecek mi?<\/li>\n<li>Getirecek\u2026 Ama di\u011fer yandan g\u00f6t\u00fcrecek. K\u00fcm\u00fclatif toplam dedi\u011fim budur!<\/li>\n<\/ul>\n<ul>\n<li>Bunlar\u0131n y\u00fcz\u00fcnden CHP daha m\u0131 \u00e7ok oy kaybedecek?<\/li>\n<li>Evet! Dikkat edersen M. \u0130nce \u015fehir \u015fehir gezerek CHP se\u00e7meninin i\u00e7ine d\u00fc\u015ft\u00fc\u011f\u00fc paradoksu \u015f\u00f6yle hayk\u0131r\u0131yor:\u00a0\u00a0\u00a0\u00a0\u00a0\u00a0\u00a0\u00a0\u00a0\u00a0\u00a0\u00a0\u00a0\u00a0\u00a0\u00a0\u00a0\u00a0\u00a0\u00a0\u00a0\u00a0\u00a0\u00a0\u00a0\u00a0\u00a0\u00a0\u00a0\u00a0\u00a0\u00a0\u00a0\u00a0\u00a0\u00a0\u00a0\u00a0\u00a0\u00a0\u00a0\u00a0\u00a0\u00a0\u00a0\u00a0\u00a0\u00a0\u00a0\u00a0\u00a0\u00a0\u00a0\u00a0\u00a0\u00a0\u00a0\u00a0\u00a0\u00a0\u00a0\u00a0\u00a0\u00a0\u00a0\u00a0\u00a0\u00a0\u00a0\u00a0\u00a0\u00a0\u00a0\u00a0\u00a0\u00a0\u00a0\u00a0\u00a0\u00a0\u00a0\u00a0\u00a0\u00a0\u00a0\u00a0\u00a0\u00a0\u00a0\u00a0\u00a0\u00a0\u00a0\u00a0\u00a0\u00a0\u00a0 \u201cSiz CHP\u2019ye oy veriyorum sanarak \u00c7ankaya\u2019dan Sedat Ergin\u2019i se\u00e7eceksiniz!\u201cdiyor.<\/li>\n<\/ul>\n<p>Baz\u0131 CHP\u2019li se\u00e7menler i\u00e7in \u00c7ankaya\u2019n\u0131n kutsal bir yer oldu\u011funu s\u00f6ylemeye gerek yok. Sedat Ergin\u2019in de zaman\u0131nda CHP\u2019lilere \u00e7ok \u00e7ektirmi\u015f biri olarak \u2018esfeli sefilin\u2019de olmas\u0131 gereken birki\u015fi..ve kaderin bir cilvesi olarak CHP\u2019liler \u015fimdi ona bu \u2018kutsal\u2019 yerde oy verecek. Bu hassas noktay\u0131 yakalam\u0131\u015f olan Say\u0131n \u0130nce buradan dal\u0131yor.<\/p>\n<p>&nbsp;<\/p>\n<p>ALLAH BU DURUMA K\u0130MSEY\u0130 D\u00dc\u015e\u00dcRMES\u0130N!<\/p>\n<ul>\n<li>Bu durumda CHP\u2019li se\u00e7men oy vermeyecek mi diyorsun?<\/li>\n<li>Sedat Ergin gibi isimlerin g\u00f6sterildi\u011fi se\u00e7im b\u00f6lgelerinde CHP se\u00e7meni kara kara d\u00fc\u015f\u00fcn\u00fcyor. \u201dOy versem mi vermesem mi?\u201d diye.<\/li>\n<li>\u201cOy verse bile \u015fevki k\u0131r\u0131lm\u0131\u015f bir kere..se\u00e7ime as\u0131lm\u0131yor\u201d mu diyorsun?<\/li>\n<li>Aynen \u00f6yle! Nas\u0131l as\u0131ls\u0131n ki? Zaman\u0131nda en b\u00fcy\u00fck rakip g\u00f6rd\u00fc\u011f\u00fc birii\u00e7in..sahaya \u00e7\u0131k\u0131p nas\u0131l oy istesin? Kendi eli oy vermeye gitmiyor ki!<\/li>\n<li>Allah kimseyi bu duruma d\u00fc\u015f\u00fcrmesin!<\/li>\n<\/ul>\n<ul>\n<li>Aminamin\u2026<\/li>\n<\/ul>\n<p>&nbsp;<\/p>\n<p>BEKLENMED\u0130K NET\u0130CELER ALINAB\u0130L\u0130R<\/p>\n<ul>\n<li>Evet \u00f6yle! Demek ki, \u201cs\u0131f\u0131r\u0131n alt\u0131nda parti\u201d dedi\u011fin \u015fey bu! Deva Partisi getirdi\u011finden \u00e7ok g\u00f6t\u00fcrecek. Peki, ayn\u0131 \u015feyi HDP (Ye\u015fil Sol) i\u00e7in s\u00f6yleyebilir miyiz?<\/li>\n<li>Hay\u0131r! Ayn\u0131 \u015feyi HDP\u2019nin deste\u011fi i\u00e7in s\u00f6yleyemeyiz!<\/li>\n<\/ul>\n<ul>\n<li>Neden?<\/li>\n<li>\u00c7\u00fcnk\u00fc CHP y\u0131llar \u00f6nce s\u00f6ylemini de\u011fi\u015ftirmi\u015f<\/li>\n<\/ul>\n<p>Ve CHP se\u00e7menini HDP\u2019yi kabul etmeye te\u015fne hale getirmi\u015f bulunmaktad\u0131r.<\/p>\n<p>Zaten<\/p>\n<p>Kendi i\u00e7inde Sezgin Tanr\u0131kulu gibi HDP\u2019ye yak\u0131n isimler bulundurarak o kap\u0131y\u0131 hep a\u00e7\u0131k tutmu\u015ftur.<\/p>\n<p>Ancak<\/p>\n<p>CHP i\u00e7inde \u201culusalc\u0131\u201d bir kanat var ki, onlar bu gibi \u015feylerden rahats\u0131z. O kesim sand\u0131kta tav\u0131r koyarak oy kayb\u0131na sebep olabilir..hatta olacak.<\/p>\n<p>Kay\u0131p olacak ama Deva ve Gelecek Partisinin oldu\u011fu kadar de\u011fil.<\/p>\n<p>Yani bu partinin getirip- g\u00f6t\u00fcrece\u011fini<\/p>\n<p>K\u00fcm\u00fclatif olarak hesap edersek art\u0131dad\u0131r.<\/p>\n<p>\u00c7\u00fcnk\u00fc<\/p>\n<p>Se\u00e7meni bir Deva Partisi se\u00e7meni gibi de\u011fil. HDP se\u00e7menini daha rahat bir \u015fekilde konsolide edebiliyor.<\/p>\n<p>&nbsp;<\/p>\n<p>CHP\u2019N\u0130N Y\u0130YECE\u011e\u0130 GOLLER<\/p>\n<p>\u2026 Ama her hal\u00fckarda bu se\u00e7imde<\/p>\n<p>CHP fena goller yiyecek.<\/p>\n<p>Meclis a\u00e7\u0131l\u0131r a\u00e7\u0131lmaz<\/p>\n<p>Bedavadan meclise giren vekiller kendi partisine geri d\u00f6necek.<\/p>\n<p>Birinci gol bu!<\/p>\n<p>&nbsp;<\/p>\n<p>NEDEN BEDAVA OLSUN<\/p>\n<p>ONLAR DA \u00c7ALI\u015eIP HARCAMA YAPIYOR YA!<\/p>\n<p>\u0130\u015fin parasal y\u00fck\u00fcn\u00fc CHP \u00e7ekiyor.<\/p>\n<p>Di\u011fer partilerin SP hari\u00e7 sahaya s\u00fcrecek eleman\u0131 bile yok.<\/p>\n<p>\u0130\u015fi s\u00fcr\u00fckleyen ba\u015fta CHP.. \u0130P ve HDP\u2019dir.<\/p>\n<p>Di\u011ferleri nafile\u2026<\/p>\n<p>CHP\u2019nin yiyece\u011fi ikici gol bu olacak.<\/p>\n<p>&nbsp;<\/p>\n<p>Ayr\u0131ca se\u00e7im s\u00fcrecinde g\u00f6rd\u00fck ki, bu partiler sa\u011f tabandan oy koparacaklar\u0131na CHP\u2019ye \u015firin g\u00f6r\u00fcnecek s\u00f6ylem geli\u015ftirip CHP taban\u0131na y\u00f6neldiler.<\/p>\n<p>\u00dc\u00e7\u00fcnc\u00fc gol budur!<\/p>\n<p>&nbsp;<\/p>\n<p>4. GOL<\/p>\n<p>K\u0131l\u0131\u00e7daro\u011flu<\/p>\n<ol>\n<li>Davuto\u011flu\u2019nun AKP\u2019de 3 kere ba\u015fbakanl\u0131k yapm\u0131\u015f biri olarak(A. Davuto\u011flu kendi sitesinde \u00f6yle yazm\u0131\u015ft\u0131) en az 5-6 puan koparaca\u011f\u0131n\u0131 beklerken<\/li>\n<\/ol>\n<p>Ne kadar \u00e7ok yan\u0131ld\u0131\u011f\u0131n\u0131 g\u00f6r\u00fcnce<\/p>\n<p>As\u0131l muhte\u015fem gol\u00fc o zaman yiyecek.<\/p>\n<p>&nbsp;<\/p>\n<p>&#8220;Yerden g\u00f6\u011fe k\u00fcp dizseler<\/p>\n<p>Birbirine bend etseler<\/p>\n<p>En alttakini \u00e7ekseler<\/p>\n<p>Seyreyle sen g\u00fcmb\u00fcrt\u00fcy\u00fc&#8221;<\/p>\n<p>&nbsp;<\/p>\n<p>12.05.2023<\/p>\n<p>Emin Batur<\/p>\n<p>&nbsp;<\/p>\n","protected":false},"excerpt":{"rendered":"<p>&nbsp; S\u0131f\u0131r\u0131n alt\u0131nda parti mi olur? En az\u0131ndan kendi ailesi ve parti mensuplar\u0131 o partiye oy verir! Olur! E\u011fer bir parti getirdi\u011fi ve g\u00f6t\u00fcrd\u00fc\u011f\u00fc oylar k\u00fcm\u00fclatif olarak hesap edildi\u011finde ekside kal\u0131yorsa o parti s\u0131f\u0131r\u0131n alt\u0131ndad\u0131r. \u00d6rnek verebilir misin? Mesela Gelecek Partisi veya Deva Partisi\u2026 Bunlar CHP listelerinden se\u00e7ime girmiyor mu? Bunlar CHP\u2019ye art\u0131 bir puan &hellip;<\/p>\n","protected":false},"author":14,"featured_media":47585,"comment_status":"open","ping_status":"open","sticky":false,"template":"","format":"standard","meta":{"om_disable_all_campaigns":false,"_themeisle_gutenberg_block_has_review":false,"_joinchat":[],"footnotes":""},"categories":[56,38,43],"tags":[],"class_list":["post-45163","post","type-post","status-publish","format-standard","has-post-thumbnail","","category-emin","category-guncel","category-yazarlar"],"_links":{"self":[{"href":"https:\/\/akincilardergisi.com\/tr\/wp-json\/wp\/v2\/posts\/45163","targetHints":{"allow":["GET"]}}],"collection":[{"href":"https:\/\/akincilardergisi.com\/tr\/wp-json\/wp\/v2\/posts"}],"about":[{"href":"https:\/\/akincilardergisi.com\/tr\/wp-json\/wp\/v2\/types\/post"}],"author":[{"embeddable":true,"href":"https:\/\/akincilardergisi.com\/tr\/wp-json\/wp\/v2\/users\/14"}],"replies":[{"embeddable":true,"href":"https:\/\/akincilardergisi.com\/tr\/wp-json\/wp\/v2\/comments?post=45163"}],"version-history":[{"count":0,"href":"https:\/\/akincilardergisi.com\/tr\/wp-json\/wp\/v2\/posts\/45163\/revisions"}],"wp:featuredmedia":[{"embeddable":true,"href":"https:\/\/akincilardergisi.com\/tr\/wp-json\/wp\/v2\/media\/47585"}],"wp:attachment":[{"href":"https:\/\/akincilardergisi.com\/tr\/wp-json\/wp\/v2\/media?parent=45163"}],"wp:term":[{"taxonomy":"category","embeddable":true,"href":"https:\/\/akincilardergisi.com\/tr\/wp-json\/wp\/v2\/categories?post=45163"},{"taxonomy":"post_tag","embeddable":true,"href":"https:\/\/akincilardergisi.com\/tr\/wp-json\/wp\/v2\/tags?post=45163"}],"curies":[{"name":"wp","href":"https:\/\/api.w.org\/{rel}","templated":true}]}}