{"id":45072,"date":"2023-04-12T18:25:14","date_gmt":"2023-04-12T15:25:14","guid":{"rendered":"http:\/\/akincilardergisi.com\/dergi\/?p=45072"},"modified":"2023-11-07T15:55:04","modified_gmt":"2023-11-07T12:55:04","slug":"en-onemli-secim-hangisi-3-2","status":"publish","type":"post","link":"https:\/\/akincilardergisi.com\/tr\/en-onemli-secim-hangisi-3-2\/","title":{"rendered":"EN \u00d6NEML\u0130 SE\u00c7\u0130M HANG\u0130S\u0130 3"},"content":{"rendered":"<p>&nbsp;<\/p>\n<p><img decoding=\"async\" src=\"https:\/\/static.birgun.net\/resim\/haber\/2023\/04\/12\/orc-anketi-kilicdaroglu-ile-erdogan-arasindaki-oy-farki-yuzde-7-4.jpg\" alt=\"ORC anketi: K\u0131l\u0131\u00e7daro\u011flu ile Erdo\u011fan aras\u0131ndaki oy fark\u0131 7,4 puan\" \/><\/p>\n<p>&nbsp;<\/p>\n<p><span><span>1950 se\u00e7imi<\/span><\/span><span>\u00a0<\/span><\/p>\n<p><span><span>Jandarma dip\u00e7i\u011finden kurtulup \u00f6zg\u00fcrl\u00fc\u011fe ad\u0131m atman\u0131n\u2026<\/span><\/span><span>\u00a0<\/span><\/p>\n<p><span><span>1973 se\u00e7imi<\/span><\/span><span>\u00a0<\/span><\/p>\n<p><span><span>Varl\u0131\u011f\u0131m\u0131z\u0131n ispat\u0131 ve milli manevi kodlar\u0131m\u0131za d\u00f6n\u00fc\u015f\u2026<\/span><\/span><span>\u00a0<\/span><\/p>\n<p><span><span>1983 se\u00e7imi<\/span><\/span><span>\u00a0<\/span><\/p>\n<p><span><span>Oligar\u015fik<\/span><span> b\u00fcrokrasi ile m\u00fccadele ve kalk\u0131nma<\/span><span> olarak\u00a0<\/span><\/span><span>\u00a0<\/span><\/p>\n<p><span><span>\u00d6<\/span><span>zetleyece\u011fimiz se\u00e7imler <\/span><span>olmu\u015f<\/span><span>..<\/span><\/span><span>\u00a0<\/span><\/p>\n<p><span><span>Ve\u00a0<\/span><\/span><span>\u00a0<\/span><\/p>\n<p><span><span>H<\/span><span>er se\u00e7imin bir \u00f6ncekinden daha \u00f6nemli oldu\u011funu bundan \u00f6nceki yaz\u0131lar\u0131mda bahsetmi\u015ftim.<\/span><\/span><span>\u00a0<\/span><\/p>\n<p><span>\u00a0<\/span><\/p>\n<p><span><span>94-95 SE\u00c7\u0130MLER\u0130<\/span><\/span><span>\u00a0<\/span><\/p>\n<p><span><span>Nas\u0131l ki,<\/span><\/span><span>\u00a0<\/span><\/p>\n<p><span><span>1983 se\u00e7imlerine girerken \u00fclke olarak <\/span><span>sahipsiz<\/span><span>..<\/span><span>b\u00fcrokrasiye<\/span><span>batm\u0131\u015f<\/span><span>..<\/span><span>ka\u00e7ak\u00e7\u0131lar\u0131n<\/span><span> cirit att\u0131\u011f\u0131 bir \u00fclke idiyse, <\/span><span>1994 yerel se\u00e7imler<\/span><span>in<\/span><span>e giderken <\/span><span>de<\/span><\/span><span>\u00a0<\/span><\/p>\n<p><span><span>Bu sefer\u00a0<\/span><\/span><span>\u00a0<\/span><\/p>\n<p><span><span>Belediyecilikte benzer <\/span><span>\u015feyl<\/span><span>eri<\/span><span>..<\/span><span>hatta<\/span><span> da<\/span><span>ha fenas\u0131n\u0131 g\u00f6r\u00fcp ya\u015famaya ba\u015flam\u0131\u015ft\u0131k<\/span><span>.<\/span><\/span><span>\u00a0<\/span><\/p>\n<p><span>\u00a0<\/span><\/p>\n<p><span><span>GECEKONDU<\/span><\/span><span>\u00a0<\/span><\/p>\n<p><span><span>\u00c7\u00d6P \u00c7UKUR <\/span><span>SUSUZLUK<\/span><span> VE YOLSUZLUK<\/span><\/span><span>\u00a0<\/span><\/p>\n<p><span><span>\u015eehirlerimiz \u00f6yle bir hale gelmi\u015fti ki,<\/span><\/span><span>\u00a0<\/span><\/p>\n<p><span><span>\u0130stanbul, Ankara, \u0130zmir, Adana gibi b\u00fcy\u00fck \u015fehirlerimizin <\/span><span>%70<\/span><span>\u2019i d\u00fczensiz yap\u0131la\u015fma, ka\u00e7ak <\/span><span>yap\u0131 <\/span><span>ve gecekondulardan olu\u015fuyordu.<\/span><\/span><span>\u00a0<\/span><\/p>\n<p><span><span>Genellikle<\/span><\/span><span>\u00a0<\/span><\/p>\n<p><span><span>CHP\u2019nin iktidar oldu\u011fu bu \u015f<\/span><span>ehirlerimiz ya\u015fanmaz haldeydi.<\/span><\/span><span>\u00a0<\/span><\/p>\n<p><span><span>Halk<\/span><\/span><span>\u00a0<\/span><\/p>\n<p><span><span>Art\u0131k y<\/span><span>aka silker hale gelmi\u015fti.<\/span><\/span><span>\u00a0<\/span><\/p>\n<p><span>\u00a0<\/span><\/p>\n<p><span><span>CHP M\u0130?<\/span><\/span><span>\u00a0<\/span><\/p>\n<p><span><span>B\u0130R DAHA ASLA\u2026<\/span><\/span><span>\u00a0<\/span><\/p>\n<p><span><span>1994 y\u0131l\u0131na gelindi\u011finde<\/span><\/span><span>\u00a0<\/span><\/p>\n<p><span><span>1950 y\u0131l\u0131nda oldu\u011fu gibi halk CHP\u2019yi bir daha asla iktida<\/span><span>r yapmayaca\u011f\u0131na dair karar\u0131n\u0131 <\/span><span>vermi\u015f<\/span><span>..<\/span><span> CHP(SHP)<\/span><span> ye dersini vermek i\u00e7in bilenmi\u015fti.<\/span><span>\u00a0\u00a0\u00a0<\/span><\/span><span>\u00a0<\/span><\/p>\n<p><span><span>\u00d6yle ya;<\/span><\/span><span>\u00a0<\/span><\/p>\n<p><span><span>Koca \u015fehirde susuz ya\u015fan\u0131r m\u0131<\/span><span>yd\u0131<\/span><span>?<\/span><\/span><span>\u00a0<\/span><\/p>\n<p><span><span>\u00c7\u00f6p da\u011flar\u0131 patlar m\u0131?<\/span><\/span><span>\u00a0<\/span><\/p>\n<p><span><span>Hazine arazileri Ya\u011fma Hasan\u2019\u0131n B\u00f6re\u011fi gibi partililere yanda\u015flara pe\u015fke\u015f \u00e7ekilir mi?<\/span><\/span><span>\u00a0<\/span><\/p>\n<p><span><span>Evet! B\u00fct\u00fcn bunlar ayn\u0131yla vaki \u0130stanbul\u2019da oluyordu.<\/span><\/span><span>\u00a0<\/span><\/p>\n<p><span>\u00a0<\/span><\/p>\n<p><span><span>B\u0130Z\u0130M A\u00c7IMIZDAN DURUM<\/span><\/span><span>\u00a0<\/span><\/p>\n<p><span><span>1973 se\u00e7im<\/span><span>ler<\/span><span>inde \u015feytan\u0131n baca\u011f\u0131<\/span><span> k\u0131r<\/span><span>\u0131l<\/span><span>m\u0131\u015f<\/span><\/span><span>\u00a0<\/span><\/p>\n<p><span><span>Ama<\/span><\/span><span>\u00a0<\/span><\/p>\n<p><span><span>Hen\u00fcz ik<\/span><span>tidara y\u00fcr\u00fcyecek bir potansiyele<\/span><span> ula\u015f<\/span><span>a<\/span><span>mam\u0131\u015ft\u0131k.<\/span><\/span><span>\u00a0<\/span><\/p>\n<p><span><span>Bunun i\u00e7in Cumhurba\u015fkan\u0131m\u0131z;<\/span><\/span><span>\u00a0<\/span><\/p>\n<p><span><span>O y\u0131llarda \u0130stanbul Refah Partisi il ba\u015fkan\u0131 olarak yeni bir \u00e7al\u0131\u015fma sistemi geli\u015ftirdi.<\/span><\/span><span>\u00a0<\/span><\/p>\n<p><span><span>\u015e\u00f6yle ki;<\/span><\/span><span>\u00a0<\/span><\/p>\n<p><span><span>Meyhanelere bile girip vatanda\u015ftan oy istenecekti<\/span><span>k<\/span><span>.<\/span><\/span><span>\u00a0<\/span><\/p>\n<p><span><span>\u00d6nce bu biraz garip kar\u015f\u0131land\u0131.<\/span><\/span><span>\u00a0<\/span><\/p>\n<p><span><span>\u00d6yle ya, dindar bir partinin meyhanede ne i\u015fi var?<\/span><\/span><span>\u00a0<\/span><\/p>\n<p><span><span>Ama sadece meyhaneler de\u011fil<\/span><span>,<\/span><\/span><span>\u00a0<\/span><\/p>\n<p><span><span>Roman vatanda\u015flarla hem hal olunacak dertleri dinlenecek ve onlar da bu kutsal y\u00fcr\u00fcy\u00fc\u015fe <\/span><span>dahil<\/span><span> edilecekti.<\/span><\/span><span>\u00a0<\/span><\/p>\n<p><span>\u00a0<\/span><\/p>\n<p><span><span>ZAFERLER<\/span><\/span><span>\u00a0<\/span><\/p>\n<p><span><span>ARKA ARKAYA GEL\u0130YOR<\/span><\/span><span>\u00a0<\/span><\/p>\n<p><span><span>Bu \u00e7al\u0131\u015fmalar k\u0131sa s\u00fcrede meyvelerini vermeye ba\u015flad\u0131.<\/span><\/span><span>\u00a0<\/span><\/p>\n<p><span><span>1984 y\u0131l\u0131nda <\/span><span>%<\/span><span>4.4<\/span><span> olan Refah Partisinin oyu 1989 se\u00e7imlerinde <\/span><span>%9.8<\/span><span>\u2019e y\u00fckselmi\u015fti<\/span><\/span><span>\u00a0<\/span><\/p>\n<p><span><span>Ama\u00a0<\/span><\/span><span>\u00a0<\/span><\/p>\n<p><span><span>As\u0131l zaferler bundan son<\/span><span>ra gelmeye ba\u015flad\u0131.<\/span><\/span><span>\u00a0<\/span><\/p>\n<p><span><span>1991 \u0130stanbul <\/span><span>K\u00e2\u011f\u0131thane<\/span><span> il\u00e7esinde yap\u0131lan ara se\u00e7imde <\/span><span>%34<\/span><\/span><span>\u00a0<\/span><\/p>\n<p><span><span>Bir y\u0131l sonra yine \u0130stanbul\u2019un 6 il\u00e7esinde yap\u0131lan ara se\u00e7im neticesinde<\/span><span> de<\/span><span> 4 il\u00e7e<\/span><span> (<\/span><span>Ba\u011fc\u0131lar<\/span><span>..<\/span><span>G\u00fcng\u00f6ren<\/span><span>..<\/span><span>Bah\u00e7elievler<\/span><span>\u00a0 ve Tuzla)<\/span><span> kazan\u0131lm\u0131\u015f<\/span><span>t\u0131.<\/span><\/span><span>\u00a0<\/span><\/p>\n<p><span><span>Yani<\/span><\/span><span>\u00a0<\/span><\/p>\n<p><span><span>Cumhurba\u015fkan\u0131m\u0131z\u0131n uygulad\u0131\u011f\u0131 yeni \u00e7al\u0131\u015fma metodu tutmu\u015ftu.<\/span><\/span><span>\u00a0<\/span><\/p>\n<p><span>\u00a0<\/span><\/p>\n<p><span><span>NOT: Bu arada yap\u0131lan 2 se\u00e7im daha var ve her ikisini de <\/span><span>Tayyip Bey kazanm\u0131\u015ft\u0131.\u00a0<\/span><\/span><span>\u00a0<\/span><\/p>\n<p><span><span>\u00a0\u00a0\u00a0\u00a0\u00a0\u00a0\u00a0\u00a0\u00a0 Biri <\/span><span>1989<\/span><span>\u2019da yap\u0131lan<\/span><span>yerel genel se\u00e7imlerinde\u00a0<\/span><\/span><span>\u00a0<\/span><\/p>\n<p><span><span>\u00a0\u00a0\u00a0\u00a0\u00a0\u00a0\u00a0\u00a0\u00a0 <\/span><span>Beyo\u011flu belediye <\/span><span>ba\u015fkanl\u0131\u011f\u0131<\/span><span>n\u0131\u00a0 kazand\u0131<\/span><span>..<\/span><span>ama<\/span><span> malum ayak oyunlar\u0131 ile<\/span><\/span><span>\u00a0<\/span><\/p>\n<p><span><span>\u00a0\u00a0\u00a0\u00a0\u00a0\u00a0\u00a0\u00a0\u00a0 <\/span><span>ba\u015fkanl\u0131\u011f\u0131<\/span><span> kaybetmi\u015fti. Di\u011feri ise<\/span><span>1991 se\u00e7imlerin<\/span><span>de <\/span><span>milletvekili<\/span><\/span><span>\u00a0<\/span><\/p>\n<p><span><span>\u00a0\u00a0\u00a0\u00a0\u00a0\u00a0\u00a0\u00a0\u00a0 <\/span><span>se\u00e7ildi\u011fi<\/span><span>halde <\/span><span>tercihli sistem uygulamas\u0131ndan dolay\u0131\u00a0<\/span><\/span><span>\u00a0<\/span><\/p>\n<p><span><span>\u00a0\u00a0\u00a0\u00a0\u00a0\u00a0\u00a0\u00a0\u00a0 <\/span><span>mazbatas\u0131<\/span><span>iptal e<\/span><span>dildi.<\/span><\/span><span>\u00a0<\/span><\/p>\n<p><span><span>\u00a0\u00a0\u00a0\u00a0\u00a0\u00a0\u00a0\u00a0\u00a0 Y<\/span><span>az\u0131 uzamas\u0131n diye <\/span><span>bu mevzular\u0131n <\/span><span>detaylar\u0131na girmiyorum.<\/span><span>\u00a0\u00a0<\/span><span>\u00a0<\/span><\/span><span>\u00a0<\/span><\/p>\n<p><span><span>\u00a0\u00a0\u00a0\u00a0\u00a0\u00a0\u00a0\u00a0\u00a0 <\/span><span>Ancak<\/span><\/span><span>\u00a0<\/span><\/p>\n<p><span><span>\u00a0\u00a0\u00a0\u00a0\u00a0\u00a0\u00a0\u00a0\u00a0 \u015eer bildi\u011fimiz olaylardan hay\u0131r \u00e7\u0131kabiliyor\u2026<\/span><\/span><span>\u00a0<\/span><\/p>\n<p><span><span>\u00a0\u00a0\u00a0\u00a0\u00a0\u00a0\u00a0\u00a0\u00a0 <\/span><span>Demek ki,<\/span><\/span><span>\u00a0<\/span><\/p>\n<p><span><span>\u00a0\u00a0\u00a0\u00a0\u00a0\u00a0\u00a0\u00a0\u00a0 <\/span><span>\u0130lahi kudret<\/span><span>,<\/span><span> onu da<\/span><span>ha b\u00fcy\u00fck makamlara haz\u0131rl\u0131yormu\u015f.<\/span><\/span><span>\u00a0<\/span><\/p>\n<p><span>\u00a0<\/span><\/p>\n<p><span><span>1994 ZAFER\u0130<\/span><\/span><span>\u00a0<\/span><\/p>\n<p><span><span>Uygulanan yeni metot<\/span><\/span><span>\u00a0<\/span><\/p>\n<p><span><span>1994 se\u00e7<\/span><span>im zaferi ile ta\u00e7land\u0131.<\/span><\/span><span>\u00a0<\/span><\/p>\n<p><span><span>\u0130stanbul ve Ankara gibi b\u00fcy\u00fck \u015fehirler kazan\u0131lm\u0131\u015f<\/span><\/span><span>\u00a0<\/span><\/p>\n<p><span><span>Ama en \u00f6nemlisi Refah Partisi halk\u0131n g\u00f6nl\u00fcnde yer<\/span><span>ini<\/span><span> bulmu\u015ftu.<\/span><\/span><span>\u00a0<\/span><\/p>\n<p><span><span>\u015eimdi s\u0131ra<\/span><\/span><span>\u00a0<\/span><\/p>\n<p><span><span>\u201cBu dinci tak\u0131m\u0131n\u201d devlet i\u015finden de anlay\u0131p anlamad\u0131\u011f\u0131n\u0131 s\u0131namaya gelmi\u015fti.<\/span><\/span><span>\u00a0<\/span><\/p>\n<p><span><span>\u0130stanbul susuz\u2026<\/span><\/span><span>\u00a0<\/span><\/p>\n<p><span><span>O g\u00fcnk\u00fc n\u00fcfusu 7-8 milyon olan bir \u015fehrin suyunu k\u0131sa s\u00fcrede \u00e7\u00f6zmek kolay m\u0131?<\/span><\/span><span>\u00a0<\/span><\/p>\n<p><span><span>De\u011fil tabi ama siz Allah\u2019a tevekk\u00fcl edip sebeplerine sar\u0131l\u0131rsan\u0131z ilahi kudret sizin \u00f6n\u00fcn\u00fcz\u00fc a\u00e7ar.<\/span><\/span><span>\u00a0<\/span><\/p>\n<p><span><span>Nitekim \u00f6yle oldu.<\/span><\/span><span>\u00a0<\/span><\/p>\n<p><span><span>Arka arkaya barajlar yap\u0131lm<\/span><span>aya ba\u015fland\u0131. \u0130stanbul\u2019un \u00e7\u00fcr\u00fcm\u00fc\u015f su borular\u0131n\u0131n <\/span><span>%95<\/span><span>\u2019i de\u011fi\u015ftirildi.<\/span><\/span><span>\u00a0<\/span><\/p>\n<p><span><span>Yerden dualar y\u00fckseldi<\/span><span>,<\/span><span> g\u00f6kten rahmet ya\u011fd\u0131. \u0130stanbul suya kavu\u015ftu.<\/span><\/span><span>\u00a0<\/span><\/p>\n<p><span>\u00a0<\/span><\/p>\n<p><span><span>Bu ba\u015far\u0131n\u0131n s\u0131rr\u0131n\u0131<\/span><\/span><span>\u00a0<\/span><\/p>\n<p><span><span>\u00d6nceki belediye ba\u015fkan\u0131 CHP\u2019li N. S\u00f6zen\u2019e sorduklar\u0131nda<\/span><\/span><span>\u00a0<\/span><\/p>\n<p><span><span>\u201cTayyip Bey\u2019in yukar\u0131<\/span><span> ile aras\u0131 <\/span><span>iyi<\/span><span>..<\/span><span>\u201d<\/span><span> cevab\u0131n\u0131 vermi\u015fti.<\/span><\/span><span>\u00a0<\/span><\/p>\n<p><span>\u00a0<\/span><\/p>\n<p><span><span>95 SE\u00c7\u0130M\u0130<\/span><\/span><span>\u00a0<\/span><\/p>\n<p><span><span>K\u0131sa s\u00fcredeki bu ba\u015far\u0131lar 1995 y\u0131l\u0131nda yap\u0131lan genel se\u00e7im zaferini getirmi\u015fti.<\/span><\/span><span>\u00a0<\/span><\/p>\n<p><span><span>Bu se\u00e7ime giderken<\/span><\/span><span>\u00a0<\/span><\/p>\n<p><span><span>Erbakan Hocam\u0131z\u0131n kar\u015f\u0131s\u0131nda \u201clider\u201d denecek kimse kalmam\u0131\u015ft\u0131.<\/span><\/span><span>\u00a0<\/span><\/p>\n<p><span><span>Demirel cumhurba\u015fkan\u0131 olm<\/span><span>u\u015f yerine T. \u00c7iller\u2019i b\u0131rakm\u0131\u015f<\/span><\/span><span>\u00a0<\/span><\/p>\n<p><span><span>ANAP\u2019\u0131n ba\u015f\u0131nda da <\/span><span>art\u0131k <\/span><span>Mesut Y\u0131lmaz vard\u0131.<\/span><\/span><span>\u00a0<\/span><\/p>\n<p><span><span>CHP ise<\/span><span>\u2026<\/span><span> \u0130SK\u0130 yolsuzluk skandal\u0131 ve arkas\u0131ndan kaybetti\u011fi b\u00fcy\u00fck \u015fehir belediyelerinin <\/span><span>moral bozuklu\u011fu ile se\u00e7<\/span><span>ime <\/span><span>girmi\u015f<\/span><span>..<\/span><span>se\u00e7meni<\/span><span> de<\/span><span> kime oy verece\u011fini \u015fa\u015f\u0131rm\u0131\u015f<\/span><span> vaziyette idi.<\/span><\/span><span>\u00a0<\/span><\/p>\n<p><span><span>Nitekim<\/span><\/span><span>\u00a0<\/span><\/p>\n<p><span><span>O<\/span><span>ylar CH<\/span><span>P ve DSP aras\u0131nda <\/span><span>b\u00f6l\u00fcnd\u00fc\u011f\u00fcden<\/span><\/span><span>\u00a0<\/span><\/p>\n<p><span><span>CHP bu se\u00e7imde<\/span><span>n ancak 5. Parti olarak \u00e7\u0131kabilmi\u015fti<\/span><span>.<\/span><\/span><span>\u00a0<\/span><\/p>\n<p><span>\u00a0<\/span><\/p>\n<p><span><span>\u00d6ZAL ZAMANINDA<\/span><\/span><span>\u00a0<\/span><\/p>\n<p><span><span>BEL\u0130 KIRILAN B\u00dcROKRAS\u0130<\/span><\/span><span>\u00a0<\/span><\/p>\n<p><span><span>TEKRAR KAFASINI KALDIRIYOR<\/span><\/span><span>\u00a0<\/span><\/p>\n<p><span><span>Birinci parti olmu\u015ftuk\u00a0<\/span><\/span><span>\u00a0<\/span><\/p>\n<p><span><span>Ama tek ba\u015f\u0131na h\u00fckumet kuracak say\u0131ya ula\u015famam\u0131\u015ft\u0131k.<\/span><\/span><span>\u00a0<\/span><\/p>\n<p><span><span>Koalisyon kurulmas\u0131 gerekiyor ve o zaman taban\u0131 birbirine en yak\u0131n iki parti Refah ile ANAP oldu\u011fu halde\u00a0<\/span><\/span><span>\u00a0<\/span><\/p>\n<p><span><span>Bilhassa\u00a0<\/span><\/span><span>\u00a0<\/span><\/p>\n<p><span><span>Yarg\u0131 ve askeri b\u00fcrokrasi bu koalisyona<\/span><span> izin vermiyordu.<\/span><\/span><span>\u00a0<\/span><\/p>\n<p><span><span>Daha do\u011frusu<\/span><\/span><span>\u00a0<\/span><\/p>\n<p><span><span>\u201cH\u00fckumetin ba\u015f\u0131 Erbakan olmas\u0131n da h\u00fckumeti nas\u0131l kuracaksan\u0131z kurun!\u201d <\/span><span>\u015feklinde bir tehdit ortal\u0131kta<\/span><span> dola\u015f\u0131yordu.<\/span><\/span><span>\u00a0<\/span><\/p>\n<p><span><span>H\u00e2lbuki<\/span><\/span><span>\u00a0<\/span><\/p>\n<p><span><span>Refah ve ANAP kurmaylar\u0131 her \u015feyi g\u00f6r\u00fc\u015fm\u00fc\u015f i\u015f bitmi\u015fti.<\/span><\/span><span>\u00a0<\/span><\/p>\n<p><span><span>Bir anda<\/span><\/span><span>\u00a0<\/span><\/p>\n<p><span><span>Mesut Y\u0131lmaz\u2019\u0131n Rize\u2019ye gidece\u011fi tuttu\u2026<\/span><\/span><span>\u00a0<\/span><\/p>\n<p><span><span>D\u00f6n\u00fc\u015fte<\/span><\/span><span>\u00a0<\/span><\/p>\n<p><span><span>Erbakan\u2019la koalisyon kuramayaca\u011f\u0131n\u0131 s\u00f6yledi\u011finde her iki partinin taban\u0131 hayal k\u0131r\u0131kl\u0131\u011f\u0131na u\u011fram\u0131\u015ft\u0131.<\/span><\/span><span>\u00a0<\/span><\/p>\n<p><span><span>Art\u0131k ecinniler kula\u011f\u0131na ne f\u0131s\u0131ldad\u0131ys<\/span><span>a <\/span><span>Refah\u2019la <\/span><span>koalisyon kurmaktan vaz ge\u00e7mi\u015fti.<\/span><\/span><span>\u00a0<\/span><\/p>\n<p><span>\u00a0<\/span><\/p>\n<p><span><span>DYP-ANAP koalisyonu kuruldu<\/span><\/span><span>\u00a0<\/span><\/p>\n<p><span><span>Ancak<\/span><\/span><span>\u00a0<\/span><\/p>\n<p><span><span>\u00c7iller ve Y\u0131lmaz birbirine ancak 1 y\u0131l dayanabildi<\/span><span>ler<\/span><span>.<\/span><\/span><span>\u00a0<\/span><\/p>\n<p><span><span>Koalisyon bozuldu.<\/span><\/span><span>\u00a0<\/span><\/p>\n<p><span><span>Yarg\u0131 ve askeri b\u00fcrokrasisi<\/span><\/span><span>\u00a0<\/span><\/p>\n<p><span><span>Na\u00e7ar Erbakan Hocan\u0131n ba\u015fbakanl\u0131\u011f\u0131na raz\u0131 oldu\u00a0<\/span><\/span><span>\u00a0<\/span><\/p>\n<p><span><span>Ama\u2026<\/span><\/span><span>\u00a0<\/span><\/p>\n<p><span>\u00a0<\/span><\/p>\n<p><span><span>54. H\u00dcKUMET\u00a0<\/span><\/span><span>\u00a0<\/span><\/p>\n<p><span><span>DESTANLAR YAZIYOR<\/span><\/span><span>\u00a0<\/span><\/p>\n<p><span><span>\u00c7iller daha cesur davran\u0131p bizimle koalisyon kurmaya raz\u0131 oldu.<\/span><\/span><span>\u00a0<\/span><\/p>\n<p><span><span>\u0130\u015fe ba\u015flayan h\u00fckumet<\/span><\/span><span>\u00a0<\/span><\/p>\n<p><span><span>K\u0131sa s\u00fcrede tabir caizse \u00fclkeyi u\u00e7u\u015fa ge\u00e7irdi.<\/span><\/span><span>\u00a0<\/span><\/p>\n<p><span><span>Burada icraatlar\u0131n\u0131 anlatmak uzun s\u00fcrer<\/span><\/span><span>\u00a0<\/span><\/p>\n<p><span><span>Ancak k\u0131saca \u015funu s\u00f6ylemek m\u00fcmk\u00fcn\u2026<\/span><\/span><span>\u00a0<\/span><\/p>\n<p><span><span>\u0130\u00e7eride denk b\u00fct\u00e7e<\/span><span>\u00a0<\/span><\/span><span>\u00a0<\/span><\/p>\n<p><span><span>D\u0131\u015far\u0131da D8\u00a0<\/span><\/span><span>\u00a0<\/span><\/p>\n<p><span><span>Bu iki icraat 54. H\u00fckumetin icraatlar\u0131n\u0131 \u00f6zetler.<\/span><\/span><span>\u00a0<\/span><\/p>\n<p><span>\u00a0<\/span><\/p>\n<p><span><span>28 \u015eUBAT<\/span><\/span><span>\u00a0<\/span><\/p>\n<p><span><span>\u2026 Ama<\/span><\/span><span>\u00a0<\/span><\/p>\n<p><span><span>\u00dclkenin ba\u011f\u0131ms\u0131zl\u0131\u011f\u0131na ve refaha ermesine istemeyen <\/span><span>emperyalistler<\/span><span>..<\/span><span>yerli<\/span><span> i\u015fbirlik\u00e7ilerini <\/span><span>de <\/span><span>devreye sokarak <\/span><span>medyada b\u00fcy\u00fck bir g\u00fcr\u00fclt\u00fc <\/span><span>kopard\u0131lar.(<\/span><span>Bunda <\/span><span>FET\u00d6\u2019n\u00fcn<\/span><span> de ciddi manada katk\u0131s\u0131 olmu\u015ftu)<\/span><\/span><span>\u00a0<\/span><\/p>\n<p><span><span>Netice olarak<\/span><\/span><span>\u00a0<\/span><\/p>\n<p><span><span>28 \u015eubat kararlar\u0131n\u0131 Erbakan Hoca\u2019n\u0131n \u00f6n\u00fcne s\u00fcrd\u00fcler.<\/span><\/span><span>\u00a0<\/span><\/p>\n<p><span>\u00a0<\/span><\/p>\n<p><span><span>Rahmetli \u00d6zal\u2019\u0131n yar\u0131m b\u0131rakt\u0131\u011f\u0131 i\u015f<\/span><\/span><span>\u00a0<\/span><\/p>\n<p><span><span>\u015eimdi ba\u015f\u0131n\u0131 kald\u0131rm\u0131\u015f <\/span><span>dikleniyor<\/span><span>..<\/span><span>meydan<\/span><span> okuyordu.<\/span><\/span><span>\u00a0<\/span><\/p>\n<p><span><span>Erbakan Hoca<\/span><\/span><span>\u00a0<\/span><\/p>\n<p><span><span>\u00dclke <\/span><span>kar\u0131\u015fmas\u0131n<\/span><span>..<\/span><span>zarar<\/span><span> g\u00f6rmesin diye nezaketle k\u0131rmadan d\u00f6kmeden alttan al\u0131yor ama kar\u015f\u0131 taraf gemi az\u0131y\u0131 alm\u0131\u015f laf dinledi\u011fi yok<\/span><span>tu<\/span><span>.<\/span><\/span><span>\u00a0<\/span><\/p>\n<p><span><span>Tam aksine<\/span><\/span><span>\u00a0<\/span><\/p>\n<p><span><span>Milletin sinir u\u00e7lar\u0131 ile oynuyor<\/span><\/span><span>\u00a0<\/span><\/p>\n<p><span><span>Tahrik etmek i\u00e7in elinden gelenini ard\u0131na koymuyorlard\u0131.<\/span><\/span><span>\u00a0<\/span><\/p>\n<p><span><span>Asker bir yandan<\/span><\/span><span>\u00a0<\/span><\/p>\n<p><span><span>Medya di\u011fer yandan<\/span><\/span><span>\u00a0<\/span><\/p>\n<p><span><span>Sermaye, sendikalar tek a\u011f\u0131z olmu\u015f sald\u0131rd\u0131k\u00e7a sald\u0131r\u0131yorlard\u0131.<\/span><\/span><span>\u00a0<\/span><\/p>\n<p><span>\u00a0<\/span><\/p>\n<p><span><span>Ah<\/span><span>! N<\/span><span>e karanl\u0131k g\u00fcnlerdi o g\u00fcnler<\/span><span>\u2026<\/span><\/span><span>\u00a0<\/span><\/p>\n<p><span><span>\u00dclkeyi tek parti zulm\u00fcne<\/span><span> g\u00f6t\u00fcrmeyi ba\u015farm\u0131\u015flard\u0131<\/span><\/span><span>\u00a0<\/span><\/p>\n<p><span><span>Ama<\/span><\/span><span>\u00a0<\/span><\/p>\n<p><span><span>Her <\/span><span>Firavun\u2019un<\/span><span> bir Musa\u2019s\u0131 oldu\u011funu unutuyorlard\u0131.<\/span><\/span><span>\u00a0<\/span><\/p>\n<p><span>\u00a0<\/span><\/p>\n<p><span><span>PINARH\u0130SAR<\/span><span> HAP\u0130SHANES\u0130<\/span><\/span><span>\u00a0<\/span><\/p>\n<p><span><span>Bu s\u0131rada\u00a0<\/span><\/span><span>\u00a0<\/span><\/p>\n<p><span><span>Recep Tayyip Erdo\u011fan<\/span><\/span><span>\u00a0<\/span><\/p>\n<p><span><span>\u0130stanbul B\u00fcy\u00fck\u015fehir Belediye Ba\u015fkanl\u0131\u011f\u0131ndan al\u0131n\u0131p<\/span><\/span><span>\u00a0<\/span><\/p>\n<p><span><span>Hapishaneye at\u0131lm\u0131\u015ft\u0131.<\/span><\/span><span>\u00a0<\/span><\/p>\n<p><span><span>Demek ki, \u00e7ile hen\u00fcz bitmemi\u015fti<\/span><\/span><span>\u00a0<\/span><\/p>\n<p><span><span>Ama<\/span><\/span><span>\u00a0<\/span><\/p>\n<p><span><span>G\u00fcn d\u00f6ner devran d\u00f6ner bunlar\u0131n hesab\u0131 sorulacakt\u0131.<\/span><\/span><span>\u00a0<\/span><\/p>\n<p><span><span>Onlar<\/span><\/span><span>\u00a0<\/span><\/p>\n<p><span><span>Bizi tekrar g\u00f6mmek i\u00e7in planlar yaparken\u00a0<\/span><\/span><span>\u00a0<\/span><\/p>\n<p><span><span>Reis de hapishanede (Medrese-i <\/span><span>Y<\/span><span>usufiyye<\/span><span>\u2019de<\/span><span>) planlar\u0131n\u0131 yap\u0131yordu.<\/span><\/span><span>\u00a0<\/span><\/p>\n<p><span>\u00a0<\/span><\/p>\n<p><span><span>Ana rahmi <\/span><span>z\u00e2hir<\/span><span>, \u015fu bizim ko\u011fu\u015f;<\/span><\/span><span>\u00a0<\/span><\/p>\n<p><span><span>Karanl\u0131\u011f\u0131nda nur, yeniden do\u011fu\u015f&#8230;<\/span><\/span><span>\u00a0<\/span><\/p>\n<p><span><span>Sesler duymaktay\u0131m: Davran ve bo\u011fu\u015f!<\/span><\/span><span>\u00a0<\/span><\/p>\n<p><span><span>\u00a0\u00a0\u00a0\u00a0 Sen bir devsin, y\u00fck\u00fc a\u011f\u0131rd\u0131r devin!<\/span><\/span><span>\u00a0<\/span><\/p>\n<p><span><span>\u00a0\u00a0\u00a0\u00a0 Kalk aya\u011fa, dimdik do\u011frul ve sevin!<\/span><\/span><span>\u00a0<\/span><\/p>\n<p><span>\u00a0<\/span><\/p>\n<p><span><span>2002 ve 2023 se\u00e7imleri gelecek yaz\u0131da in\u015fallah\u2026<\/span><\/span><span>\u00a0<\/span><\/p>\n<p><span><span>10.04.2023<\/span><\/span><span>\u00a0<\/span><\/p>\n<p><span><span>Emin Batur<\/span><\/span><span>\u00a0<\/span><\/p>\n<p><span>\u00a0<\/span><\/p>\n<p><span>\u00a0<\/span><\/p>\n<p><span>\u00a0<\/span><\/p>\n","protected":false},"excerpt":{"rendered":"<p>&nbsp; &nbsp; 1950 se\u00e7imi\u00a0 Jandarma dip\u00e7i\u011finden kurtulup \u00f6zg\u00fcrl\u00fc\u011fe ad\u0131m atman\u0131n\u2026\u00a0 1973 se\u00e7imi\u00a0 Varl\u0131\u011f\u0131m\u0131z\u0131n ispat\u0131 ve milli manevi kodlar\u0131m\u0131za d\u00f6n\u00fc\u015f\u2026\u00a0 1983 se\u00e7imi\u00a0 Oligar\u015fik b\u00fcrokrasi ile m\u00fccadele ve kalk\u0131nma olarak\u00a0\u00a0 \u00d6zetleyece\u011fimiz se\u00e7imler olmu\u015f..\u00a0 Ve\u00a0\u00a0 Her se\u00e7imin bir \u00f6ncekinden daha \u00f6nemli oldu\u011funu bundan \u00f6nceki yaz\u0131lar\u0131mda bahsetmi\u015ftim.\u00a0 \u00a0 94-95 SE\u00c7\u0130MLER\u0130\u00a0 Nas\u0131l ki,\u00a0 1983 se\u00e7imlerine girerken \u00fclke olarak sahipsiz..b\u00fcrokrasiyebatm\u0131\u015f..ka\u00e7ak\u00e7\u0131lar\u0131n cirit &hellip;<\/p>\n","protected":false},"author":14,"featured_media":47581,"comment_status":"open","ping_status":"open","sticky":false,"template":"","format":"standard","meta":{"om_disable_all_campaigns":false,"_themeisle_gutenberg_block_has_review":false,"_joinchat":[],"footnotes":""},"categories":[56,38,43],"tags":[],"class_list":["post-45072","post","type-post","status-publish","format-standard","has-post-thumbnail","","category-emin","category-guncel","category-yazarlar"],"_links":{"self":[{"href":"https:\/\/akincilardergisi.com\/tr\/wp-json\/wp\/v2\/posts\/45072","targetHints":{"allow":["GET"]}}],"collection":[{"href":"https:\/\/akincilardergisi.com\/tr\/wp-json\/wp\/v2\/posts"}],"about":[{"href":"https:\/\/akincilardergisi.com\/tr\/wp-json\/wp\/v2\/types\/post"}],"author":[{"embeddable":true,"href":"https:\/\/akincilardergisi.com\/tr\/wp-json\/wp\/v2\/users\/14"}],"replies":[{"embeddable":true,"href":"https:\/\/akincilardergisi.com\/tr\/wp-json\/wp\/v2\/comments?post=45072"}],"version-history":[{"count":0,"href":"https:\/\/akincilardergisi.com\/tr\/wp-json\/wp\/v2\/posts\/45072\/revisions"}],"wp:featuredmedia":[{"embeddable":true,"href":"https:\/\/akincilardergisi.com\/tr\/wp-json\/wp\/v2\/media\/47581"}],"wp:attachment":[{"href":"https:\/\/akincilardergisi.com\/tr\/wp-json\/wp\/v2\/media?parent=45072"}],"wp:term":[{"taxonomy":"category","embeddable":true,"href":"https:\/\/akincilardergisi.com\/tr\/wp-json\/wp\/v2\/categories?post=45072"},{"taxonomy":"post_tag","embeddable":true,"href":"https:\/\/akincilardergisi.com\/tr\/wp-json\/wp\/v2\/tags?post=45072"}],"curies":[{"name":"wp","href":"https:\/\/api.w.org\/{rel}","templated":true}]}}