{"id":45042,"date":"2023-04-05T04:15:43","date_gmt":"2023-04-05T01:15:43","guid":{"rendered":"http:\/\/akincilardergisi.com\/dergi\/?p=45042"},"modified":"2023-11-07T15:55:05","modified_gmt":"2023-11-07T12:55:05","slug":"en-onemli-secim-hangisi-2","status":"publish","type":"post","link":"https:\/\/akincilardergisi.com\/tr\/en-onemli-secim-hangisi-2\/","title":{"rendered":"EN \u00d6NEML\u0130 SE\u00c7\u0130M   HANG\u0130S\u0130 2"},"content":{"rendered":"<p>&nbsp;<\/p>\n<p><img decoding=\"async\" src=\"https:\/\/www.usakgundem.com\/images\/haberler\/2023\/04\/metropoll-secim-anketi-sonuclari-aciklandi-kilicdaroglu-secimi-kazanir-diyenlerin-orani-bakin-ne-kadar-oldu_8f545.png\" alt=\"MetroPoll se\u00e7im anketi sonu\u00e7lar\u0131 a\u00e7\u0131kland\u0131! K\u0131l\u0131\u00e7daro\u011flu se\u00e7imi kazan\u0131r diyenlerin oran\u0131 bak\u0131n ne kadar oldu\" \/><\/p>\n<p>Ge\u00e7en yaz\u0131da<\/p>\n<p>Cumhuriyet tarihi en \u00f6nemli se\u00e7iminin 1950 se\u00e7imleri oldu\u011funu..ondan \u00f6nceki se\u00e7imlere \u201cse\u00e7im\u201d bile denemeyece\u011fini yazm\u0131\u015ft\u0131m.<\/p>\n<p>1950 se\u00e7imleri ile;<\/p>\n<p>Halk jandarma dip\u00e7i\u011finden ve CHP\u2019nin zalim bask\u0131c\u0131 b\u00fcrokrasisinden k\u0131smen de olsa kurtulmu\u015f rahat bir nefes alm\u0131\u015ft\u0131.<\/p>\n<p>&nbsp;<\/p>\n<p><span style=\"color: #0000ff\">M\u0130LL\u0130 KODLARA D\u00d6N\u00dc\u015e HAREKET\u0130\u00a0<\/span><\/p>\n<p>1973 se\u00e7imleri ise<\/p>\n<p>Yok olmakla kar\u015f\u0131 kar\u015f\u0131ya kalm\u0131\u015f m\u00fctedeyyin halk\u0131n,<\/p>\n<p>Dirilme..aya\u011fa kalkma<\/p>\n<p>Ve<\/p>\n<p>Tekrar devletle bar\u0131\u015fma s\u00fcrecinin ba\u015flang\u0131\u00e7 tarihidir.<\/p>\n<p>Bu se\u00e7im sonucudur ki,<\/p>\n<p>Devletimizi milli ve manevi kodlar\u0131na tekrar d\u00f6nmesii\u00e7in verilen m\u00fccadeleye umut olmu\u015ftur.<\/p>\n<p>&nbsp;<\/p>\n<p>Bu d\u00f6n\u00fc\u015f vetiresini(s\u00fcrecini) anlatmak uzun s\u00fcrer.<\/p>\n<p>Ancak<\/p>\n<p>Ak\u0131lda kalmas\u0131 i\u00e7in k\u00fc\u00e7\u00fck bir \u00f6rnek vermek istiyorum.<\/p>\n<p>Adalet Partisi\u2019nin tek ba\u015f\u0131na iktidar oldu\u011fu 1960\u2019l\u0131 y\u0131llar\u0131n sonlar\u0131nda yap\u0131lan b\u00fct\u00e7e g\u00f6r\u00fc\u015fmelerinde devlet bakan\u0131 kendisine ba\u011fl\u0131 olan Diyanet \u0130\u015fleri Ba\u015fkanl\u0131\u011f\u0131 b\u00fct\u00e7esini sunduktan sonra \u201cin\u015fallah ger\u00e7ekle\u015ftiririz..\u201d diyerek konu\u015fmas\u0131n\u0131 bitirir.<\/p>\n<p>Konu\u015fmac\u0131 s\u00f6z\u00fcn\u00fc bitirir bitirmez CHP s\u0131ralar\u0131ndan protesto sesleri y\u00fckselir ve meclis ba\u015fkan\u0131ndan Devlet Bakan\u0131\u2019n\u0131n s\u00f6z\u00fcn\u00fc geri almas\u0131n\u0131..buras\u0131n\u0131n laik bir \u00fclke oldu\u011funu.. \u201cin\u015fallah\u201d kelimesini geri almas\u0131n\u0131 talep ederler.<\/p>\n<p>&nbsp;<\/p>\n<p>Bu hadiseden \u00e7ok de\u011fil 5-6 y\u0131l sonra<\/p>\n<p>Erbakan Hoca \u201cA\u011f\u0131r Sanayi Hamlesi\u201d \u00e7er\u00e7evesinde ba\u015flatt\u0131\u011f\u0131 200 fabrikan\u0131n temellerini atmak veya a\u00e7\u0131l\u0131\u015flar\u0131n\u0131 yaparken..besmeleselvele ve dualarla yap\u0131lm\u0131\u015ft\u0131.<\/p>\n<p>Tek ba\u015f\u0131na bu \u00f6rnek;<\/p>\n<p>73 se\u00e7imlerinde al\u0131nan sonucun ne kadar \u00f6nemli oldu\u011funu g\u00f6sterir.<\/p>\n<p>&nbsp;<\/p>\n<p>&nbsp;<\/p>\n<p><span style=\"color: #0000ff\">1983\u00a0\u00a0<\/span><\/p>\n<p><span style=\"color: #0000ff\">SE\u00c7\u0130MLER\u0130N\u0130N \u00d6NEM\u0130\u00a0<\/span><\/p>\n<p>1980\u2019de darbe olmu\u015f ve siyasi partiler kapat\u0131lm\u0131\u015ft\u0131.<\/p>\n<p>Yeni kurulan partilerin \u00e7o\u011funa askeri cunta onay vermemi\u015fti.<\/p>\n<p>Bundan dolay\u0131<\/p>\n<p>Se\u00e7ime ancak 3 parti kat\u0131labildi.<\/p>\n<p>&nbsp;<\/p>\n<p>Askeri Cunta lideri Evren<\/p>\n<p>Yine asker k\u00f6kenli olan T. Sunalp\u2019\u0131n lideri oldu\u011fu MDP\u2019nin se\u00e7imi kazan\u0131p askeri vesayetin devam etmesini istiyordu.<\/p>\n<p>Ama halk T. \u00d6zal\u2019\u0131 ezici bir oy fark\u0131yla (%45) se\u00e7erek Evren\u2019i mosmor etmeyi bilmi\u015fti.<\/p>\n<p>Askeri Cunta\u2019n\u0131n destekledi\u011fi parti (MDP) \u00fc\u00e7\u00fcnc\u00fc parti olmu\u015ftu.<\/p>\n<p>&nbsp;<\/p>\n<p>\u00d6zal\u2019\u0131n kazanmas\u0131 ile T\u00fcrkiye\u2019nin \u00e7ehresi de\u011fi\u015fti.<\/p>\n<p>Bir yandan<\/p>\n<p>Milli ve manevi kodlar\u0131m\u0131za d\u00f6n\u00fc\u015f s\u00fcreci h\u0131zla devam ederken,<\/p>\n<p>Di\u011fer yandan<\/p>\n<p>Yat\u0131r\u0131mlar ile \u00fclke kalk\u0131n\u0131yor<\/p>\n<p>B\u00fcrokrasideki kilit a\u00e7\u0131l\u0131yor ve insanlar aynen 1950\u2019de oldu\u011fu gibi \u00f6zg\u00fcrl\u00fck havas\u0131n\u0131 soluyordu.<\/p>\n<p>&nbsp;<\/p>\n<p><span style=\"color: #0000ff\">\u00d6ZAL BUNU HAYATIYLA \u00d6D\u00dcYOR\u00a0<\/span><\/p>\n<p>Rahmetli \u00d6zal bir yandan b\u00fcrokrasinin belini k\u0131rmaya \u00e7al\u0131\u015f\u0131rken,<\/p>\n<p>Di\u011fer yandan<\/p>\n<p>Yeniden B\u00fcy\u00fck T\u00fcrkiye\u2019yi kurmak i\u00e7in ad\u0131mlarlar at\u0131yor<\/p>\n<p>Ama<\/p>\n<p>O g\u00fcnk\u00fc CHP(SHP) aynen bug\u00fcn oldu\u011fu gibi yap\u0131lan yat\u0131r\u0131mlara kar\u015f\u0131 \u00e7\u0131k\u0131yor..\u00e7amur at\u0131yordu.<\/p>\n<p>&nbsp;<\/p>\n<p>Bu arada Sovyetler Birli\u011fi\u2019nin da\u011f\u0131lmas\u0131 ile birlikte<\/p>\n<p>T\u00fcrk Cumhuriyetleri ile<\/p>\n<p>Yeni birlikler kurmaya \u00e7al\u0131\u015f\u0131yordu.<\/p>\n<p>Ancak<\/p>\n<p>\u201cSu uyur d\u00fc\u015fman uyumaz\u201dd\u0131<\/p>\n<p>T\u00fcrk Cumhuriyetleri ziyaretinden d\u00f6nd\u00fckten sonra kalp krizi ge\u00e7irip vefat etmi\u015fti.<\/p>\n<p>Sevenleri ve yak\u0131n \u00e7evresi bu ani vefat\u0131n bir suikast sonucu oldu\u011funu d\u00fc\u015f\u00fcnd\u00fc.<\/p>\n<p>Bunun i\u00e7in yeni tetkikler istendi. Baz\u0131 bulgulara ula\u015f\u0131ld\u0131 ama hepsi has\u0131ralt\u0131 edildi.<\/p>\n<p>&nbsp;<\/p>\n<p><span style=\"color: #0000ff\">NEDEN?\u00a0<\/span><\/p>\n<p>\u00c7\u00fcnk\u00fc<\/p>\n<p>\u00d6zal iktidara geldi\u011finde \u00e7ivisi \u00e7\u0131km\u0131\u015f bir T\u00fcrkiye vard\u0131.<\/p>\n<p>Mesela;<\/p>\n<p>\u0130stanbul\u2019un en i\u015flek cadde ve meydanlar\u0131nda..elinde siyah torbas\u0131 ile \u201cKent var..Mallboro var!\u201d diyen \u00f6bek \u00f6bek tombalac\u0131lar g\u00f6rmek s\u0131radan bir i\u015fti.<\/p>\n<p>Bunlar ka\u00e7ak sigara sat\u0131yor..herkesin g\u00f6z\u00fc \u00f6n\u00fcnde gen\u00e7leri kumara ve ka\u00e7ak sigaraya al\u0131\u015ft\u0131r\u0131yor ama kimse kar\u0131\u015fm\u0131yordu.<\/p>\n<p>Bakkallar da ka\u00e7ak sigara sat\u0131yor,<\/p>\n<p>S\u0131n\u0131r illeri ka\u00e7ak elektronik e\u015fya, \u00e7ay ve akla ne gelirse sat\u0131yorlar ama devletin buna m\u00fcdahalesi yoktu.<\/p>\n<p>Yani \u00fclkemiz<\/p>\n<p>Uyu\u015fturucu, sigara ve silah ka\u00e7ak\u00e7\u0131l\u0131\u011f\u0131 ba\u015fta olmak \u00fczere<\/p>\n<p>Ka\u00e7ak\u00e7\u0131lar\u0131n cirit att\u0131\u011f\u0131 bir \u00fclke olmu\u015ftu.<\/p>\n<p>&nbsp;<\/p>\n<p>Ka\u00e7ak\u00e7\u0131lar\u0131n bu i\u015fleri tek ba\u015flar\u0131na yapmas\u0131 m\u00fcmk\u00fcn de\u011fildi.<\/p>\n<p>Y\u00fcksek ve al\u00e7ak baz\u0131 b\u00fcrokratlar ile birlikte \u00fclkeyi soyuyor gen\u00e7lerimizi zehirliyorlard\u0131.<\/p>\n<p>Rahmetli \u00d6zal<\/p>\n<p>Bu i\u015fe son vermek i\u00e7in b\u00fcy\u00fck bir m\u00fccadele ba\u015flatt\u0131<\/p>\n<p>Ancak<\/p>\n<p>Kar\u015f\u0131s\u0131ndaki g\u00fc\u00e7 yerli g\u00f6r\u00fcnse de..uluslararas\u0131 ba\u011flant\u0131lar\u0131 olan..sermaye ve medyaya hakim b\u00fcy\u00fck bir g\u00fc\u00e7t\u00fc.<\/p>\n<p>&nbsp;<\/p>\n<p><span style=\"color: #0000ff\">SIR\u00a0<\/span><\/p>\n<p>Baronlar<\/p>\n<p>Ba\u015flatt\u0131\u011f\u0131 bu m\u00fccadeleye sonland\u0131rmas\u0131 i\u00e7in \u00d6zal\u2019a mesaj vermeleri gerekti\u011fini d\u00fc\u015f\u00fcnd\u00fcler.<\/p>\n<p>Bunun \u00fczerine profesyonel birine g\u00f6rev verip \u00d6zal\u2019\u0131 vurmaya kalkt\u0131lar.<\/p>\n<p>\u00d6zal\u2019\u0131n<\/p>\n<p>ANAP kongresinde..herkesing\u00f6z\u00fc \u00f6n\u00fcnde kur\u015funlanmas\u0131<\/p>\n<p>Yak\u0131n T\u00fcrk tarihi seyri i\u00e7inde \u00f6nemli bir hadisedir<\/p>\n<p>Ama unutulup gitti.<\/p>\n<p>Olay<\/p>\n<p>Herkesin bildi\u011fi \u201cs\u0131r\u201d olarak kalmaya devam ediyor.<\/p>\n<p>&nbsp;<\/p>\n<p>Rahmetli \u00d6zal\u2019\u0131n<\/p>\n<p>\u0130\u015fadamlar\u0131n\u0131 u\u00e7a\u011f\u0131na al\u0131p yurtd\u0131\u015f\u0131nag\u00f6t\u00fcrmesi..ihracat\u0131n artmas\u0131 vs. ayr\u0131ca incelenmesi gereken \u00f6nemli icraatlar\u0131d\u0131r<\/p>\n<ol>\n<li><\/li>\n<\/ol>\n<p>&nbsp;<\/p>\n<p><span style=\"color: #0000ff\">\u0130NG\u0130L\u0130Z S\u00d6M\u00dcRGE B\u00dcROKRAS\u0130S\u0130\u00a0<\/span><\/p>\n<p>Ancak Rahmetli \u00d6zal<\/p>\n<p>Bir yandan yukar\u0131da anlatt\u0131\u011f\u0131m<\/p>\n<p>Yani i\u015fin karanl\u0131k y\u00fcz\u00fc ile m\u00fccadele ederken<\/p>\n<p>Di\u011fer yandan<\/p>\n<p>\u00dclkemizin kalk\u0131nmamas\u0131 i\u00e7in<\/p>\n<p>\u0130ngilizlerin s\u00f6m\u00fcrge \u00fclkelerinde uygulad\u0131klar\u0131 hantal b\u00fcrokrasiyi bitirmesi gerekti\u011fine inan\u0131yordu.<\/p>\n<p>&nbsp;<\/p>\n<p>Mevzuya a\u00e7\u0131kl\u0131k getirmesi i\u00e7in<\/p>\n<p>Buna da k\u00fc\u00e7\u00fck bir \u00f6rnek vermek istiyorum:<\/p>\n<p>\u00d6zal\u2019dan \u00f6nce s\u00fcr\u00fcc\u00fc belgesi (ehliyet) almak i\u00e7in tam te\u015fek\u00fcll\u00fc devlet hastanesi raporu gerekiyordu.<\/p>\n<p>Bir\u00e7ok ilimizde ihtisas doktorlar\u0131 bulunmad\u0131\u011f\u0131ndan<\/p>\n<p>Ehliyet almak isteyenler kom\u015fu illere ko\u015fturmak zorunda kal\u0131yor..bu da hem masrafl\u0131 hem de uzun bir s\u00fcre al\u0131yordu.<\/p>\n<p>B\u00fcrokrasinin<\/p>\n<p>Bu uygulamas\u0131n\u0131 \u00d6zal gelir gelmez kald\u0131rd\u0131.<\/p>\n<p>Daha bunun gibi<\/p>\n<p>\u0130\u015flerimizi alabildi\u011fine a\u011f\u0131rla\u015ft\u0131ran \u00f6n\u00fcm\u00fczde l\u00f6k gibi duran binlerce uygulamay\u0131 KHK\u2019lerle kald\u0131rd\u0131 ki, saymaya kalksak kitap olur.<\/p>\n<p>&nbsp;<\/p>\n<p><span style=\"color: #0000ff\">NET\u0130CE OLARAK\u2026\u00a0<\/span><\/p>\n<p>E\u011fer \u00d6zal<\/p>\n<p>1983 se\u00e7imlerini kazanmasayd\u0131<\/p>\n<p>Askeri vesayet devam edecek ve bug\u00fcn sahip oldu\u011fumuz maddi-manevi kazan\u0131mlar uzun bir s\u00fcre daha ertelenmi\u015f olacakt\u0131.<\/p>\n<p>\u00d6zal<\/p>\n<p>B\u00fcrokrasiyi bu kadar hafifletmesine ra\u011fmen<\/p>\n<p>\u0130HA-S\u0130HA ve Milli Muharip Sava\u015f U\u00e7a\u011f\u0131 yap\u0131m\u0131na giden yolda<\/p>\n<p>B\u00fcrokratlar\u0131n<\/p>\n<p>Sel\u00e7uk Bayraktar\u2019a neler yapt\u0131\u011f\u0131n\u0131..bir TV program\u0131nda kendi a\u011fz\u0131ndan dinledik. Demek ki, b\u00fcrokrasinin beli k\u0131r\u0131lm\u0131\u015f ama hala direndi\u011fini g\u00f6rd\u00fck.<\/p>\n<p>&nbsp;<\/p>\n<p>Rahmetli \u00d6zal<\/p>\n<p>Bug\u00fcn sahip oldu\u011fumuz<\/p>\n<p>Teknoloji harikas\u0131 silahlar\u0131m\u0131z\u0131n geli\u015fmesine \u00f6nc\u00fcl\u00fck etmi\u015ftir.<\/p>\n<p>Bu yolu<\/p>\n<p>Erbakan Hoca taa 70\u2019li y\u0131llarda koalisyon orta\u011f\u0131 oldu\u011fu<\/p>\n<p>Ve Sanayi Teknoloji Bakanl\u0131\u011f\u0131na dava arkada\u015flar\u0131n\u0131 getirerek 70\u2019li y\u0131llarda a\u00e7t\u0131 ama ileti\u015fim ve ula\u015f\u0131mda devrim yapan \u00d6zal oldu.<\/p>\n<p>&nbsp;<\/p>\n<p><span style=\"color: #0000ff\">12 EYL\u00dcL\u00a0<\/span><\/p>\n<p><span style=\"color: #0000ff\">28 \u015eUBAT\u00a0<\/span><\/p>\n<p>Erbakan Hocam\u0131z\u0131n ba\u015flatt\u0131\u011f\u0131 A\u011f\u0131r Sanayi Hamlesi<\/p>\n<p>12 Eyl\u00fcl ile sonland\u0131r\u0131ld\u0131.<\/p>\n<p>\u00d6zal\u2019\u0131n ba\u015flatt\u0131\u011f\u0131 ileti\u015fim teknolojisi ise 28 \u015eubat ile nihayete erdirildi.<\/p>\n<p>Bu askeri ve postmodern darbelerle<\/p>\n<p>Uluslararas\u0131 \u015febeke ve yerli i\u015fbirlik\u00e7ileri<\/p>\n<p>\u0130\u015fimizi bitirdiklerini sanm\u0131\u015ft\u0131<\/p>\n<p>Ama<\/p>\n<p>Recep Tayyip Erdo\u011fan gibi bir liderin gelip<\/p>\n<p>Hem 12 Eyl\u00fcl\u2019\u00fc hem de 28 \u015eubat\u2019\u0131 g\u00f6mece\u011fini kimse hesap edememi\u015fti.<\/p>\n<p>&nbsp;<\/p>\n<p>94-95-2002 ve 2023<\/p>\n<p>Se\u00e7imleri in\u015fallah gelecek yaz\u0131da\u2026<\/p>\n<p>&nbsp;<\/p>\n<p><span style=\"color: #0000ff\">04.04.2023\u00a0<\/span><\/p>\n<p><span style=\"color: #0000ff\">Emin Batur\u00a0<\/span><\/p>\n<p><span style=\"color: #0000ff\">\u00a0<\/span><\/p>\n<p><span style=\"color: #0000ff\">NOT:\u00a0\u00a0<\/span><\/p>\n<p>Yak\u0131nda f\u0131rlat\u0131lacak olan<\/p>\n<p>6A uydusuna<\/p>\n<p>Bir vefa ni\u015fanesi olarakTurgut \u00d6zal ismi verilmesini bir kadir\u015finasl\u0131k \u00f6rne\u011fi olur diye d\u00fc\u015f\u00fcn\u00fcyorum.<\/p>\n<p>EB<\/p>\n<p>&nbsp;<\/p>\n","protected":false},"excerpt":{"rendered":"<p>&nbsp; Ge\u00e7en yaz\u0131da Cumhuriyet tarihi en \u00f6nemli se\u00e7iminin 1950 se\u00e7imleri oldu\u011funu..ondan \u00f6nceki se\u00e7imlere \u201cse\u00e7im\u201d bile denemeyece\u011fini yazm\u0131\u015ft\u0131m. 1950 se\u00e7imleri ile; Halk jandarma dip\u00e7i\u011finden ve CHP\u2019nin zalim bask\u0131c\u0131 b\u00fcrokrasisinden k\u0131smen de olsa kurtulmu\u015f rahat bir nefes alm\u0131\u015ft\u0131. &nbsp; M\u0130LL\u0130 KODLARA D\u00d6N\u00dc\u015e HAREKET\u0130\u00a0 1973 se\u00e7imleri ise Yok olmakla kar\u015f\u0131 kar\u015f\u0131ya kalm\u0131\u015f m\u00fctedeyyin halk\u0131n, Dirilme..aya\u011fa kalkma Ve Tekrar &hellip;<\/p>\n","protected":false},"author":14,"featured_media":47579,"comment_status":"open","ping_status":"open","sticky":false,"template":"","format":"standard","meta":{"om_disable_all_campaigns":false,"_themeisle_gutenberg_block_has_review":false,"_joinchat":[],"footnotes":""},"categories":[56,38,43],"tags":[],"class_list":["post-45042","post","type-post","status-publish","format-standard","has-post-thumbnail","","category-emin","category-guncel","category-yazarlar"],"_links":{"self":[{"href":"https:\/\/akincilardergisi.com\/tr\/wp-json\/wp\/v2\/posts\/45042","targetHints":{"allow":["GET"]}}],"collection":[{"href":"https:\/\/akincilardergisi.com\/tr\/wp-json\/wp\/v2\/posts"}],"about":[{"href":"https:\/\/akincilardergisi.com\/tr\/wp-json\/wp\/v2\/types\/post"}],"author":[{"embeddable":true,"href":"https:\/\/akincilardergisi.com\/tr\/wp-json\/wp\/v2\/users\/14"}],"replies":[{"embeddable":true,"href":"https:\/\/akincilardergisi.com\/tr\/wp-json\/wp\/v2\/comments?post=45042"}],"version-history":[{"count":0,"href":"https:\/\/akincilardergisi.com\/tr\/wp-json\/wp\/v2\/posts\/45042\/revisions"}],"wp:featuredmedia":[{"embeddable":true,"href":"https:\/\/akincilardergisi.com\/tr\/wp-json\/wp\/v2\/media\/47579"}],"wp:attachment":[{"href":"https:\/\/akincilardergisi.com\/tr\/wp-json\/wp\/v2\/media?parent=45042"}],"wp:term":[{"taxonomy":"category","embeddable":true,"href":"https:\/\/akincilardergisi.com\/tr\/wp-json\/wp\/v2\/categories?post=45042"},{"taxonomy":"post_tag","embeddable":true,"href":"https:\/\/akincilardergisi.com\/tr\/wp-json\/wp\/v2\/tags?post=45042"}],"curies":[{"name":"wp","href":"https:\/\/api.w.org\/{rel}","templated":true}]}}