{"id":44849,"date":"2023-02-28T21:38:15","date_gmt":"2023-02-28T18:38:15","guid":{"rendered":"http:\/\/akincilardergisi.com\/dergi\/?p=44849"},"modified":"2023-11-07T15:55:06","modified_gmt":"2023-11-07T12:55:06","slug":"bu-deprem-amerikada-olsaydi","status":"publish","type":"post","link":"https:\/\/akincilardergisi.com\/tr\/bu-deprem-amerikada-olsaydi\/","title":{"rendered":"BU DEPREM   AMER\u0130KA\u2019DA OLSAYDI\u2026"},"content":{"rendered":"<p>&nbsp;<\/p>\n<p><img decoding=\"async\" src=\"https:\/\/cdnuploads.aa.com.tr\/uploads\/Contents\/2021\/07\/29\/thumbs_b_c_4f58bc36e91747689007774b7c9de896.jpg\" alt=\"ABD'nin Alaska eyaletinde 8.2 b\u00fcy\u00fckl\u00fc\u011f\u00fcnde deprem meydana geldi\" \/><\/p>\n<p>Amerika alt\u0131nda kal\u0131r bocalard\u0131.<\/p>\n<p>\u00c7\u00fcnk\u00fc<\/p>\n<p>Ya\u011fma ve h\u0131rs\u0131zl\u0131\u011f\u0131n \u00f6n\u00fcne ge\u00e7emez silah kullanmak zorunda kal\u0131rd\u0131.<\/p>\n<p>Kimin<\/p>\n<p>Kimi vurduya gitti\u011fi bir ortamda masumlar da vurulaca\u011f\u0131 i\u00e7in<\/p>\n<p>Ac\u0131l\u0131 aileler infial g\u00f6stererek emniyet g\u00fc\u00e7lerine sald\u0131racak<\/p>\n<p>Ve \u00fclkede b\u00fcy\u00fck bir kaos olaca\u011f\u0131ndan devlet alt\u0131nda kal\u0131rd\u0131.<\/p>\n<p>&nbsp;<\/p>\n<p>Nereden biliyorsun?<\/p>\n<p>Birincisi<\/p>\n<p>\u00dclkede birka\u00e7 saat elektrik kesilmesi durumunda meydana gelen ya\u011fma ve h\u0131rs\u0131zl\u0131ktan\u2026<\/p>\n<p>\u0130kincisi de<\/p>\n<p>Amerikan polisinin basit bir olayda bile aciz kal\u0131p<\/p>\n<p>Siyahilere kar\u015f\u0131 kulland\u0131\u011f\u0131 sert y\u00f6ntemlerden biliyorum.<\/p>\n<p>&nbsp;<\/p>\n<p>\u00c7\u0130N\u2019DE OLSAYDI<\/p>\n<p>Kimse<\/p>\n<p>\u201cdevlet nerede?\u201d diye ba\u011f\u0131ramazd\u0131.<\/p>\n<p>Ba\u011f\u0131ran\u0131n aln\u0131n\u0131\u2026<\/p>\n<p>Yard\u0131mlar da gidebildi\u011fi yere kadar\u2026 \u201cSize mi hesap verece\u011fiz!\u201d<\/p>\n<p>&nbsp;<\/p>\n<p>G\u00f6revliler birka\u00e7 g\u00fcn arama-kurtarma \u00e7al\u0131\u015fmalar\u0131na giri\u015fir<\/p>\n<p>Daha sonra i\u015fi uzatmadan y\u0131k\u0131lan binalar\u0131n \u00fczerinden dozerle ge\u00e7er..enkaz\u0131n alt\u0131nda kalanlar\u0131 molozlarla birlikte d\u00fcmd\u00fcz ederdi.<\/p>\n<p>Bu arada<\/p>\n<p>Afet b\u00f6lgesine kimseyi yakla\u015ft\u0131rmaz<\/p>\n<p>Ka\u00e7 ki\u015finin \u00f6ld\u00fc\u011f\u00fc hakk\u0131nda tahminlerin \u00f6tesinde d\u00fcnyada kimsenin bilgisi olmazd\u0131.<\/p>\n<p>&nbsp;<\/p>\n<p>KUZEY KORE\u2019DE OLSAYDI\u2026<\/p>\n<p>\u201cNe depremi?<\/p>\n<p>\u00dclkemizde deprem mepremgibi muz\u0131r \u015feylerin oldu\u011funu kim uyduruyor?<\/p>\n<p>Biraz salland\u0131k o kadar!\u201d<\/p>\n<p>&nbsp;<\/p>\n<p>ALMANYA\u2019DA OLSAYDI<\/p>\n<p>Her \u015feyi kurallar\u0131na g\u00f6re yapmak i\u00e7in u\u011fra\u015f\u0131rken<\/p>\n<p>\u0130nsanlar enkaz alt\u0131nda \u00f6l\u00fcp giderdi.<\/p>\n<p>Nitekim<\/p>\n<p>Kuzey- Ren Vastfalya eyaletinde<\/p>\n<p>Meydana gelen selde 200\u2019e yak\u0131n ki\u015fi \u00f6lm\u00fc\u015f<\/p>\n<p>Ve aradan iki y\u0131l ge\u00e7mesine ra\u011fmen yaralar hala sar\u0131lamam\u0131\u015ft\u0131r. (Kaynak: Almanya yar\u0131 resmi devlet kanal\u0131 DW)<\/p>\n<p>&nbsp;<\/p>\n<p>T\u00dcRK\u0130YE\u2019DE \u0130SE<\/p>\n<p>PAROLA:<\/p>\n<p>\u201cORAYA G\u0130D\u0130YORSUNUZ DE\u011e\u0130L M\u0130?\u201d<\/p>\n<p>Bu parolan\u0131n ne manaya geldi\u011fini anlataca\u011f\u0131m<\/p>\n<p>Ama<\/p>\n<p>\u00d6nce bir durum tespiti yapmam\u0131z laz\u0131m.<\/p>\n<p>&nbsp;<\/p>\n<p>6 \u015eubatta 11 ilimizi etkileyen deprem<\/p>\n<p>Bir nevi k\u0131yamet sahnesiydi.<\/p>\n<p>Tarih b\u00f6yle \u00fcst \u00fcste gelen iki b\u00fcy\u00fck depremi (7.7 ve 7.6) bug\u00fcne kadar kaydetmi\u015f de\u011fil.<\/p>\n<p>Mevsim k\u0131\u015f<\/p>\n<p>Baz\u0131 yerlerde -23\u00ae \u2018yi bulan so\u011fuk bir hava<\/p>\n<p>Alan \u00e7ok geni\u015f\u2026<\/p>\n<p>&nbsp;<\/p>\n<p>Buna ra\u011fmen<\/p>\n<p>D\u00fcnyan\u0131n en b\u00fcy\u00fck felaketine yard\u0131mlar en h\u0131zl\u0131 \u015fekilde ula\u015ft\u0131.<\/p>\n<p>H\u00fckumet yetkilileri 1 saat i\u00e7inde (gece 5\u2019te) bas\u0131n toplant\u0131s\u0131 yapt\u0131.<\/p>\n<p>Saat 09:00 oldu\u011funda ise;<\/p>\n<p>Her bakan kendisine zimmetlenen \u015fehirde g\u00f6revinin ba\u015f\u0131ndayd\u0131.<\/p>\n<p>Bu arada<\/p>\n<p>Depremde y\u0131k\u0131lan her \u015fehir ve il\u00e7e yurdun di\u011fer \u015fehirlerine zimmetlendi.<\/p>\n<p>&nbsp;<\/p>\n<p>Devletin bu kadar \u00e7abuk organize oldu\u011funu g\u00f6ren millet co\u015ftu\u2026<\/p>\n<p>Yolda TIR\u2019lar yar\u0131\u015farak<\/p>\n<p>Ve adeta u\u00e7arak deprem b\u00f6lgesine yeti\u015ftiler.<\/p>\n<p>Bir yabanc\u0131 g\u00f6zlemcinin deyimi ile TIR\u2019lar frensizgidiyordu.<\/p>\n<p>Bir \u00f6rnek:<\/p>\n<p>K\u00f6ye yard\u0131m g\u00f6t\u00fcren helikopter a\u015f\u0131r\u0131 tipi ve kar y\u00fcz\u00fcnden t\u00fcrb\u00fclansa yakalan\u0131yor.<\/p>\n<p>Helikopterin<\/p>\n<p>K\u0131r\u0131ma u\u011framas\u0131 an meselesi iken \u00e7ok zor \u015fartlarda da olsa inebiliyor.<\/p>\n<p>Y\u00fczba\u015f\u0131 gazeteciye sorar:<\/p>\n<ul>\n<li>\u0130yi misin?<\/li>\n<li>Ben iyiyim de Y\u00fczba\u015f\u0131m siz ne yap\u0131yorsunuz? Az daha kanatlar tepeye \u00e7arp\u0131yordu.<\/li>\n<li>D\u00fcnyada bu helikopteri<\/li>\n<\/ul>\n<p>O t\u00fcrb\u00fclans an\u0131nda o araziye indirecek pilot yoktur<\/p>\n<p>Ama biz indirmek zorunday\u0131z..\u00e7\u00fcnk\u00fc yard\u0131ma ihtiyac\u0131 olanlar var!<\/p>\n<p>&nbsp;<\/p>\n<p>GELEL\u0130M PAROLAYA<\/p>\n<p>T\u00fcrkiye\u2019nin her yan\u0131ndan oldu\u011fu gibi Ba\u015fak\u015fehir \u2019den de yard\u0131m i\u00e7in arkada\u015flar\u0131m\u0131z yola \u00e7\u0131km\u0131\u015ft\u0131<\/p>\n<p>Ancak tela\u015fla yola \u00e7\u0131kt\u0131klar\u0131 i\u00e7in<\/p>\n<p>Ankara\u2019y\u0131 ge\u00e7tikten sonra ald\u0131klar\u0131 malzemenin \u00e7ok yetersiz oldu\u011funu g\u00f6r\u00fcp<\/p>\n<p>\u015eerefliko\u00e7hisar\u2019da<\/p>\n<p>Bir nalbura u\u011frayarak arac\u0131 t\u0131ka basa malzeme doldururlar.<\/p>\n<p>Nalbur sorar:<\/p>\n<ul>\n<li>Oraya gidiyorsunuz de\u011fil mi?<\/li>\n<li>Evet day\u0131!<\/li>\n<\/ul>\n<ul>\n<li>O zaman \u00e7orbada bizim de tuzumuz olsun..bu malzemeler benden!<\/li>\n<li>Day\u0131 olmaz k\u00e2r alma tamam..ama hi\u00e7 olmazsamalzemenin geli\u015f fiyat\u0131n\u0131 \u00f6deyelim!<\/li>\n<\/ul>\n<p>B\u00fct\u00fcn \u0131srarlara ra\u011fmen para almad\u0131\u011f\u0131 gibi..ayr\u0131l\u0131rken;<\/p>\n<ul>\n<li>Gen\u00e7ler cebinizde har\u00e7l\u0131\u011f\u0131n\u0131z var m\u0131?<\/li>\n<\/ul>\n<p>Demez mi!?<\/p>\n<p>Birbirimize sar\u0131ld\u0131k, g\u00f6z\u00fcm\u00fcz ya\u015fl\u0131 ayr\u0131ld\u0131k.<\/p>\n<p>&nbsp;<\/p>\n<p>Bu arada<\/p>\n<p>Markete u\u011fray\u0131p kucak dolusu ekmek..paket sandvi\u00e7 ekme\u011fi falan ne varsa bir kucak toplad\u0131k kasada s\u0131raya girdik.<\/p>\n<p>Arkam\u0131zdaki beyefendi:<\/p>\n<ul>\n<li>Oraya gidiyorsunuz de\u011fil mi? L\u00fctfen m\u00fcsaade edin de ben \u00f6deyeyim.<\/li>\n<\/ul>\n<p>&nbsp;<\/p>\n<p>Bunun gibi daha o kadar \u00e7ok \u00f6rnek var ki\u2026<\/p>\n<p>Bat\u0131 \u00fclkelerinde b\u00f6yle bir dayan\u0131\u015fmay\u0131 g\u00f6remezsiniz.<\/p>\n<p>\u201cAlt\u0131nda kal\u0131rlard\u0131..\u201d demem bundand\u0131r.<\/p>\n<p>Mesela,<\/p>\n<p>Alman h\u00fckumeti 2 y\u0131l ge\u00e7mesine ra\u011fmen daha hala yaralar\u0131 saramazken<\/p>\n<p>Bizim h\u00fckumet<\/p>\n<p>Bu b\u00fcy\u00fck felaketin 18. G\u00fcn\u00fcnde depremzedeler i\u00e7in konutlar\u0131n ilk temelini atabiliyor.<\/p>\n<p>Bu h\u0131zla giderse<\/p>\n<p>\u0130nan\u0131yorum ki, deprem b\u00f6lgesi umdu\u011fumuzdan da daha h\u0131zl\u0131 toparlanacak.<\/p>\n<p>Yeter ki,<\/p>\n<p>Bozgunculara f\u0131rsat verilmesin.<\/p>\n<p>&nbsp;<\/p>\n<p>Milletimiz sa\u011f olsun..devletimiz var olsun!<\/p>\n<p>&nbsp;<\/p>\n<p>28.02.2023<\/p>\n<p>Emin Batur<\/p>\n","protected":false},"excerpt":{"rendered":"<p>&nbsp; Amerika alt\u0131nda kal\u0131r bocalard\u0131. \u00c7\u00fcnk\u00fc Ya\u011fma ve h\u0131rs\u0131zl\u0131\u011f\u0131n \u00f6n\u00fcne ge\u00e7emez silah kullanmak zorunda kal\u0131rd\u0131. Kimin Kimi vurduya gitti\u011fi bir ortamda masumlar da vurulaca\u011f\u0131 i\u00e7in Ac\u0131l\u0131 aileler infial g\u00f6stererek emniyet g\u00fc\u00e7lerine sald\u0131racak Ve \u00fclkede b\u00fcy\u00fck bir kaos olaca\u011f\u0131ndan devlet alt\u0131nda kal\u0131rd\u0131. &nbsp; Nereden biliyorsun? Birincisi \u00dclkede birka\u00e7 saat elektrik kesilmesi durumunda meydana gelen ya\u011fma ve &hellip;<\/p>\n","protected":false},"author":14,"featured_media":47574,"comment_status":"open","ping_status":"open","sticky":false,"template":"","format":"standard","meta":{"om_disable_all_campaigns":false,"_themeisle_gutenberg_block_has_review":false,"_joinchat":[],"footnotes":""},"categories":[56,38,43],"tags":[],"class_list":["post-44849","post","type-post","status-publish","format-standard","has-post-thumbnail","","category-emin","category-guncel","category-yazarlar"],"_links":{"self":[{"href":"https:\/\/akincilardergisi.com\/tr\/wp-json\/wp\/v2\/posts\/44849","targetHints":{"allow":["GET"]}}],"collection":[{"href":"https:\/\/akincilardergisi.com\/tr\/wp-json\/wp\/v2\/posts"}],"about":[{"href":"https:\/\/akincilardergisi.com\/tr\/wp-json\/wp\/v2\/types\/post"}],"author":[{"embeddable":true,"href":"https:\/\/akincilardergisi.com\/tr\/wp-json\/wp\/v2\/users\/14"}],"replies":[{"embeddable":true,"href":"https:\/\/akincilardergisi.com\/tr\/wp-json\/wp\/v2\/comments?post=44849"}],"version-history":[{"count":0,"href":"https:\/\/akincilardergisi.com\/tr\/wp-json\/wp\/v2\/posts\/44849\/revisions"}],"wp:featuredmedia":[{"embeddable":true,"href":"https:\/\/akincilardergisi.com\/tr\/wp-json\/wp\/v2\/media\/47574"}],"wp:attachment":[{"href":"https:\/\/akincilardergisi.com\/tr\/wp-json\/wp\/v2\/media?parent=44849"}],"wp:term":[{"taxonomy":"category","embeddable":true,"href":"https:\/\/akincilardergisi.com\/tr\/wp-json\/wp\/v2\/categories?post=44849"},{"taxonomy":"post_tag","embeddable":true,"href":"https:\/\/akincilardergisi.com\/tr\/wp-json\/wp\/v2\/tags?post=44849"}],"curies":[{"name":"wp","href":"https:\/\/api.w.org\/{rel}","templated":true}]}}