{"id":44769,"date":"2023-02-14T00:49:31","date_gmt":"2023-02-13T21:49:31","guid":{"rendered":"http:\/\/akincilardergisi.com\/dergi\/?p=44769"},"modified":"2023-11-07T15:55:07","modified_gmt":"2023-11-07T12:55:07","slug":"siz-hala-konusacak-misiniz","status":"publish","type":"post","link":"https:\/\/akincilardergisi.com\/tr\/siz-hala-konusacak-misiniz\/","title":{"rendered":"S\u0130Z H\u00c2LA KONU\u015eACAK MISINIZ?"},"content":{"rendered":"<p>&nbsp;<\/p>\n<p><img decoding=\"async\" src=\"https:\/\/pbs.twimg.com\/media\/Fo2r_pfaMAAJGCJ?format=jpg&amp;name=small\" alt=\"Resim\" \/><\/p>\n<p>Bekliyordum ki,<\/p>\n<p>Ortaya \u00e7\u0131kan bu deprem felaketinden sonra<\/p>\n<p>\u00d6z\u00fcr dileyip;<\/p>\n<p>\u201cEvet,<\/p>\n<p>Biz 2003 y\u0131l\u0131nda TOK\u0130\u2019nin ba\u015flatt\u0131\u011f\u0131<\/p>\n<p>Y\u0131lda 100.000 konut yapma projesine kar\u015f\u0131 \u00e7\u0131kmakla hata ettik\u201d diyecekler.<\/p>\n<p>Veya<\/p>\n<p>\u201cTOK\u0130\u2019nin projeleri estetik olmayabilir ama can\u0131 ve mal\u0131 koruyormu\u015f\u201d demelerini beklerdim.<\/p>\n<p>&nbsp;<\/p>\n<p>Ama bunlar ne yapt\u0131?<\/p>\n<p>Daha ilk g\u00fcnden tezvirata ba\u015flad\u0131lar. Yetmedi yalana sar\u0131ld\u0131lar. \u201cTOK\u0130 konutlar\u0131 da y\u0131k\u0131lanlar aras\u0131nda diye duyum ald\u0131k\u201d dediler.<\/p>\n<p>Lafa bakar m\u0131s\u0131n\u0131z? \u201cduyum\u201d<\/p>\n<p>\u0130nsanlar\u0131n deprem \u015fokunu atlatamad\u0131klar\u0131 bir zamanda<\/p>\n<p>Ve<\/p>\n<p>B\u00f6lgede yap\u0131lan 133 bin k\u00fcsur konutta y\u00fczbinlerce insan oturuyorken b\u00f6yle \u015feyler yaz\u0131yorlar. \u00dcstelik s\u00f6yledikleri \u015feyler yalan. Tam bir 5. Kol faaliyet.<\/p>\n<p>&nbsp;<\/p>\n<p>\u201cKENTSEL D\u00d6N\u00dc\u015e\u00dcM RANTSAL D\u00d6N\u00dc\u015e\u00dcM\u201d<\/p>\n<p>Yine Akparti h\u00fckumetinin ba\u015flatt\u0131\u011f\u0131<\/p>\n<p>Depreme kar\u015f\u0131 \u00e7ok \u00f6nemli bir \u00f6nlem olan Kentsel D\u00f6n\u00fc\u015f\u00fcm uygulamas\u0131n\u0131 dillerine dolayarak sabah ak\u015fam \u201cRantsal D\u00f6n\u00fc\u015f\u00fcm\u201d dediler.<\/p>\n<p>Her \u00e7\u0131kan kanun ve uygulaman\u0131n<\/p>\n<p>Elbette ki,<\/p>\n<p>Eksi\u011fi kusuru olacak ama Kentsel D\u00f6n\u00fc\u015f\u00fcm temelde eski binalar\u0131n yenilenmesi i\u00e7in \u00e7ok \u00f6nemli bir uygulama\u2026<\/p>\n<p>Ve h\u00fckumet vatanda\u015f\u0131 bir\u00e7ok vergi ve har\u00e7tan muaf tutarak..\u00fcstelik ta\u015f\u0131nma veya faizsiz kredi vererek istedi ki bu \u00e7\u00fcr\u00fck yap\u0131lar yenilensin<\/p>\n<p>Ama buna da bir kulp takarak insanlar\u0131 so\u011futtular.<\/p>\n<p>\u015eimdi enkaz alt\u0131nda kalan bu insanlar i\u00e7in vicdan azab\u0131 duyuyorlar m\u0131? Sanm\u0131yorum.<\/p>\n<p>\u00c7\u00fcnk\u00fc kald\u0131klar\u0131 yerden aynen devam ettiklerini g\u00f6r\u00fcyorum.<\/p>\n<p>&nbsp;<\/p>\n<p>KENTSEL D\u00d6N\u00dc\u015e\u00dcME B\u0130R \u00d6RNEK<\/p>\n<p>De\u011ferli dostum karde\u015fim Kadir \u00d6zdemir (TEKDER 3. D\u00f6nem ba\u015fkan\u0131) Elbistanl\u0131d\u0131r.<\/p>\n<p>Depremin merkez \u00fcss\u00fc Elbistan Ahmet Karacabey caddesinde bir bina yapt\u0131.<\/p>\n<p>Depremden sonra<\/p>\n<p>Bana yapt\u0131\u011f\u0131 binan\u0131n foto\u011fraf\u0131n\u0131 g\u00f6nderdi.<\/p>\n<p>Elbistan\u2019\u0131n en kalabal\u0131k caddelerinden biri olan Ahmet Karacabey caddesinde ayakta tek bina kalmam\u0131\u015fken..kendi yapt\u0131\u011f\u0131 bu binan\u0131n camlar\u0131 bile k\u0131r\u0131lmam\u0131\u015f sapasa\u011flam ayakta duruyor.<\/p>\n<p>Yani<\/p>\n<p>Kentsel d\u00f6n\u00fc\u015f\u00fcm projeleri \u00e7okbilmi\u015fler taraf\u0131ndan karalanmasayd\u0131..bug\u00fcn 10 ilde ya\u015fad\u0131\u011f\u0131m\u0131z faciay\u0131 \u00e7ok daha az bir zayiatla atlatabilirdik.<\/p>\n<p>&nbsp;<\/p>\n<p>ULA\u015eIM.. ULA\u015eIM.. ULA\u015eIM<\/p>\n<p>\u201cASFALTA EKME\u011e\u0130M\u0130Z\u0130 M\u0130 BANACAAZ?\u201d<\/p>\n<p>Bu depremde de g\u00f6rd\u00fck ki,<\/p>\n<p>Depremden sonra afetzedelere ula\u015fmak i\u00e7in<\/p>\n<p>En \u00f6nemli fakt\u00f6r zaman ve ula\u015f\u0131m ili\u015fkisidir.<\/p>\n<p>Deprem mahalline 1 saat \u00f6nce ula\u015fman\u0131z halinde bile bir\u00e7ok can kurtarabilirsiniz.<\/p>\n<p>&nbsp;<\/p>\n<p>Bunun i\u00e7in h\u00fckumet<\/p>\n<p>Cumhuriyet tarihinin en b\u00fcy\u00fck ula\u015f\u0131m projelerini ba\u015flatm\u0131\u015fken<\/p>\n<p>Malum zevat yine yaygara yapmaya ba\u015flam\u0131\u015ft\u0131.<\/p>\n<p>\u201cAsfalta ekme\u011fimizi mi banacaaz?\u201d<\/p>\n<p>Yani<\/p>\n<p>Yap\u0131lan kaymak gibi yollar i\u00e7in yine demediklerini b\u0131rakmad\u0131lar.<\/p>\n<p>Bug\u00fcn g\u00f6rd\u00fck ki,<\/p>\n<p>O yollar bile yetersizmi\u015f.<\/p>\n<p>&nbsp;<\/p>\n<p>\u00c7\u00fcnk\u00fc<\/p>\n<p>Yap\u0131lan bu kadardubleyol ve otoyollara ra\u011fmen<\/p>\n<p>T\u00fcrkiye\u2019nin her taraf\u0131ndan deprem b\u00f6lgesine do\u011fru yola \u00e7\u0131kan yard\u0131m konvoylar\u0131na o yollar yetmedi.<\/p>\n<p>Deprem b\u00f6lgesinden<\/p>\n<p>Tahliye edileceklere de yetmedi.<\/p>\n<p>Peki, bu malum zatlar<\/p>\n<p>Bu yollar\u0131n yap\u0131lmas\u0131na kar\u015f\u0131 \u00e7\u0131kt\u0131klar\u0131 i\u00e7in de \u00f6z\u00fcr dilediler mi? Hay\u0131r!<\/p>\n<p>Tam aksine\u2026<\/p>\n<p>&nbsp;<\/p>\n<p>\u0130STANBUL HAVAL\u0130MANI\u2019NI<\/p>\n<p>MERKEZE TA\u015eIMAK \u0130ST\u0130YORLAR<\/p>\n<p>Tam aksine,<\/p>\n<p>Yap\u0131lan yeni havalimanlar\u0131na kar\u015f\u0131 olduklar\u0131 gibi,<\/p>\n<p>\u0130stanbul Havaliman\u0131\u2019n\u0131 tekrar merkeze.. Ye\u015filk\u00f6y\u2019e ta\u015f\u0131mak istiyorlar.<\/p>\n<p>Sanki<\/p>\n<p>\u0130stanbul deprem b\u00f6lgesi de\u011filmi\u015f gibi.<\/p>\n<p>&nbsp;<\/p>\n<p>\u0130\u015eLER\u0130 G\u00dc\u00c7LER\u0130 \u015eOV!<\/p>\n<p>Bunlar<\/p>\n<p>Ula\u015f\u0131m i\u00e7in yap\u0131lan yol ve havalimanlar\u0131na kar\u015f\u0131lar..<\/p>\n<p>Kentsel d\u00f6n\u00fc\u015f\u00fcme rantsal d\u00f6n\u00fc\u015f\u00fcm diyerek kar\u015f\u0131 \u00e7\u0131k\u0131yorlar..<\/p>\n<p>TOK\u0130\u2019nin depreme dayan\u0131kl\u0131 konut yapmas\u0131na da kar\u015f\u0131lar..<\/p>\n<p>Bu arada<\/p>\n<p>Ellerindeki K\u0130PTA\u015e\u2019\u0131kad\u00fck hale getirerek<\/p>\n<p>Bir mahalle m\u00fctahidine indirgediler.<\/p>\n<p>Peki,<\/p>\n<p>Ne yap\u0131yorlar dersiniz?<\/p>\n<p>\u015eov..yalan ve iftira.<\/p>\n<p>&nbsp;<\/p>\n<p>Daha hastaneye yol yapamayan \u0130stanbul Belediyesi<\/p>\n<p>Yanan \u0130skenderun liman\u0131na 1 adet itfaiye arac\u0131 g\u00f6ndermi\u015f..arkas\u0131ndan da bir tane drone g\u00f6ndererek resim \u00e7ekiyor. Sosyal medyadada \u201cLimandaki yang\u0131n\u0131 biz s\u00f6nd\u00fcrd\u00fck!\u201d diye reklam yap\u0131yor.<\/p>\n<p>Koca liman\u0131 bir itfaiye arac\u0131 ile s\u00f6nd\u00fcrm\u00fc\u015f (!)<\/p>\n<p>&nbsp;<\/p>\n<p>Bir di\u011feri<\/p>\n<p>Hatay Havaliman\u0131\u2019ndaki tamirattan \u00e7\u0131kan molozu d\u00f6kmek i\u00e7in 5 tane kamyon g\u00f6ndermi\u015f. \u201cHavaliman\u0131 pistini biz yapt\u0131k\u201d diyor.<\/p>\n<p>Buna da m\u00fcntesipleri inan\u0131yor.<\/p>\n<p>&nbsp;<\/p>\n<p>Di\u011fer yandan<\/p>\n<p>Liderleri K\u0131l\u0131\u00e7daro\u011flu \u201cPisti yapt\u0131k..isterseniz gelin tutuklay\u0131n!\u201d diye naralan\u0131yor.<\/p>\n<p>\u015eimdi bunun neresini d\u00fczelteceksiniz?<\/p>\n<p>\u201cBelediye pist tamir edebilir mi? \u00d6yle bir teknolojisi var m\u0131?<\/p>\n<p>Veya<\/p>\n<p>Bir adet itfaiye arac\u0131 koca liman yang\u0131n\u0131n\u0131 s\u00f6nd\u00fcrebilir mi? \u201c diye soran olmayaca\u011f\u0131n\u0131 san\u0131yorlar.<\/p>\n<p>&nbsp;<\/p>\n<p>Netice-i kelam.<\/p>\n<p>E\u011fer biz de bunlara f\u0131rsat verirsek..ellerinden \u00e7ekece\u011fimiz var.<\/p>\n<p>Nitekim<\/p>\n<p>1999 y\u0131l\u0131nda iktidar bunlarda oldu\u011funda<\/p>\n<p>B\u00fcy\u00fck Marmara Depremi ya\u015fanm\u0131\u015f<\/p>\n<p>Ve ne rezillikler ya\u015fand\u0131\u011f\u0131n\u0131 o g\u00fcnleri ya\u015fayanlar gayet iyi biliyor.<\/p>\n<p>H\u00fckumetin ba\u015f\u0131 bakanlar\u0131na ula\u015famam\u0131\u015f<\/p>\n<p>Deprem mahalline ancak 3 g\u00fcn sonra gidebilmi\u015flerdi. \u00dcstelik mevsim yazd\u0131.<\/p>\n<p>\u015eimdi ise,<\/p>\n<p>A\u011f\u0131r k\u0131\u015f \u015fartlar\u0131na ra\u011fmen<\/p>\n<p>Her ile 1-2 bakan<\/p>\n<p>Ve her il ve il\u00e7e bir ba\u015fka ile zimmetlenerek kontrol sa\u011flanmaya \u00e7al\u0131\u015f\u0131ld\u0131.<\/p>\n<p>Milletimiz de<\/p>\n<p>Canla ba\u015fla yard\u0131m i\u00e7in ko\u015fturdu.<\/p>\n<p>Allah<\/p>\n<p>B\u00f6lgede g\u00f6rev yapan.. g\u00f6n\u00fcll\u00fc \u00e7al\u0131\u015fan..karde\u015finin yaras\u0131na merhem olmak i\u00e7in \u00e7\u0131rp\u0131nan herkesten raz\u0131 olsun.<\/p>\n<p>&nbsp;<\/p>\n<p>14.02.2023<\/p>\n<p>Emin Batur<\/p>\n<p>&nbsp;<\/p>\n<p>&nbsp;<\/p>\n<p>&nbsp;<\/p>\n<p>&nbsp;<\/p>\n","protected":false},"excerpt":{"rendered":"<p>&nbsp; Bekliyordum ki, Ortaya \u00e7\u0131kan bu deprem felaketinden sonra \u00d6z\u00fcr dileyip; \u201cEvet, Biz 2003 y\u0131l\u0131nda TOK\u0130\u2019nin ba\u015flatt\u0131\u011f\u0131 Y\u0131lda 100.000 konut yapma projesine kar\u015f\u0131 \u00e7\u0131kmakla hata ettik\u201d diyecekler. Veya \u201cTOK\u0130\u2019nin projeleri estetik olmayabilir ama can\u0131 ve mal\u0131 koruyormu\u015f\u201d demelerini beklerdim. &nbsp; Ama bunlar ne yapt\u0131? Daha ilk g\u00fcnden tezvirata ba\u015flad\u0131lar. Yetmedi yalana sar\u0131ld\u0131lar. \u201cTOK\u0130 konutlar\u0131 da &hellip;<\/p>\n","protected":false},"author":14,"featured_media":47572,"comment_status":"open","ping_status":"open","sticky":false,"template":"","format":"standard","meta":{"om_disable_all_campaigns":false,"_themeisle_gutenberg_block_has_review":false,"_joinchat":[],"footnotes":""},"categories":[56,38,43],"tags":[],"class_list":["post-44769","post","type-post","status-publish","format-standard","has-post-thumbnail","","category-emin","category-guncel","category-yazarlar"],"_links":{"self":[{"href":"https:\/\/akincilardergisi.com\/tr\/wp-json\/wp\/v2\/posts\/44769","targetHints":{"allow":["GET"]}}],"collection":[{"href":"https:\/\/akincilardergisi.com\/tr\/wp-json\/wp\/v2\/posts"}],"about":[{"href":"https:\/\/akincilardergisi.com\/tr\/wp-json\/wp\/v2\/types\/post"}],"author":[{"embeddable":true,"href":"https:\/\/akincilardergisi.com\/tr\/wp-json\/wp\/v2\/users\/14"}],"replies":[{"embeddable":true,"href":"https:\/\/akincilardergisi.com\/tr\/wp-json\/wp\/v2\/comments?post=44769"}],"version-history":[{"count":0,"href":"https:\/\/akincilardergisi.com\/tr\/wp-json\/wp\/v2\/posts\/44769\/revisions"}],"wp:featuredmedia":[{"embeddable":true,"href":"https:\/\/akincilardergisi.com\/tr\/wp-json\/wp\/v2\/media\/47572"}],"wp:attachment":[{"href":"https:\/\/akincilardergisi.com\/tr\/wp-json\/wp\/v2\/media?parent=44769"}],"wp:term":[{"taxonomy":"category","embeddable":true,"href":"https:\/\/akincilardergisi.com\/tr\/wp-json\/wp\/v2\/categories?post=44769"},{"taxonomy":"post_tag","embeddable":true,"href":"https:\/\/akincilardergisi.com\/tr\/wp-json\/wp\/v2\/tags?post=44769"}],"curies":[{"name":"wp","href":"https:\/\/api.w.org\/{rel}","templated":true}]}}