{"id":44605,"date":"2023-01-02T17:08:15","date_gmt":"2023-01-02T14:08:15","guid":{"rendered":"http:\/\/akincilardergisi.com\/dergi\/?p=44605"},"modified":"2023-11-07T15:55:09","modified_gmt":"2023-11-07T12:55:09","slug":"bay-muhalif","status":"publish","type":"post","link":"https:\/\/akincilardergisi.com\/tr\/bay-muhalif\/","title":{"rendered":"BAY MUHAL\u0130F\u2026"},"content":{"rendered":"<p><img decoding=\"async\" src=\"https:\/\/www.muhalif.com.tr\/images\/muhalif-logo-share.png\" alt=\"Muhalif - Son Dakika - G\u00fcndem - Haber - K\u00f6\u015fe Yaz\u0131s\u0131 - Magazin\" \/><\/p>\n<ul>\n<li>E, Hadi g\u00f6z\u00fcn ayd\u0131n EYT mevzusunda istedi\u011fin oldu emekli oldun!<\/li>\n<li>H\u0131h.. Tayyip oy toplamaya \u00e7al\u0131\u015f\u0131yor! Zaten biz olmasak Tayyip bunu \u00e7\u0131karmazd\u0131. As\u0131l K\u0131l\u0131\u00e7daro\u011flu ile Meral Han\u0131m\u2019a te\u015fekk\u00fcr etmeli..bir de Ecevit\u2019e\u2026 Bunlar hep onun projeleri.<\/li>\n<li>Ya hu Ecevit memur maa\u015flar\u0131n\u0131 \u00f6deyemiyordu! IMF\u2019den 1 milyar $ bor\u00e7 s\u00f6z\u00fc ald\u0131\u011f\u0131 zaman sevincinden u\u00e7uyordu. Nerede kald\u0131 EYT\u2019lilere \u00e7\u00f6z\u00fcm bulmak!?<\/li>\n<\/ul>\n<p>Ama<\/p>\n<p>Hadi diyelim ki, EYT Ecevit\u2019in projesi..Karadeniz\u2019de ke\u015ffetti\u011fimizdo\u011falgaza.. Gabar\u2019da buldu\u011fumuz petrole ne diyeceksin? O da m\u0131 Ecevit\u2019in projesi? Onda da m\u0131 K\u0131l\u0131\u00e7daro\u011flu ile Maral Han\u0131m s\u0131k\u0131\u015ft\u0131rd\u0131 da gaz ke\u015ffedildi?<\/p>\n<ul>\n<li>Bir defa bu bir ke\u015fif de\u011fil..Bulu\u015f! Do\u011falgaz zaten orada duruyordu Tayyip buldu.<\/li>\n<li>Tamam! Her ne ise;<\/li>\n<\/ul>\n<p>Buldu\u011fumuz do\u011falgaz \u00fclkemize 1 Trilyon dolar kazand\u0131rd\u0131 ya! Buna ne diyeceksin?<\/p>\n<ul>\n<li>Yapt\u0131\u011f\u0131 masraflar\u0131 hesap etmiyorsun ama\u2026 400 milyar dolar masraf etti bu do\u011falgaz i\u00e7in.<\/li>\n<li>\u0130lk yat\u0131r\u0131m maliyeti i\u00e7in belki bu masraf gereklidir ama ondan sonra bu masraf olmayacak.<\/li>\n<\/ul>\n<p>Ayr\u0131ca<\/p>\n<p>400 milyar dolar de\u011fildir. \u00c7\u00fcnk\u00fc gemilere \u00f6denen para yakla\u015f\u0131k 1 milyar dolar.<\/p>\n<p>Kald\u0131 ki,<\/p>\n<p>Dedi\u011fin gibi olsa bile 600 milyar dolar k\u00e2r kal\u0131yor..buaz para m\u0131? Senin yere g\u00f6\u011fe s\u0131\u011fd\u0131ramad\u0131\u011f\u0131n Ecevit IMF\u2019den 1 milyar $ bor\u00e7 ald\u0131\u011f\u0131 zaman sevincinden havaya z\u0131pl\u0131yordu. \u015eimdi 600 milyar $ bor\u00e7 de\u011fil..kendi \u00f6z kayna\u011f\u0131m\u0131z!<\/p>\n<ul>\n<li>Bu kadar abartma do\u011falgaz dedi\u011fin \u015feyin yar\u0131s\u0131 k\u00fck\u00fcrt!<\/li>\n<li>Olabilir! Do\u011falgaz\u0131n saf olarak \u00e7\u0131kt\u0131\u011f\u0131 yer mi var? FilyosLiman\u0131\u2019n\u0131nda ayr\u0131\u015ft\u0131r\u0131l\u0131p evlerimize verilecek. \u0130nsan biraz sevinir ya hu!Hem art\u0131k 100 y\u0131ll\u0131k hayalimiz olan milli arabam\u0131z TOGG ile dola\u015fabilece\u011fiz. Gabar\u2019da petrol bulduk, \u0130nsans\u0131z sava\u015f u\u00e7a\u011f\u0131m\u0131z g\u00f6klerde\u2026<\/li>\n<li>Ne arabas\u0131 yaa!.. Bunun fabrikas\u0131 nerde?<\/li>\n<li>Nah \u015furada i\u015fte! Gemlikte\u2026 Araba da i\u015fte sergide \u00f6n\u00fcnde duruyor.<\/li>\n<\/ul>\n<ul>\n<li>Du bakay\u0131m! Ger\u00e7ekten bu arabay\u0131 biz mi yapt\u0131k?<\/li>\n<li>Evet!<\/li>\n<li>Anaaa! Bu araban\u0131n motoru yok. Ya karde\u015fim biz hayatta bi \u015feyi tam olarak beceremeyiz..arabay\u0131 yapt\u0131k ama motoru yok. Ben Cemal G\u00fcrsel gibi yetkili biri olsam kald\u0131r\u0131p bunu da depoya atard\u0131m.<\/li>\n<li>Ya hu bu araba elektrikli\u2026 Bunda motor olmaz g\u00fcr\u00fclt\u00fc olmaz ya\u011f gibi kay\u0131p gidecek. Bunda pil olur pil!<\/li>\n<li>Hani nerde? Ben bir \u015fey g\u00f6remiyorum!<\/li>\n<\/ul>\n<ul>\n<li>\u015eurada! \u015easenin \u00fcst\u00fcnde 2 seksen yat\u0131yor ya!<\/li>\n<li>Anaaa! Ger\u00e7ekten de buradaym\u0131\u015f\u2026 \u0130yi de karde\u015fim bu arabaya asgari \u00fccretli nas\u0131l binecek?<\/li>\n<li>Asgari \u00fccretli bug\u00fcne kadar Mercedes\u2019e nas\u0131l biniyor idiyse buna da \u00f6yle binecek!<\/li>\n<li>Ya karde\u015fim kafa m\u0131 buluyorsun benimle!<\/li>\n<li>Ama \u00f6nce sen ba\u015flatt\u0131n!<\/li>\n<\/ul>\n<ul>\n<li>Neyse neyse bu asgari \u00fccretlinin durumu ne olacak? Tayyip onu da d\u00fc\u015f\u00fcnd\u00fc m\u00fc?<\/li>\n<li>Sence asgari \u00fccret ne kadar olmal\u0131?<\/li>\n<li>En az 7.000 lira olmal\u0131.<\/li>\n<li>Asgari \u00fccret 8.250 lira oldu.<\/li>\n<li>!!!!!!<\/li>\n<\/ul>\n<ul>\n<li>Ne oldu beklemiyordun de\u011fil mi? Bu arada \u0130nsans\u0131z sava\u015f u\u00e7a\u011f\u0131m\u0131za ne diyeceksin bakal\u0131m?<\/li>\n<li>\u0130nsans\u0131z sava\u015f u\u00e7a\u011f\u0131n\u0131n da ar\u0131za an\u0131nda pilot f\u0131rlatma koltu\u011fu yokmu\u015f\u2026<\/li>\n<li>!!!!!!<\/li>\n<li>Ne oldu? Cevab\u0131n yok de\u011fil miii?<\/li>\n<li>Be adam \u201c\u0130nsans\u0131z Sava\u015f U\u00e7a\u011f\u0131\u201d diyorum sen pilot f\u0131rlatma koltu\u011fundan bahsediyorsun.<\/li>\n<\/ul>\n<p>Neyse!<\/p>\n<p>Bu teknik konular\u0131 b\u0131rakal\u0131m..seninv\u00fcs\u2019at\u0131n bu mevzular\u0131 anlamaya m\u00fcsait de\u011fil.<\/p>\n<p>\u015eimdi kalk\u0131p sana,<\/p>\n<p>T\u00fcrkiye\u2019nin en b\u00fcy\u00fck toplu konut projesi ba\u015flat\u0131ld\u0131 desem<\/p>\n<p>\u201cTayyip AKP\u2019li m\u00fctahitleri zengin ediyor..\u201d diyeceksin<\/p>\n<p>\u201cH\u0131zl\u0131 Tren Sivas\u2019a ula\u015ft\u0131\u011f\u0131nda<\/p>\n<p>H\u0131zl\u0131 trenlerde d\u00fcnyan\u0131n 4. \u00dclkesi olaca\u011f\u0131z \u201c desem<\/p>\n<p>\u201cH\u0131zl\u0131 tren Sivas\u2019tan g\u00f6\u00e7\u00fc h\u0131zland\u0131racak\u201d diyeceksin<\/p>\n<p>Karaba\u011f\u2019da ezan<\/p>\n<p>Taksim\u2019de ezan<\/p>\n<p>Ayasofya\u2019da namaz<\/p>\n<p>Kapal\u0131 Mara\u015f\u2019\u0131n a\u00e7\u0131lmas\u0131<\/p>\n<p>Tah\u0131l koridoru<\/p>\n<p>Do\u011falgazda merkez olmam\u0131z<\/p>\n<p>Rusya-Ukrayna sava\u015f\u0131nda hakem olmam\u0131z ve d\u00fcnya siyaset merkezini \u00fclkemize \u00e7ekmemizden<\/p>\n<p>N\u00fckleer santrallerden<\/p>\n<p>Silah \u00fcretmemizden<\/p>\n<p>Vs. vs. vs. den bahsedecektim ama gerek yok. Nas\u0131l olsa hepsine bir kulp bulaca\u011f\u0131n i\u00e7in vaz ge\u00e7tim.<\/p>\n<p>\u015eimdi<\/p>\n<p>S\u00f6yle bakal\u0131m..ba\u015fka\u00e7\u00f6z\u00fclmeyen bir sorunun kald\u0131 m\u0131?<\/p>\n<ul>\n<li>Suriyeliler?<\/li>\n<li>Ne yapal\u0131m Suriyelileri?<\/li>\n<li>Tayyip sanki dedi\u011fimi yapacak?<\/li>\n<li>Sen s\u00f6yle ben ileteyim. Olur ki, seni dinler.<\/li>\n<li>\u015eu anda mikrofon a\u00e7\u0131k m\u0131?<\/li>\n<\/ul>\n<ul>\n<li>A\u00e7\u0131k!<\/li>\n<li>Suriyeliler gitsiiiin! Onlar\u0131 istemiyoruuuuz..bu kadar misafirlik yeter be karde\u015fim!<\/li>\n<li>Tamam\u2026 Bunu aynen Cumhurba\u015fkan\u0131m\u0131za iletece\u011fim!<\/li>\n<li>Aman g\u00f6z\u00fcn\u00fc seveyim sak\u0131n!!!<\/li>\n<li>Nas\u0131l yani?<\/li>\n<\/ul>\n<ul>\n<li>Cumhurba\u015fkan\u0131m\u0131za sak\u0131n b\u00f6yle bir \u015fey s\u00f6yleme!<\/li>\n<li>Az \u00f6nce mikrofona ba\u011f\u0131ra ba\u011f\u0131ra s\u00f6yledin ya!<\/li>\n<li>O mikrofondaki sesim. Bizim mahalle beni yine b\u00f6yle bilsin<\/li>\n<\/ul>\n<p>Ama<\/p>\n<p>Bu Suriyeliler giderse at\u00f6lyemde \u00e7al\u0131\u015facak adam bulamam.<\/p>\n<p>Bazen eleman ar\u0131yorum<\/p>\n<p>Da,<\/p>\n<p>Bir Allah\u2019\u0131n kulu \u00e7\u0131k\u0131p m\u00fcracaat etmiyor. Gelenler de \u00f6yle \u015fartlar \u00f6ne s\u00fcr\u00fcyor ki, sanki saraydan \u00e7\u0131k\u0131p gelmi\u015f. Savup g\u00f6nderiyorum.. \u00c7\u00fcnk\u00fc isteklerinden na\u015fi tepem at\u0131yor.<\/p>\n<p>Suriyeli ve di\u011fer m\u00fclteciler gece demez g\u00fcnd\u00fcz demeden \u00e7al\u0131\u015f\u0131yorlar<\/p>\n<p>yeter ki, sen i\u015f ver.<\/p>\n<p>Yani<\/p>\n<p>Onlardaolmasa imalathaneye kilit vuraca\u011f\u0131m!<\/p>\n<ul>\n<li>Ya hu hem b\u00f6yle oldu\u011funu biliyorsun hem de inad\u0131na muhalefet ediyorsun. Ne diyeyim.. Allah seni \u0131slah etsin!<\/li>\n<li>\u00c2min!<\/li>\n<li>3 ay Fox TV Halk TV vs. izleme iyile\u015firsin!<\/li>\n<\/ul>\n<ul>\n<li>\u0130n\u015fallah!<\/li>\n<li>\u0130n\u015fallah!<\/li>\n<\/ul>\n<p>&nbsp;<\/p>\n<p><strong>03.01.2023\u00a0<\/strong><\/p>\n<p><strong>Emin Batur\u00a0<\/strong><\/p>\n","protected":false},"excerpt":{"rendered":"<p>E, Hadi g\u00f6z\u00fcn ayd\u0131n EYT mevzusunda istedi\u011fin oldu emekli oldun! H\u0131h.. Tayyip oy toplamaya \u00e7al\u0131\u015f\u0131yor! Zaten biz olmasak Tayyip bunu \u00e7\u0131karmazd\u0131. As\u0131l K\u0131l\u0131\u00e7daro\u011flu ile Meral Han\u0131m\u2019a te\u015fekk\u00fcr etmeli..bir de Ecevit\u2019e\u2026 Bunlar hep onun projeleri. Ya hu Ecevit memur maa\u015flar\u0131n\u0131 \u00f6deyemiyordu! IMF\u2019den 1 milyar $ bor\u00e7 s\u00f6z\u00fc ald\u0131\u011f\u0131 zaman sevincinden u\u00e7uyordu. Nerede kald\u0131 EYT\u2019lilere \u00e7\u00f6z\u00fcm bulmak!? &hellip;<\/p>\n","protected":false},"author":14,"featured_media":47566,"comment_status":"open","ping_status":"open","sticky":false,"template":"","format":"standard","meta":{"om_disable_all_campaigns":false,"_themeisle_gutenberg_block_has_review":false,"_joinchat":[],"footnotes":""},"categories":[56,38,43],"tags":[],"class_list":["post-44605","post","type-post","status-publish","format-standard","has-post-thumbnail","","category-emin","category-guncel","category-yazarlar"],"_links":{"self":[{"href":"https:\/\/akincilardergisi.com\/tr\/wp-json\/wp\/v2\/posts\/44605","targetHints":{"allow":["GET"]}}],"collection":[{"href":"https:\/\/akincilardergisi.com\/tr\/wp-json\/wp\/v2\/posts"}],"about":[{"href":"https:\/\/akincilardergisi.com\/tr\/wp-json\/wp\/v2\/types\/post"}],"author":[{"embeddable":true,"href":"https:\/\/akincilardergisi.com\/tr\/wp-json\/wp\/v2\/users\/14"}],"replies":[{"embeddable":true,"href":"https:\/\/akincilardergisi.com\/tr\/wp-json\/wp\/v2\/comments?post=44605"}],"version-history":[{"count":0,"href":"https:\/\/akincilardergisi.com\/tr\/wp-json\/wp\/v2\/posts\/44605\/revisions"}],"wp:featuredmedia":[{"embeddable":true,"href":"https:\/\/akincilardergisi.com\/tr\/wp-json\/wp\/v2\/media\/47566"}],"wp:attachment":[{"href":"https:\/\/akincilardergisi.com\/tr\/wp-json\/wp\/v2\/media?parent=44605"}],"wp:term":[{"taxonomy":"category","embeddable":true,"href":"https:\/\/akincilardergisi.com\/tr\/wp-json\/wp\/v2\/categories?post=44605"},{"taxonomy":"post_tag","embeddable":true,"href":"https:\/\/akincilardergisi.com\/tr\/wp-json\/wp\/v2\/tags?post=44605"}],"curies":[{"name":"wp","href":"https:\/\/api.w.org\/{rel}","templated":true}]}}