{"id":44430,"date":"2022-10-11T16:35:01","date_gmt":"2022-10-11T13:35:01","guid":{"rendered":"http:\/\/akincilardergisi.com\/dergi\/?p=44430"},"modified":"2023-11-07T15:55:12","modified_gmt":"2023-11-07T12:55:12","slug":"fotokopi-atm-kadro-ve-bulgaristan-sinirindaki-38-kmlik-tir-kuyrugu","status":"publish","type":"post","link":"https:\/\/akincilardergisi.com\/tr\/fotokopi-atm-kadro-ve-bulgaristan-sinirindaki-38-kmlik-tir-kuyrugu\/","title":{"rendered":"FOTOKOP\u0130  ATM  KADRO  VE BULGAR\u0130STAN SINIRINDAK\u0130 38 KM\u2019L\u0130K TIR KUYRU\u011eU"},"content":{"rendered":"<p><img decoding=\"async\" src=\"https:\/\/trthaberstatic.cdn.wp.trt.com.tr\/resimler\/278000\/278208.jpg\" alt=\"TIR kuyru\u011fu 100 kmye ula\u015ft\u0131\" \/><\/p>\n<p style=\"color: #000000\">FOTOKOP\u0130<\/p>\n<p style=\"color: #000000\">ATM<\/p>\n<p style=\"color: #000000\">KADRO<\/p>\n<p style=\"color: #000000\">VE BULGAR\u0130STAN SINIRINDAK\u0130 38 KM\u2019L\u0130K TIR KUYRU\u011eU<\/p>\n<p style=\"color: #000000\">\n<p style=\"color: #000000\">Bulgaristan s\u0131n\u0131r\u0131ndaki TIR kuyru\u011fu ile ilgili haberleri \u201cyanda\u015f\u201d medyada okumu\u015fsunuzdur. Malum fonda\u015f medya b\u00f6yle \u015feylerden bahsetmez.<\/p>\n<p style=\"color: #000000\">\u00dclkemizin<\/p>\n<p style=\"color: #000000\">D\u00fcnyadaki krizlere ra\u011fmen kalk\u0131nmas\u0131n\u0131 h\u0131z kesmeden devam ettirdi\u011fini<\/p>\n<p style=\"color: #000000\">Binaenaleyh<\/p>\n<p style=\"color: #000000\">Buna paralel olarak<\/p>\n<p style=\"color: #000000\">\u0130hracat\u0131m\u0131z\u0131n da her ay rekor k\u0131rarak y\u00fckseli\u015fte oldu\u011funu yazmak fonda\u015f medyan\u0131n i\u015fine gelmiyor.<\/p>\n<p style=\"color: #000000\">Neyse<\/p>\n<p style=\"color: #000000\">Benim anlatmak istedi\u011fim bu de\u011fil\u2026<\/p>\n<p style=\"color: #000000\">\n<p style=\"color: #000000\">\u0130KT\u0130DAR<\/p>\n<p style=\"color: #000000\">\u0130ktidar olman\u0131n olmazsa olmaz \u00fc\u00e7 temel sacaya\u011f\u0131 var:<\/p>\n<p style=\"color: #000000\">1- Sermaye<\/p>\n<p style=\"color: #000000\">2- Medya<\/p>\n<p style=\"color: #000000\">3- B\u00fcrokrasi<\/p>\n<p style=\"color: #000000\">Bunlar iktidar ile ayn\u0131 hedefe do\u011fru yol almazsa<\/p>\n<p style=\"color: #000000\">\u0130ktidar\u0131n ba\u015far\u0131l\u0131 olma \u015fans\u0131 \u00e7ok zor&#8230;<\/p>\n<p style=\"color: #000000\">\u00dclkemizde ise;<\/p>\n<p style=\"color: #000000\">Sermayenin kahir ekseriyeti \u2018Bo\u011fazi\u00e7i A\u015fireti\u2019 dedi\u011fimiz grubun elinde<\/p>\n<p style=\"color: #000000\">Ve bu a\u015firetin<\/p>\n<p style=\"color: #000000\">Mevcut iktidar ile aras\u0131 iyi de\u011fil.<\/p>\n<p style=\"color: #000000\">\n<p style=\"color: #000000\">Medya ise;<\/p>\n<p style=\"color: #000000\">Eskisi gibi yaz\u0131l\u0131 medya de\u011fil. Amerika\u2019n\u0131n silikon vadisinden y\u00f6netilen bir medya var.<\/p>\n<p style=\"color: #000000\">Yani<\/p>\n<p style=\"color: #000000\">H\u00fcrriyet gazetesi \u201c411 el kaosa kalkt\u0131\u201d diye man\u015fet at\u0131nca g\u00fcndem belirlenmiyor<\/p>\n<p style=\"color: #000000\">Ve<\/p>\n<p style=\"color: #000000\">Anayasa Mahkemesi TBMM\u2019nin ald\u0131\u011f\u0131 ba\u015f\u00f6rt\u00fc yasa\u011f\u0131n\u0131n kald\u0131r\u0131lmas\u0131n\u0131 iptal etmiyor.<\/p>\n<p style=\"color: #000000\">Art\u0131k g\u00fcndemi<\/p>\n<p style=\"color: #000000\">You Tube<\/p>\n<p style=\"color: #000000\">Tik tok<\/p>\n<p style=\"color: #000000\">Facebook<\/p>\n<p style=\"color: #000000\">Twitter vs. gibi sosyal medya belirliyor.<\/p>\n<p style=\"color: #000000\">\n<p style=\"color: #000000\">Sadece bunlar m\u0131?<\/p>\n<p style=\"color: #000000\">Hay\u0131r!<\/p>\n<p style=\"color: #000000\">Bir y\u0131lda<\/p>\n<p style=\"color: #000000\">Sizin g\u00f6r\u00fc\u015f\u00fcn\u00fcze uygun ka\u00e7 tane TV dizisi.. sinema filmi.. b\u00fcy\u00fck konser.. \u00e7ocuklar i\u00e7in \u00e7izgi film.. gen\u00e7ler i\u00e7in bilgisayar oyunlar\u0131 vs. \u00fcretiliyor.<\/p>\n<p style=\"color: #000000\">\u201cMedya\u201d dedi\u011fimiz zaman bunlar akla gelmeli<\/p>\n<p style=\"color: #000000\">Ve maalesef<\/p>\n<p style=\"color: #000000\">Bu mecralarda da \u00e7ok zay\u0131f\u0131z. Hatta yok gibiyiz.<\/p>\n<p style=\"color: #000000\">Yani<\/p>\n<p style=\"color: #000000\">\u0130ktidar\u0131n iki sacaya\u011f\u0131 \u00e7ok zay\u0131f\u2026<\/p>\n<p style=\"color: #000000\">\n<p style=\"color: #000000\">Geriye b\u00fcrokrasi kal\u0131yor.<\/p>\n<p style=\"color: #000000\">Burada g\u00fc\u00e7l\u00fc olursak sermaye ve medyan\u0131n yapaca\u011f\u0131 tahribat\u0131 halka sundu\u011fumuz hizmetle \u00f6nleyebiliriz.<\/p>\n<p style=\"color: #000000\">Peki,<\/p>\n<p style=\"color: #000000\">B\u00fcrokraside etkin miyiz?<\/p>\n<p style=\"color: #000000\">Maalesef buna da \u201cEvet!\u201d diyemiyoruz.<\/p>\n<p style=\"color: #000000\">Bunu ba\u015f\u0131mdan ge\u00e7en iki basit olayla anlatay\u0131m.<\/p>\n<p style=\"color: #000000\">Ki,<\/p>\n<p style=\"color: #000000\">Bu kadar basit meseleler bile \u00e7\u00f6z\u00fclemiyorsa daha b\u00fcy\u00fck i\u015flerde neler ya\u015fan\u0131yor ne \u00e7ileler \u00e7ekiliyor Allah bilir.<\/p>\n<p style=\"color: #000000\">\n<p style=\"color: #000000\">FOTOKOP\u0130<\/p>\n<p style=\"color: #000000\">25 y\u0131l kamuda g\u00f6rev yapt\u0131m.<\/p>\n<p style=\"color: #000000\">Bu s\u00fcre i\u00e7inde<\/p>\n<p style=\"color: #000000\">Bize i\u015fi d\u00fc\u015fen tek bir vatanda\u015f\u0131m\u0131z\u0131 fotokopi \u00e7ekmesi i\u00e7in kurum d\u0131\u015f\u0131na g\u00f6ndermedim<\/p>\n<p style=\"color: #000000\">Tam aksine<\/p>\n<p style=\"color: #000000\">Ya\u015fl\u0131 veya sora sora biri bana gelmi\u015fse onu yan\u0131ma oturtur.. \u00e7ay ikram eder<\/p>\n<p style=\"color: #000000\">Ve<\/p>\n<p style=\"color: #000000\">Sadece fotokopi de\u011fil di\u011fer birimlerde eksik kalm\u0131\u015f basit i\u015fleri varsa onlar\u0131 da tamamlar.. evraklar\u0131n\u0131 bir dosya i\u00e7ine koyar vatanda\u015f\u0131 g\u00fcler y\u00fczle g\u00f6nderirdim.<\/p>\n<p style=\"color: #000000\">\n<p style=\"color: #000000\">Ge\u00e7enlerde<\/p>\n<p style=\"color: #000000\">Benim de bir kamu kurumuna i\u015fim d\u00fc\u015ft\u00fc.<\/p>\n<p style=\"color: #000000\">\u0130\u015flemler tam bitecekken fotokopi laz\u0131m oldu.<\/p>\n<p style=\"color: #000000\">Memurdan \u00e7ekmesi i\u00e7in ricada bulununca<\/p>\n<p style=\"color: #000000\">Bana<\/p>\n<p style=\"color: #000000\">Amirlerinin izin vermedi\u011fini s\u00f6yledi. Laf\u0131 uzatmamak i\u00e7in na\u00e7ar \u201ctamam\u201d dedim.<\/p>\n<p style=\"color: #000000\">Kurumdan \u00e7\u0131kt\u0131m. Arabalar\u0131n h\u0131zla ge\u00e7ti\u011fi geni\u015f yoldan kar\u015f\u0131ya ge\u00e7tim.<\/p>\n<p style=\"color: #000000\">Foto\u011fraf\u00e7\u0131 d\u00fckk\u00e2n\u0131n\u0131 g\u00f6r\u00fcnce ona do\u011fru se\u011firttim.<\/p>\n<p style=\"color: #000000\">Foto\u011fraf\u00e7\u0131<\/p>\n<p style=\"color: #000000\">Uzaktan elimdeki k\u00e2\u011f\u0131tla d\u00fckk\u00e2na do\u011fru gitti\u011fimi g\u00f6r\u00fcnce eliyle \u201cyok yok!\u201d veya git git!\u201d manas\u0131nda i\u015faret yapt\u0131.<\/p>\n<p style=\"color: #000000\">Anlad\u0131m ki, adam 3 kuru\u015fluk fotokopi i\u00e7in kendini yormak istemiyor<\/p>\n<p style=\"color: #000000\">Ama<\/p>\n<p style=\"color: #000000\">B\u00fcrokrasi hazretleri 3 kuru\u015fluk fotokopi i\u00e7in vatanda\u015f\u0131 oradan oraya ko\u015fturabiliyor.<\/p>\n<p style=\"color: #000000\">Neticede sora sora fotokopi \u00e7eken yeri buldum.<\/p>\n<p style=\"color: #000000\">H\u0131zla geri d\u00f6nd\u00fcm. \u00c7\u00fcnk\u00fc mesai ortas\u0131na denk gelsem bir saat daha orada dikilip beklemem gerekecek.<\/p>\n<p style=\"color: #000000\">\n<p style=\"color: #000000\">\u015eimdi burada bir durum de\u011ferlendirmesi yapal\u0131m:<\/p>\n<p style=\"color: #000000\">3 kuru\u015fluk bir fotokopi i\u00e7in<\/p>\n<p style=\"color: #000000\">Ya\u011fmurda r\u00fczg\u00e2rda elinde u\u00e7u\u015fan fotokopi k\u00e2\u011f\u0131d\u0131 ile<\/p>\n<p style=\"color: #000000\">Oradan oraya ko\u015fturularak i\u015fi savsaklanan bir vatanda\u015f<\/p>\n<p style=\"color: #000000\">H\u00fckumet hakk\u0131nda ne d\u00fc\u015f\u00fcn\u00fcr?<\/p>\n<p style=\"color: #000000\">Bilen cevab\u0131n\u0131 versin.<\/p>\n<p style=\"color: #000000\">\n<p style=\"color: #000000\">Cumhurba\u015fkan\u0131m\u0131z<\/p>\n<p style=\"color: #000000\">Uluslararas\u0131 toplant\u0131larda<\/p>\n<p style=\"color: #000000\">D\u00fcnya liderlerine ayar \u00fcst\u00fcne ayar veriyor<\/p>\n<p style=\"color: #000000\">Ama<\/p>\n<p style=\"color: #000000\">\u0130\u00e7eride b\u00fcrokrasi hazretleri eline ge\u00e7en ilk f\u0131rsatta iktidara \u00e7elme tak\u0131yor ama kimse de bunun fark\u0131nda de\u011fil.<\/p>\n<p style=\"color: #000000\">\n<p style=\"color: #000000\">ATM<\/p>\n<p style=\"color: #000000\">Fotokopi belas\u0131n\u0131(!) b\u00f6ylece savu\u015fturduktan sonra bu sefer k\u00fc\u00e7\u00fck bir har\u00e7 yat\u0131rmam gerekti\u011fini s\u00f6ylediler.<\/p>\n<p style=\"color: #000000\">Memur y\u00fcz\u00fcme bakmadan \u201c\u015furadaki ATM\u2019ye yat\u0131r gel!\u201d dedi.<\/p>\n<p style=\"color: #000000\">Can\u0131m s\u0131k\u0131ld\u0131.<\/p>\n<p style=\"color: #000000\">\u00c7\u00fcnk\u00fc oraya memur olana kadar boynunu b\u00fck\u00fcp kim bilir ka\u00e7 ki\u015finin kap\u0131s\u0131n\u0131 \u00e7alm\u0131\u015ft\u0131r<\/p>\n<p style=\"color: #000000\">Ama \u015fimdi<\/p>\n<p style=\"color: #000000\">Eliyle sinek kovar gibi havaya kald\u0131r\u0131p bana \u201c\u015furada yat\u0131r gel!\u201d diyor.<\/p>\n<p style=\"color: #000000\">Ben de \u201c\u015furada..\u201d deyince \u00fcst katta veya kurumun bah\u00e7esini i\u015faret ediyor sand\u0131m.<\/p>\n<p style=\"color: #000000\">\u00c7\u0131kt\u0131m doland\u0131m yok.. \u00fcst kata \u00e7\u0131kt\u0131m yine yok. Sordum; Ziraat Bankas\u0131\u2019n\u0131n yan\u0131ndaki ATM\u2019de yat\u0131r\u0131laca\u011f\u0131n\u0131 s\u00f6ylediler. Memur tenezz\u00fcl edip bunu ba\u015ftan s\u00f6ylemiyor.<\/p>\n<p style=\"color: #000000\">Daha \u00f6nce<\/p>\n<p style=\"color: #000000\">Fotokopi i\u00e7in gitti\u011fim yolu tekrar kat ettim.<\/p>\n<p style=\"color: #000000\">Ancak kendi kendime;<\/p>\n<p style=\"color: #000000\">\u201cBankaya kadar gelmi\u015fken s\u0131ra numaras\u0131 alay\u0131m da ATM makinas\u0131 ile u\u011fra\u015fmayay\u0131m\u201d dedim.<\/p>\n<p style=\"color: #000000\">\u00d6yle ya;<\/p>\n<p style=\"color: #000000\">ATM bana bir s\u00fcr\u00fc soru soracak.. u\u011fra\u015famam!<\/p>\n<p style=\"color: #000000\">\n<p style=\"color: #000000\">S\u0131ram gelince<\/p>\n<p style=\"color: #000000\">Banka g\u00f6revlisi paray\u0131 alamayacaklar\u0131n\u0131 ATM\u2019den yat\u0131r\u0131lmas\u0131 gerekti\u011fini s\u00f6yledi. \u00c7\u0131kt\u0131m ATM kuyru\u011funa girdim. S\u0131ram gelince ka\u00e7 defa u\u011fra\u015ft\u0131ysam olmad\u0131.<\/p>\n<p style=\"color: #000000\">Nihayet<\/p>\n<p style=\"color: #000000\">G\u00fcvenlik eleman\u0131 durumu fark edip o ATM\u2019nin de\u011fil bir yan\u0131ndakinin mezk\u00fbr i\u015flemi yapt\u0131\u011f\u0131n\u0131 s\u00f6yledi.<\/p>\n<p style=\"color: #000000\">Tekrar s\u0131raya girdim paray\u0131 yat\u0131rd\u0131m ama sinirlerim tepemde. \u201c\u0130\u015f yok..\u201d deniyor ama i\u015fi bulan da i\u015fini b\u00f6yle ba\u015ftan savma yap\u0131yor.<\/p>\n<p style=\"color: #000000\">\n<p style=\"color: #000000\">BULGAR\u0130STAN<\/p>\n<p style=\"color: #000000\">HAMZABEYL\u0130 SINIR KAPISINDAK\u0130 38 KM\u2019L\u0130K TIR KUYRU\u011eU<\/p>\n<p style=\"color: #000000\">Bug\u00fcn<\/p>\n<p style=\"color: #000000\">\u201c38 km\u2019lik TIR kuyru\u011fu\u201d haberini okuyunca yukar\u0131da anlatt\u0131\u011f\u0131m bu iki olay akl\u0131ma geldi.<\/p>\n<p style=\"color: #000000\">3-5 kuru\u015fluk fotokopi<\/p>\n<p style=\"color: #000000\">Ve<\/p>\n<p style=\"color: #000000\">30-40 liral\u0131k bir harc\u0131 yat\u0131rmak i\u00e7in bana bu kadar i\u015fkence \u00e7ektiren b\u00fcrokrasi hazretleri.. s\u0131n\u0131r kap\u0131s\u0131ndan ge\u00e7mek isteyen o TIR\u2019c\u0131lara kim bilir neler \u00e7ektiriyordur diye d\u00fc\u015f\u00fcnd\u00fcm.<\/p>\n<p style=\"color: #000000\">Yoksa<\/p>\n<p style=\"color: #000000\">O TIR kuyru\u011fu hi\u00e7 bu kadar uzar m\u0131yd\u0131?<\/p>\n<p style=\"color: #000000\">\n<p style=\"color: #000000\">Bu durumu<\/p>\n<p style=\"color: #000000\">Bir dostumla payla\u015ft\u0131m. Ona \u201csiz o g\u00fcmr\u00fck kap\u0131s\u0131nda yetkili olsan\u0131z b\u00f6yle bir kuyruk olur muydu?<\/p>\n<p style=\"color: #000000\">&#8211; Hay\u0131r!<\/p>\n<p style=\"color: #000000\">Dedi.<\/p>\n<p style=\"color: #000000\">\n<p style=\"color: #000000\">Bilemiyorum tabi.. belki Bulgaristan taraf\u0131ndan da bir engelleme olmu\u015f olabilir<\/p>\n<p style=\"color: #000000\">Ama<\/p>\n<p style=\"color: #000000\">Ba\u015f\u0131mdan ge\u00e7en bu basit iki hadisede bile bu kadar s\u0131k\u0131nt\u0131 ya\u015fan\u0131yorsa<\/p>\n<p style=\"color: #000000\">Demek ki, b\u00fcrokratlar i\u015fi \u00e7\u00f6zme pe\u015finde de\u011fil.<\/p>\n<p style=\"color: #000000\">Adeta h\u00fckumete \u201cBiz buraday\u0131z!\u201d demek istiyorlar.<\/p>\n<p style=\"color: #000000\">\n<p style=\"color: #000000\">\u00c7\u00d6Z\u00dcM?<\/p>\n<p style=\"color: #000000\">\u00c7\u00f6z\u00fcm \u00e7ok basit.<\/p>\n<p style=\"color: #000000\">Ben yetkili olsam<\/p>\n<p style=\"color: #000000\">\u00d6ncelikle hi\u00e7 kimseyi 3 kuru\u015fluk bir fotokopi i\u00e7in kurum d\u0131\u015f\u0131na g\u00f6nderip bu kadar eziyet ettirmem. Nitekim zaman\u0131nda ettirmedim.<\/p>\n<p style=\"color: #000000\">Diyelim ki,<\/p>\n<p style=\"color: #000000\">Memura fotokopi \u00e7ektirmek istemiyorsun.. koy oraya birini! Fotokopiyi \u00fccreti kar\u015f\u0131l\u0131\u011f\u0131nda \u00e7eksin. Kimse o 3-5 kuru\u015fun derdinde de\u011fil. Hem vatanda\u015fa hizmet etmi\u015f olur hem de bir aile oradan ge\u00e7imini sa\u011flar.<\/p>\n<p style=\"color: #000000\">B\u00f6ylece<\/p>\n<p style=\"color: #000000\">\u0130\u015fsizler ordusundan bir ki\u015fi de eksilmi\u015f olur.<\/p>\n<p style=\"color: #000000\">\n<p style=\"color: #000000\">\u0130kincisi<\/p>\n<p style=\"color: #000000\">Bankac\u0131lar en olmad\u0131k yere bile ATM koyarken,<\/p>\n<p style=\"color: #000000\">Kamu kurumlar\u0131n\u0131n oldu\u011fu bir yere ATM koyamaz m\u0131? Koyar!<\/p>\n<p style=\"color: #000000\">\u00c7\u00fcnk\u00fc<\/p>\n<p style=\"color: #000000\">O ATM hi\u00e7bir g\u00f6rev yapmasa bile orada \u00e7al\u0131\u015fan memurlar\u0131n maa\u015flar\u0131n\u0131 \u00e7ekmesi i\u00e7in bile olsa gereklidir. Yetmez mi?<\/p>\n<p style=\"color: #000000\">Kald\u0131 ki,<\/p>\n<p style=\"color: #000000\">Bu kamu kurumlar\u0131nda bir s\u00fcr\u00fc har\u00e7 vs. \u00e7\u0131k\u0131yor.. vatanda\u015f bunlar\u0131 o ATM\u2019ye yat\u0131r\u0131r zaman israf\u0131 \u00f6nlenir<\/p>\n<p style=\"color: #000000\">Ama<\/p>\n<p style=\"color: #000000\">Bunun i\u00e7in i\u015fini dert edinmi\u015f b\u00fcrokrat laz\u0131m. \u0130ki sat\u0131r bankaya yaz\u0131 yazsa banka ko\u015fa ko\u015fa gelip o ATM\u2019yi yerle\u015ftirir.<\/p>\n<p style=\"color: #000000\">\u201cEmekli maa\u015f\u0131n\u0131 benden \u00e7ek sana 37 bin lira veririm!\u201d diyen bir banka b\u00f6yle k\u00e2rl\u0131 bir i\u015fi yapmaz m\u0131?<\/p>\n<p style=\"color: #000000\">\n<p style=\"color: #000000\">Cumhurba\u015fkan\u0131m\u0131z d\u0131\u015far\u0131da<\/p>\n<p style=\"color: #000000\">Bu \u00fclkenin ve \u00fclke vatanda\u015flar\u0131 olarak bizim itibar\u0131m\u0131z\u0131 y\u00fckseltmek i\u00e7in gayret sarf ederken<\/p>\n<p style=\"color: #000000\">\u0130\u00e7eride<\/p>\n<p style=\"color: #000000\">B\u00fcrokrasi hazretleri oradan oraya ko\u015fturarak bizimle adeta alay ediyor.<\/p>\n<p style=\"color: #000000\">\n<p style=\"color: #000000\">AZ KALDI!<\/p>\n<p style=\"color: #000000\">Di\u015fimizi s\u0131k\u0131yoruz.. az kald\u0131!<\/p>\n<p style=\"color: #000000\">2023 se\u00e7imlerini sa\u011f-salim atlat\u0131rsak<\/p>\n<p style=\"color: #000000\">Benim bildi\u011fim \u201cTayyip Abi\u201d bunu onlara komaz!<\/p>\n<p style=\"color: #000000\">K\u0131z\u0131l Elma hedefine<\/p>\n<p style=\"color: #000000\">Bizimle beraber y\u00fcr\u00fcmek istemeyen<\/p>\n<p style=\"color: #000000\">Sermayenin de.. b\u00fcrokrasinin de hakk\u0131ndan gelece\u011fine inan\u0131yorum.<\/p>\n<p style=\"color: #000000\">O zaman uluslararas\u0131 medya ve yerli i\u015fbirlik\u00e7ileri istedi\u011fi kadar bozgunculuk yaps\u0131nlar; arkam\u0131zdan ancak nal toplar&#8230; Vesselam.<\/p>\n<p style=\"color: #000000\">\n<p style=\"color: #000000\">12.10.2022<\/p>\n","protected":false},"excerpt":{"rendered":"<p>FOTOKOP\u0130 ATM KADRO VE BULGAR\u0130STAN SINIRINDAK\u0130 38 KM\u2019L\u0130K TIR KUYRU\u011eU Bulgaristan s\u0131n\u0131r\u0131ndaki TIR kuyru\u011fu ile ilgili haberleri \u201cyanda\u015f\u201d medyada okumu\u015fsunuzdur. Malum fonda\u015f medya b\u00f6yle \u015feylerden bahsetmez. \u00dclkemizin D\u00fcnyadaki krizlere ra\u011fmen kalk\u0131nmas\u0131n\u0131 h\u0131z kesmeden devam ettirdi\u011fini Binaenaleyh Buna paralel olarak \u0130hracat\u0131m\u0131z\u0131n da her ay rekor k\u0131rarak y\u00fckseli\u015fte oldu\u011funu yazmak fonda\u015f medyan\u0131n i\u015fine gelmiyor. Neyse Benim anlatmak &hellip;<\/p>\n","protected":false},"author":14,"featured_media":47554,"comment_status":"open","ping_status":"open","sticky":false,"template":"","format":"standard","meta":{"om_disable_all_campaigns":false,"_themeisle_gutenberg_block_has_review":false,"_joinchat":[],"footnotes":""},"categories":[56,38,43],"tags":[],"class_list":["post-44430","post","type-post","status-publish","format-standard","has-post-thumbnail","","category-emin","category-guncel","category-yazarlar"],"_links":{"self":[{"href":"https:\/\/akincilardergisi.com\/tr\/wp-json\/wp\/v2\/posts\/44430","targetHints":{"allow":["GET"]}}],"collection":[{"href":"https:\/\/akincilardergisi.com\/tr\/wp-json\/wp\/v2\/posts"}],"about":[{"href":"https:\/\/akincilardergisi.com\/tr\/wp-json\/wp\/v2\/types\/post"}],"author":[{"embeddable":true,"href":"https:\/\/akincilardergisi.com\/tr\/wp-json\/wp\/v2\/users\/14"}],"replies":[{"embeddable":true,"href":"https:\/\/akincilardergisi.com\/tr\/wp-json\/wp\/v2\/comments?post=44430"}],"version-history":[{"count":0,"href":"https:\/\/akincilardergisi.com\/tr\/wp-json\/wp\/v2\/posts\/44430\/revisions"}],"wp:featuredmedia":[{"embeddable":true,"href":"https:\/\/akincilardergisi.com\/tr\/wp-json\/wp\/v2\/media\/47554"}],"wp:attachment":[{"href":"https:\/\/akincilardergisi.com\/tr\/wp-json\/wp\/v2\/media?parent=44430"}],"wp:term":[{"taxonomy":"category","embeddable":true,"href":"https:\/\/akincilardergisi.com\/tr\/wp-json\/wp\/v2\/categories?post=44430"},{"taxonomy":"post_tag","embeddable":true,"href":"https:\/\/akincilardergisi.com\/tr\/wp-json\/wp\/v2\/tags?post=44430"}],"curies":[{"name":"wp","href":"https:\/\/api.w.org\/{rel}","templated":true}]}}