{"id":44370,"date":"2022-09-20T14:12:00","date_gmt":"2022-09-20T11:12:00","guid":{"rendered":"http:\/\/akincilardergisi.com\/dergi\/?p=44370"},"modified":"2023-11-07T15:55:13","modified_gmt":"2023-11-07T12:55:13","slug":"soyle-bir-kurul-da-dunya-lider-gorsun","status":"publish","type":"post","link":"https:\/\/akincilardergisi.com\/tr\/soyle-bir-kurul-da-dunya-lider-gorsun\/","title":{"rendered":"\u015e\u00d6YLE B\u0130R KURUL  DA  D\u00dcNYA L\u0130DER G\u00d6RS\u00dcN"},"content":{"rendered":"<p style=\"color: #000000\">\n<p style=\"color: #000000\">\u00a0<img decoding=\"async\" src=\"http:\/\/www.ozbekistanabekliyoruz.com\/Content\/Images\/8118723_1.jpg\" alt=\"Cumhurba\u015fkan\u0131 Erdo\u011fan, Semerkant\u2019ta Registan Meydan\u0131\u2019n\u0131 gezdi\" \/><\/p>\n<p style=\"color: #000000\">\u015eanghay \u0130\u015fbirli\u011fi \u00d6rg\u00fct\u00fc \u00e7al\u0131\u015fmalar\u0131 \u00e7er\u00e7evesinde<\/p>\n<p style=\"color: #000000\">\u00d6zbekistan\u2019da bulunan Cumhurba\u015fkan\u0131m\u0131z\u0131n<\/p>\n<p style=\"color: #000000\">Mezk\u00fbr \u00f6rg\u00fct liderleri ile<\/p>\n<p style=\"color: #000000\">Objektife yakaland\u0131\u011f\u0131 bu kare.. gerek d\u00fcnyada gerekse \u00fclkemizde g\u00fcnlerdir konu\u015fuluyor.. yaz\u0131l\u0131 ve sosyal medyada dola\u015farak be\u011feni topluyor.<\/p>\n<p style=\"color: #000000\">\u00d6yle ya;<\/p>\n<p style=\"color: #000000\">Avrupa\u2019n\u0131n tek g\u00fcndemi bu k\u0131\u015f\u0131 \u00fc\u015f\u00fcmeden<\/p>\n<p style=\"color: #000000\">Ve bu\u011fday s\u0131k\u0131nt\u0131s\u0131 \u00e7ekmeden ge\u00e7irmek iken<\/p>\n<p style=\"color: #000000\">Cumhurba\u015fkan\u0131m\u0131z<\/p>\n<p style=\"color: #000000\">Enerji ve tah\u0131l ambar\u0131n\u0131n anahtarlar\u0131n\u0131 elinde bulunduran \u00fclkelerle koyu bir sohbete dalarak yarenlik etmesi hi\u00e7 dikkatlerden ka\u00e7ar m\u0131?<\/p>\n<p style=\"color: #000000\">\n<p style=\"color: #000000\">AVRUPA VE AMER\u0130KA TED\u0130RG\u0130N<\/p>\n<p style=\"color: #000000\">AZERBAYCAN SEV\u0130N\u00c7L\u0130<\/p>\n<p style=\"color: #000000\">Bu kareye bakan Avrupal\u0131 vatanda\u015flar\u0131n ne kadar tedirgin oldu\u011funu s\u00f6ylemeye gerek yok.<\/p>\n<p style=\"color: #000000\">Buna kar\u015f\u0131l\u0131k<\/p>\n<p style=\"color: #000000\">\u0130ster iktidar yanl\u0131s\u0131 isterse muhalif kesimde olsun.. bize de ne kadar b\u00fcy\u00fck bir g\u00fcven verdi\u011fini s\u00f6ylemek izahtan varestedir.<\/p>\n<p style=\"color: #000000\">\n<p style=\"color: #000000\">Sadece bize mi?<\/p>\n<p style=\"color: #000000\">Hay\u0131r!<\/p>\n<p style=\"color: #000000\">Azerbaycan Cumhurba\u015fkan\u0131 \u0130. Aliyev\u2019in oturu\u015funa bak\u0131n! Ona ne kadar b\u00fcy\u00fck bir g\u00fcven gelmi\u015f.<\/p>\n<p style=\"color: #000000\">Eskiden Orta Asya T\u00fcrk Cumhuriyeti liderleri<\/p>\n<p style=\"color: #000000\">Rus liderler kar\u015f\u0131s\u0131nda tabir caizse el-pen\u00e7e divan dururdu<\/p>\n<p style=\"color: #000000\">Ama \u015fimdi\u2026<\/p>\n<p style=\"color: #000000\">\u201cArkamda abim var! Ve benim de art\u0131k gerekti\u011finde sana kar\u015f\u0131 koyacak silah\u0131m var\u201d demenin ete kemi\u011fe b\u00fcr\u00fcnm\u00fc\u015f haliydi Say\u0131n Aliyev\u2019in o rahat hareketleri.<\/p>\n<p style=\"color: #000000\">\n<p style=\"color: #000000\">\u00d6yle ya;<\/p>\n<p style=\"color: #000000\">Ukrayna bile T\u00fcrkiye\u2019den ald\u0131\u011f\u0131 silahlarla Rusya\u2019ya direnebiliyorsa<\/p>\n<p style=\"color: #000000\">Allah g\u00f6stermesin<\/p>\n<p style=\"color: #000000\">S\u0131k\u0131nt\u0131ya d\u00fc\u015ft\u00fc\u011f\u00fcnde T\u00fcrkiye Can Azerbaycan i\u00e7in nelerini feda etmez.<\/p>\n<p style=\"color: #000000\">Say\u0131n Aliyev\u2019in o rahat hareketlerinin manas\u0131 budur!<\/p>\n<p style=\"color: #000000\">\n<p style=\"color: #000000\">Cumhurba\u015fkan\u0131m\u0131z\u0131n rahat hareketlerini ise s\u00f6ylemeye gerek yok. Her \u015fey ortada\u2026<\/p>\n<p style=\"color: #000000\">Bu g\u00fcnleri g\u00f6steren Rabbime \u015f\u00fck\u00fcrler olsun.<\/p>\n<p style=\"color: #000000\">\n<p style=\"color: #000000\">NE KADAR HASRET KALMI\u015eIZ K\u0130\u2026<\/p>\n<p style=\"color: #000000\">Bizim nesil<\/p>\n<p style=\"color: #000000\">\u00d6nceki Cumhurba\u015fkanlar\u0131m\u0131z\u0131n d\u00fcnya liderleri yan\u0131ndaki duru\u015flar\u0131n\u0131 hat\u0131rlad\u0131k\u00e7a.. bu resmin ne kadar k\u0131ymetli oldu\u011funu ancak bizim ku\u015fak takdir edebilir.<\/p>\n<p style=\"color: #000000\">O zamanlar<\/p>\n<p style=\"color: #000000\">B\u00f6yle bir kare resim i\u00e7in nelerimizi feda etmezdik ki\u2026<\/p>\n<p style=\"color: #000000\">\n<p style=\"color: #000000\">BUNA BENZER B\u0130R KAREY\u0130<\/p>\n<p style=\"color: #000000\">ERBAKAN HOCA ZAMANINDA G\u00d6RD\u00dcK\u2026<\/p>\n<p style=\"color: #000000\">\u2026 Ama onu da burnumuzdan getirdiler.<\/p>\n<p style=\"color: #000000\">Rahmetli hocam\u0131z<\/p>\n<p style=\"color: #000000\">D8 toplant\u0131s\u0131na gelen liderlerle<\/p>\n<p style=\"color: #000000\">Dolmabah\u00e7e Saray\u0131\u2019n\u0131n balkonundan muhte\u015fem bir g\u00f6r\u00fcnt\u00fc vermi\u015fti.<\/p>\n<p style=\"color: #000000\">Ancak<\/p>\n<p style=\"color: #000000\">\u0130\u00e7imizdeki yerli i\u015fbirlik\u00e7iler \u00f6yle bir vaveyla kopard\u0131lar ki,<\/p>\n<p style=\"color: #000000\">Bir anda Refah Partisinin kapat\u0131lmas\u0131 ile kar\u015f\u0131 kar\u015f\u0131ya kald\u0131k.<\/p>\n<p style=\"color: #000000\">Nihayet<\/p>\n<p style=\"color: #000000\">Refah Partisi kapat\u0131ld\u0131.<\/p>\n<p style=\"color: #000000\">\n<p style=\"color: #000000\">Kapat\u0131lma nedeni olarak;<\/p>\n<p style=\"color: #000000\">\u201cT\u00fcrkiye<\/p>\n<p style=\"color: #000000\">T\u00fcrk d\u00fcnyas\u0131 ve \u0130slam d\u00fcnyas\u0131 liderli\u011fine oynuyor. Bu da i\u015fimize gelmiyor\u201d diyecek de\u011fillerdi ya. K\u0131l\u0131f\u0131na uydurdular\u2026<\/p>\n<p style=\"color: #000000\">\u0130\u00e7imizdeki<\/p>\n<p style=\"color: #000000\">\u00d6zdilgil, \u00c7\u00f6la\u015fangil vb. gibi yaz\u0131l\u0131 ve g\u00f6rsel medya elemanlar\u0131n\u0131 \u00f6ne s\u00fcrerek ilk \u00f6nce kamuoyuna ikna ettiler.<\/p>\n<p style=\"color: #000000\">Sonra<\/p>\n<p style=\"color: #000000\">FET\u00d6 i\u015fgali alt\u0131ndaki yarg\u0131 harekete ge\u00e7ti.<\/p>\n<p style=\"color: #000000\">\n<p style=\"color: #000000\">TR\u0130LYON DAVASI<\/p>\n<p style=\"color: #000000\">\u201cErbakan\u2019\u0131n Trilyon Davas\u0131\u201d gibi objektif(!)<\/p>\n<p style=\"color: #000000\">Ve<\/p>\n<p style=\"color: #000000\">\u201cRP\u2019nin Laikli\u011fin oda\u011f\u0131 olma\u201d gibi s\u00fcbjektif ithamlarla parti kapat\u0131ld\u0131.<\/p>\n<p style=\"color: #000000\">\n<p style=\"color: #000000\">\u201cTrilyon Davas\u0131\u201d dedikleri<\/p>\n<p style=\"color: #000000\">Partiye hazineden<\/p>\n<p style=\"color: #000000\">Bug\u00fcnk\u00fc parayla 10-15 milyon TL\u2019lik \u00f6denek yap\u0131lm\u0131\u015f..<\/p>\n<p style=\"color: #000000\">Parti de bunu g\u00fcya \u201ci\u00e7 etmi\u015f\u2026\u201d Dava bu!<\/p>\n<p style=\"color: #000000\">Mahkemeye sunulan \u00e7uvalla fatura belge tutanak vs. nin hi\u00e7biri bir i\u015fe yaramad\u0131.<\/p>\n<p style=\"color: #000000\">\u00c7\u00fcnk\u00fc karar \u00e7ok \u00f6nceden verilmi\u015fti.<\/p>\n<p style=\"color: #000000\">(Trilyon davas\u0131ndan Erbakan Hoca hapse girsin diye K\u0131l\u0131\u00e7daro\u011flu da imza vermi\u015fti. \u015eimdi Saadet Partisine \u015firin g\u00f6r\u00fcnmeye \u00e7al\u0131\u015ft\u0131\u011f\u0131na bakmay\u0131n. Ellerine f\u0131rsat ge\u00e7meyi versin. Nauzu billah\u2026)<\/p>\n<p style=\"color: #000000\">\n<p style=\"color: #000000\">15 TEMMUZ OLMASAYDI<\/p>\n<p style=\"color: #000000\">AYNI \u015eEY BUG\u00dcN DE TEKRAR EDERD\u0130<\/p>\n<p style=\"color: #000000\">Yaz\u0131 uzamas\u0131n diye detaya girmiyorum.<\/p>\n<p style=\"color: #000000\">Merak edenler partiyi kapatma karar\u0131n\u0131n ne kadar komik nedenlere dayand\u0131\u011f\u0131n\u0131 ara\u015ft\u0131rabilir.<\/p>\n<p style=\"color: #000000\">Ancak<\/p>\n<p style=\"color: #000000\">\u015eundan emin olunuz ki,<\/p>\n<p style=\"color: #000000\">E\u011fer 15 Temmuz olmasayd\u0131<\/p>\n<p style=\"color: #000000\">Cumhurba\u015fkan\u0131m\u0131z\u0131n<\/p>\n<p style=\"color: #000000\">Gerek \u015e\u0130\u00d6\u2019da verdi\u011fi mesaj ve g\u00f6r\u00fcnt\u00fc,<\/p>\n<p style=\"color: #000000\">Gerekse BM\u2019deki hal ve hareketlerine gerek kalmadan<\/p>\n<p style=\"color: #000000\">Daha<\/p>\n<p style=\"color: #000000\">\u0130ngiliz ba\u015fbakan\u0131na adeta el-ense yapt\u0131\u011f\u0131 g\u00fcn Akparti hakk\u0131nda kapatma davas\u0131 a\u00e7\u0131l\u0131rd\u0131.<\/p>\n<p style=\"color: #000000\">\n<p style=\"color: #000000\">SAVA\u015eG\u0130LLER<\/p>\n<p style=\"color: #000000\">\u00d6ZD\u0130LG\u0130LLER \u00c7\u00d6LA\u015eANG\u0130LLER YA\u015eIYOR<\/p>\n<p style=\"color: #000000\">Unutmayal\u0131m ki,<\/p>\n<p style=\"color: #000000\">Sava\u015f Vuralgiller, \u00d6zdilgiller, \u00c7\u00f6la\u015fangiller davalar\u0131ndan vazge\u00e7mi\u015f de\u011filler.<\/p>\n<p style=\"color: #000000\">Her seferinde sald\u0131rmak i\u00e7in bahane arayacaklar.<\/p>\n<p style=\"color: #000000\">Bulamad\u0131klar\u0131 zaman<\/p>\n<p style=\"color: #000000\">\u201cAsr\u0131n lideri!\u201d diyerek ak\u0131llar\u0131nca dalga ge\u00e7ecekler.<\/p>\n<p style=\"color: #000000\">\u00c7\u00fcnk\u00fc<\/p>\n<p style=\"color: #000000\">Uzatmal\u0131 medya mensuplar\u0131na<\/p>\n<p style=\"color: #000000\">On binlerce dolar maa\u015f bo\u015funa \u00f6denmiyor ama ya\u015fland\u0131klar\u0131 i\u00e7in art\u0131k di\u015fleri de eskisi gibi kesmiyor. Aksi halde bug\u00fcne kadar Akparti hakk\u0131nda defalarca dava a\u00e7\u0131l\u0131rd\u0131. Bunu yapam\u0131yorlar<\/p>\n<p style=\"color: #000000\">Ama<\/p>\n<p style=\"color: #000000\">Ba\u015flam\u0131\u015f olan silah savunma sanayimizdeki ba\u015far\u0131lar\u0131 g\u00f6lgelemek i\u00e7in<\/p>\n<p style=\"color: #000000\">Veya<\/p>\n<p style=\"color: #000000\">B\u00fcy\u00fck projelerimizi (Havaliman\u0131..yol..hastane..t\u00fcnel..madencilik vs.) sebote etmek i\u00e7in nas\u0131l \u00e7abalad\u0131klar\u0131n\u0131 g\u00f6r\u00fcyoruz.<\/p>\n<p style=\"color: #000000\">\n<p style=\"color: #000000\">Binaenaleyh<\/p>\n<p style=\"color: #000000\">E\u011fer biz de \u00e2gah ve m\u00fctenebbih olmasak.. bizi rahat b\u0131rakmayacaklar\u0131n\u0131 ve devletimizi FET\u00d6 benzeri olu\u015fumlar vas\u0131tas\u0131yla tekrar emperyalistlere pe\u015fke\u015f \u00e7ekeceklerini unutmayal\u0131m.<\/p>\n<p style=\"color: #000000\">K\u0131l\u0131\u00e7daro\u011flu;<\/p>\n<p style=\"color: #000000\">\u201cKHK ile at\u0131lanlar\u0131 tekrar i\u015fe alaca\u011f\u0131m!\u201d diye bo\u015funa bar bar ba\u011f\u0131rm\u0131yor.<\/p>\n<p style=\"color: #000000\">Bunun manas\u0131<\/p>\n<p style=\"color: #000000\">15 Temmuz\u2019da halk\u0131m\u0131za silah s\u0131km\u0131\u015f bir subay\u0131, bir hakimi, bir savc\u0131y\u0131 tekrar g\u00f6revine iade edecek.<\/p>\n<p style=\"color: #000000\">Bunun ba\u015fka bir izah\u0131 yok.<\/p>\n<p style=\"color: #000000\">Ancak<\/p>\n<p style=\"color: #000000\">Halk\u0131m\u0131z\u0131n feraseti buna meydan vermeyece\u011fini d\u00fc\u015f\u00fcn\u00fcyorum.<\/p>\n<p style=\"color: #000000\">Allah milletimize bir daha 15 Temmuz ya\u015fatmas\u0131n. \u00c2min\u2026<\/p>\n<p style=\"color: #000000\">\n<p style=\"color: #000000\">Bu vesile ile de<\/p>\n<p style=\"color: #000000\">15 Temmuz \u015fehitlerimizi rahmet ve sayg\u0131yla an\u0131yor gazilerimize selam ediyorum.<\/p>\n<p style=\"color: #000000\">\n<p style=\"color: #000000\">\n<p style=\"color: #000000\">20.09.2022<\/p>\n<p style=\"color: #000000\">Emin Batur<\/p>\n","protected":false},"excerpt":{"rendered":"<p>\u00a0 \u015eanghay \u0130\u015fbirli\u011fi \u00d6rg\u00fct\u00fc \u00e7al\u0131\u015fmalar\u0131 \u00e7er\u00e7evesinde \u00d6zbekistan\u2019da bulunan Cumhurba\u015fkan\u0131m\u0131z\u0131n Mezk\u00fbr \u00f6rg\u00fct liderleri ile Objektife yakaland\u0131\u011f\u0131 bu kare.. gerek d\u00fcnyada gerekse \u00fclkemizde g\u00fcnlerdir konu\u015fuluyor.. yaz\u0131l\u0131 ve sosyal medyada dola\u015farak be\u011feni topluyor. \u00d6yle ya; Avrupa\u2019n\u0131n tek g\u00fcndemi bu k\u0131\u015f\u0131 \u00fc\u015f\u00fcmeden Ve bu\u011fday s\u0131k\u0131nt\u0131s\u0131 \u00e7ekmeden ge\u00e7irmek iken Cumhurba\u015fkan\u0131m\u0131z Enerji ve tah\u0131l ambar\u0131n\u0131n anahtarlar\u0131n\u0131 elinde bulunduran \u00fclkelerle koyu bir &hellip;<\/p>\n","protected":false},"author":14,"featured_media":47551,"comment_status":"open","ping_status":"open","sticky":false,"template":"","format":"standard","meta":{"om_disable_all_campaigns":false,"_themeisle_gutenberg_block_has_review":false,"_joinchat":[],"footnotes":""},"categories":[56,38,43],"tags":[],"class_list":["post-44370","post","type-post","status-publish","format-standard","has-post-thumbnail","","category-emin","category-guncel","category-yazarlar"],"_links":{"self":[{"href":"https:\/\/akincilardergisi.com\/tr\/wp-json\/wp\/v2\/posts\/44370","targetHints":{"allow":["GET"]}}],"collection":[{"href":"https:\/\/akincilardergisi.com\/tr\/wp-json\/wp\/v2\/posts"}],"about":[{"href":"https:\/\/akincilardergisi.com\/tr\/wp-json\/wp\/v2\/types\/post"}],"author":[{"embeddable":true,"href":"https:\/\/akincilardergisi.com\/tr\/wp-json\/wp\/v2\/users\/14"}],"replies":[{"embeddable":true,"href":"https:\/\/akincilardergisi.com\/tr\/wp-json\/wp\/v2\/comments?post=44370"}],"version-history":[{"count":0,"href":"https:\/\/akincilardergisi.com\/tr\/wp-json\/wp\/v2\/posts\/44370\/revisions"}],"wp:featuredmedia":[{"embeddable":true,"href":"https:\/\/akincilardergisi.com\/tr\/wp-json\/wp\/v2\/media\/47551"}],"wp:attachment":[{"href":"https:\/\/akincilardergisi.com\/tr\/wp-json\/wp\/v2\/media?parent=44370"}],"wp:term":[{"taxonomy":"category","embeddable":true,"href":"https:\/\/akincilardergisi.com\/tr\/wp-json\/wp\/v2\/categories?post=44370"},{"taxonomy":"post_tag","embeddable":true,"href":"https:\/\/akincilardergisi.com\/tr\/wp-json\/wp\/v2\/tags?post=44370"}],"curies":[{"name":"wp","href":"https:\/\/api.w.org\/{rel}","templated":true}]}}