{"id":44306,"date":"2022-08-26T19:33:31","date_gmt":"2022-08-26T16:33:31","guid":{"rendered":"http:\/\/akincilardergisi.com\/dergi\/?p=44306"},"modified":"2023-11-07T15:55:13","modified_gmt":"2023-11-07T12:55:13","slug":"devlet-buyuklerine-teklifimdir","status":"publish","type":"post","link":"https:\/\/akincilardergisi.com\/tr\/devlet-buyuklerine-teklifimdir\/","title":{"rendered":"DEVLET B\u00dcY\u00dcKLER\u0130NE TEKL\u0130F\u0130MD\u0130R"},"content":{"rendered":"<p style=\"color: #000000\"><img decoding=\"async\" src=\"https:\/\/i0.wp.com\/shiftdelete.net\/wp-content\/uploads\/2021\/12\/ankarada-akilli-taksi-donemi-basliyor001.jpg?fit=1280%2C720&amp;ssl=1\" alt=\"Ankara'da Ak\u0131ll\u0131 Taksi d\u00f6nemi ba\u015fl\u0131yor! - ShiftDelete.Net\" \/><\/p>\n<p style=\"color: #000000\">Gaziantep ve Mardin\u2019de \u00fcst \u00fcste gelen iki feci kaza<\/p>\n<p style=\"color: #000000\">Hepimizi derinden yaralad\u0131.<\/p>\n<p style=\"color: #000000\">Allah\u2019tan<\/p>\n<p style=\"color: #000000\">\u00d6lenlere rahmet yaral\u0131lara acil \u015fifalar diliyorum.<\/p>\n<p style=\"color: #000000\">BA\u015eKA YERDE<\/p>\n<p style=\"color: #000000\">BU KAZA OLMAZ D\u0130YE D\u00dc\u015e\u00dcNMEY\u0130N<\/p>\n<p style=\"color: #000000\">Her yerde olmas\u0131 m\u00fcmk\u00fcnd\u00fcr.<\/p>\n<p style=\"color: #000000\">\u00c7\u00fcnk\u00fc<\/p>\n<p style=\"color: #000000\">Meydan\u0131 bo\u015f bulmu\u015f<\/p>\n<p style=\"color: #000000\">Keyfe me ya\u015fa ara\u00e7 kullananlar o kadar \u00e7ok ki\u2026<\/p>\n<p style=\"color: #000000\">Bunlardan hangisini yazaca\u011f\u0131m\u0131 bilemiyorum.<\/p>\n<p style=\"color: #000000\">&#8211; Birbiriyle yar\u0131\u015fan sar\u0131 hafriyat kamyonlar\u0131n\u0131 m\u0131?<\/p>\n<p style=\"color: #000000\">&#8211; M\u00fc\u015fteriyi kapmak i\u00e7in hi\u00e7bir kural dinlemeden can\u0131n\u0131z\u0131 ve mal\u0131n\u0131z\u0131 tehlikeye atarak \u201cz\u0131nk\u201d diye \u00f6n\u00fcn\u00fcze k\u0131ran minib\u00fcs \u015fof\u00f6rlerini mi?<\/p>\n<p style=\"color: #000000\">&#8211; 3-4 \u015feritli yollarda sol \u015feridi kimseye b\u0131rakmayan kamyon ve TIR \u015fof\u00f6rlerini mi?<\/p>\n<p style=\"color: #000000\">&#8211; \u015eehrin yollar\u0131n\u0131 babas\u0131n\u0131n tapulu m\u00fclk\u00fc g\u00f6ren sar\u0131 taksileri mi? (Sar\u0131 taksilerin en k\u00fc\u00e7\u00fck kusuru bu\u2026 Di\u011ferlerini s\u0131ras\u0131 geldik\u00e7e yazar\u0131m)<\/p>\n<p style=\"color: #000000\">&#8211; Mal yeti\u015ftirmek i\u00e7in h\u0131\u015f\u0131m gibi giden kapal\u0131 kasa minib\u00fcslerini mi? (En tehlikelisi bunlar! Di\u011fer ara\u00e7larda yolcu oldu\u011fu i\u00e7in ikaz eden bulunuyor.. bunlar da o da yok.. tek ba\u015f\u0131nalar\u2026 G\u00f6rd\u00fc\u011f\u00fcn\u00fcz yerde can emniyetiniz i\u00e7in bunlardan uzak durun!)<\/p>\n<p style=\"color: #000000\">&#8211; \u00c7ocuklar\u0131 okula yeti\u015ftirmek i\u00e7in acele eden servis \u015fof\u00f6rlerini mi? (En \u00e7ok dikkatli olmas\u0131 gereken s\u00fcr\u00fcc\u00fcler bunlar olmal\u0131. \u00c7\u00fcnk\u00fc \u00e7ocuklar\u0131m\u0131z\u0131 emanet etmi\u015fiz.. ama nerede o hassasiyet!)<\/p>\n<p style=\"color: #000000\">&#8211; Baba paras\u0131 ile araba alm\u0131\u015f ve yollarda akrobasi hareketleri yapanlar\u0131 m\u0131?<\/p>\n<p style=\"color: #000000\">&#8211; Sonradan zengin ve sonradan g\u00f6rme i\u015fadamlar\u0131n\u0131n(!) i\u015fine yeti\u015fmek i\u00e7in makas atarak can\u0131n\u0131z\u0131 tehlikeye atanlar\u0131 m\u0131? (Bu kadar kamera bunlar\u0131 g\u00f6rm\u00fcyor mu?)<\/p>\n<p style=\"color: #000000\">&#8211; Siz s\u0131rada beklerken gelip araya kaynak yapanlar\u0131 m\u0131?<\/p>\n<p style=\"color: #000000\">&#8211; Hi\u00e7bir kural tan\u0131mayan, uyan\u0131k, f\u0131rsat\u00e7\u0131 ahlaks\u0131z s\u00fcr\u00fcc\u00fcleri mi?<\/p>\n<p style=\"color: #000000\">&#8211; \u015eehrin yollar\u0131n\u0131 \u00e7\u00f6p tenekesi g\u00f6ren g\u00f6rg\u00fcs\u00fczleri mi? (ceza kesilmedi\u011fi i\u00e7in sigaras\u0131n\u0131 camdan f\u0131rlatmak normal hale geldi. \u015eimdi bunlara i\u00e7ti\u011fi suyun \u015fi\u015fesini atanlar.. sigara paketi atanlar..pe\u00e7ete atanlar vs. eklendi.)<\/p>\n<p style=\"color: #000000\">Trafikte olanlar<\/p>\n<p style=\"color: #000000\">Her g\u00fcn bu musibetlerden bir veya birka\u00e7\u0131na \u015fahit oluyor.<\/p>\n<p style=\"color: #000000\">Neden?<\/p>\n<p style=\"color: #000000\">\u00c7\u00fcnk\u00fc denetim yok veya yetersiz.<\/p>\n<p style=\"color: #000000\">BU \u0130\u015e SADECE DEVLET\u0130N \u0130\u015e\u0130 M\u0130?<\/p>\n<p style=\"color: #000000\">Hay\u0131r!<\/p>\n<p style=\"color: #000000\">Son iki kaza bize g\u00f6sterdi ki,<\/p>\n<p style=\"color: #000000\">Bu i\u015f art\u0131k milli bir mesele haline gelmi\u015ftir.<\/p>\n<p style=\"color: #000000\">Siz<\/p>\n<p style=\"color: #000000\">En g\u00fczel yollar\u0131 da yapsan\u0131z.. t\u00fcnel.. viyad\u00fck.. k\u00f6pr\u00fcleriniz Avrupa\u2019n\u0131n bir\u00e7ok \u00fclkesinden daha \u00fcst\u00fcn olsa da.. denetim bir Almanya seviyesinde olmasa bu i\u015f d\u00fczelmez ve biz de \u00fcz\u00fclmeye devam ederiz.<\/p>\n<p style=\"color: #000000\">TEKL\u0130F\u0130M<\/p>\n<p style=\"color: #000000\">Teklifim \u015fudur:<\/p>\n<p style=\"color: #000000\">Devletime ayda bir g\u00fcn meccanen (\u00fccretsiz olarak) hizmet etmek istiyorum.<\/p>\n<p style=\"color: #000000\">\u015e\u00f6yle ki;<\/p>\n<p style=\"color: #000000\">\u0130stanbul\u2019da oturuyorum. Ayda bir g\u00fcn devletin yan\u0131ma verece\u011fi ba\u015fka bir g\u00f6n\u00fcll\u00fc ile trafik denetimi yapmak istiyorum. Teknik olarak de\u011fil.. onu trafik polisleri yap\u0131yor. Bizim yapaca\u011f\u0131m\u0131z ahlaki denetim olacak.<\/p>\n<p style=\"color: #000000\">Yollarda<\/p>\n<p style=\"color: #000000\">Trafik kurallar\u0131n\u0131 hi\u00e7e sayarak can\u0131m\u0131za kastedenleri ilgili yerlere bildirmek i\u00e7in devletin memurlar\u0131 yetmiyor. Bu i\u015f devlet-millet i\u015fbirli\u011fi ile \u00e7\u00f6z\u00fcl\u00fcr ve bu i\u015fe benim gibi binlerce g\u00f6n\u00fcll\u00fcn\u00fcn talip olaca\u011f\u0131na inan\u0131yorum.<\/p>\n<p style=\"color: #000000\">\u00c7\u00fcnk\u00fc<\/p>\n<p style=\"color: #000000\">Trafik ter\u00f6r\u00fc PKK ter\u00f6r\u00fcnden daha az zararl\u0131 de\u011fildir.<\/p>\n<p style=\"color: #000000\">NOT:<\/p>\n<p style=\"color: #000000\">\u0130\u015fin \u201cAhlaki denetim\u201d k\u0131sm\u0131na ba\u015f\u0131mdan ge\u00e7en (basit) bir \u00f6rne\u011fi vererek a\u00e7\u0131kl\u0131k getirmek istiyorum.<\/p>\n<p style=\"color: #000000\">Ge\u00e7en g\u00fcn<\/p>\n<p style=\"color: #000000\">Fatih Akdeniz caddesinden Vezneciler\u2019e gidecektim.<\/p>\n<p style=\"color: #000000\">Normalde bu k\u0131sa yolu y\u00fcr\u00fcyerek giderim<\/p>\n<p style=\"color: #000000\">Ama<\/p>\n<p style=\"color: #000000\">Hem \u00f6\u011flen s\u0131ca\u011f\u0131 hem de acele i\u015fim oldu\u011fundan Akdeniz caddesinin yoku\u015funu \u00e7\u0131kmay\u0131 g\u00f6z\u00fcm almad\u0131.<\/p>\n<p style=\"color: #000000\">Durdurdu\u011fum taksi hemen nereye gidece\u011fimi sordu. H\u00e2lbuki buna hakk\u0131 yok. \u201cVezneciler!\u201d dedim. Oflad\u0131 puflad\u0131 nihayet \u201cHadi gel ama trafik g\u00f6rd\u00fc\u011f\u00fcm yerde seni indiririm\u201d dedi. Ne diyeyim&#8230;\u201dtamam!\u201d dedim. Bu s\u0131cakta yoku\u015fu \u00e7\u0131kars\u0131n yeter.<\/p>\n<p style=\"color: #000000\">Neyse kendince uygun bir yerde beni indirdi.<\/p>\n<p style=\"color: #000000\">Bu arada<\/p>\n<p style=\"color: #000000\">G\u00f6z\u00fcm saya\u00e7ta 18 lira yazd\u0131\u011f\u0131n\u0131 g\u00f6rd\u00fcm.. ben de 20 lira haz\u0131rlad\u0131m \u00fcst\u00fcn\u00fc b\u0131rakaca\u011f\u0131m. Durunca bir bakt\u0131m 18 lira birden 28 lira oldu. Nas\u0131l oldu anlamad\u0131m.<span style=\"color: #201f1e\">(Sonradan \u00f6\u011frendim ki; \u0130stanbul taksilerinde k\u0131sa mesafe \u00fccreti \u201cindi-bindi\u201d 28 lira olarak belirlenmi\u015f.)<\/span><\/p>\n<p style=\"color: #000000\">50 lira verdim, 20 lira geri verdi\u011finde \u201c\u00fcst\u00fc kals\u0131n!\u201d diyece\u011fim<\/p>\n<p style=\"color: #000000\">Ama<\/p>\n<p style=\"color: #000000\">20 lira iade ettikten sonra hi\u00e7 teklifsiz \u00f6n\u00fcne bakmaya devam etti.<\/p>\n<p style=\"color: #000000\">\u0130lave 10 lira nas\u0131l geldi bilmiyorum \u015fimdi de 2 liray\u0131 anas\u0131n\u0131n ak s\u00fct\u00fc gibi hakk\u0131 g\u00f6r\u00fcyor.<\/p>\n<p style=\"color: #000000\">Bu anlatt\u0131\u011f\u0131m en basit ve rutin bir olay.<\/p>\n<p style=\"color: #000000\">Bunun gibi binlerce olay var.<\/p>\n<p style=\"color: #000000\">Zaten adam\u0131n tipine bak\u0131yorsunuz.. gece olsa binmeye korkars\u0131n\u0131z.<\/p>\n<p style=\"color: #000000\">Nerede UBER\u2019in o nazik, temiz giyimli hakkaniyetli \u015fof\u00f6rleri nerede bu \u015fof\u00f6r.<\/p>\n<p style=\"color: #000000\">UBER Amerikan \u015firketi ve ilk defa bir Amerikan \u015firketini hasretle an\u0131yorum. O ara\u00e7lara binerken kendimi memleketimin efendisi g\u00f6r\u00fcyordum<\/p>\n<p style=\"color: #000000\">H\u00e2lbuki \u015fimdi<\/p>\n<p style=\"color: #000000\">Taksiye binerken adam\u0131 ikna etmek i\u00e7in o kadar dil d\u00f6kt\u00fcm ki,<\/p>\n<p style=\"color: #000000\">Kendimi<\/p>\n<p style=\"color: #000000\">Suriyeli m\u00fclteci gibi hissetim. Fazla para almas\u0131 da cabas\u0131\u2026<\/p>\n<p style=\"color: #000000\">23.08.20222<\/p>\n<p style=\"color: #000000\">Emin Batu<\/p>\n","protected":false},"excerpt":{"rendered":"<p>Gaziantep ve Mardin\u2019de \u00fcst \u00fcste gelen iki feci kaza Hepimizi derinden yaralad\u0131. Allah\u2019tan \u00d6lenlere rahmet yaral\u0131lara acil \u015fifalar diliyorum. BA\u015eKA YERDE BU KAZA OLMAZ D\u0130YE D\u00dc\u015e\u00dcNMEY\u0130N Her yerde olmas\u0131 m\u00fcmk\u00fcnd\u00fcr. \u00c7\u00fcnk\u00fc Meydan\u0131 bo\u015f bulmu\u015f Keyfe me ya\u015fa ara\u00e7 kullananlar o kadar \u00e7ok ki\u2026 Bunlardan hangisini yazaca\u011f\u0131m\u0131 bilemiyorum. &#8211; Birbiriyle yar\u0131\u015fan sar\u0131 hafriyat kamyonlar\u0131n\u0131 m\u0131? &#8211; &hellip;<\/p>\n","protected":false},"author":14,"featured_media":47547,"comment_status":"open","ping_status":"open","sticky":false,"template":"","format":"standard","meta":{"om_disable_all_campaigns":false,"_themeisle_gutenberg_block_has_review":false,"_joinchat":[],"footnotes":""},"categories":[56,38,43],"tags":[],"class_list":["post-44306","post","type-post","status-publish","format-standard","has-post-thumbnail","","category-emin","category-guncel","category-yazarlar"],"_links":{"self":[{"href":"https:\/\/akincilardergisi.com\/tr\/wp-json\/wp\/v2\/posts\/44306","targetHints":{"allow":["GET"]}}],"collection":[{"href":"https:\/\/akincilardergisi.com\/tr\/wp-json\/wp\/v2\/posts"}],"about":[{"href":"https:\/\/akincilardergisi.com\/tr\/wp-json\/wp\/v2\/types\/post"}],"author":[{"embeddable":true,"href":"https:\/\/akincilardergisi.com\/tr\/wp-json\/wp\/v2\/users\/14"}],"replies":[{"embeddable":true,"href":"https:\/\/akincilardergisi.com\/tr\/wp-json\/wp\/v2\/comments?post=44306"}],"version-history":[{"count":0,"href":"https:\/\/akincilardergisi.com\/tr\/wp-json\/wp\/v2\/posts\/44306\/revisions"}],"wp:featuredmedia":[{"embeddable":true,"href":"https:\/\/akincilardergisi.com\/tr\/wp-json\/wp\/v2\/media\/47547"}],"wp:attachment":[{"href":"https:\/\/akincilardergisi.com\/tr\/wp-json\/wp\/v2\/media?parent=44306"}],"wp:term":[{"taxonomy":"category","embeddable":true,"href":"https:\/\/akincilardergisi.com\/tr\/wp-json\/wp\/v2\/categories?post=44306"},{"taxonomy":"post_tag","embeddable":true,"href":"https:\/\/akincilardergisi.com\/tr\/wp-json\/wp\/v2\/tags?post=44306"}],"curies":[{"name":"wp","href":"https:\/\/api.w.org\/{rel}","templated":true}]}}