{"id":44227,"date":"2022-07-24T12:59:52","date_gmt":"2022-07-24T09:59:52","guid":{"rendered":"http:\/\/akincilardergisi.com\/dergi\/?p=44227"},"modified":"2023-11-04T11:12:39","modified_gmt":"2023-11-04T08:12:39","slug":"selametle-agabey","status":"publish","type":"post","link":"https:\/\/akincilardergisi.com\/tr\/selametle-agabey\/","title":{"rendered":"Selametle A\u011fabey"},"content":{"rendered":"<p style=\"text-align: left\"><img decoding=\"async\" src=\"https:\/\/im.haberturk.com\/2022\/07\/23\/3479593_a164e9bba74856b1b70d7d56799a39e7_640x640.jpg\" alt=\"7 G\u00fczel Adam kimdir, adlar\u0131 neler ve hangi \u015fairler? 7 G\u00fczel Adam \u015fairleri kimlerdir? Rasim \u00d6zden\u00f6ren ile Yedi G\u00fczel Adam isimleri ve \u015fiirleri neler?\" \/><\/p>\n<p style=\"text-align: left\">Bu g\u00fczel adamlar bizim yolumuzdaki i\u015faret levhalar\u0131m\u0131z olan a\u011fabeylerimiz, b\u00fcy\u00fcklerimiz idi.<\/p>\n<p style=\"text-align: left\">G\u00f6n\u00fcl ehli, hasbi ve yi\u011fit insanlard\u0131.<\/p>\n<p style=\"text-align: left\">Mehmet Akif \u0130nan&#8217;\u0131n (ra) Hocam olmas\u0131 hasebiyle ben bu g\u00fczel insanlar\u0131 Ankarada, en delikanl\u0131 zamanlar\u0131mda &#8221;Edebiyat Dergisi&#8221; ve &#8221;Maverada&#8221; tan\u0131d\u0131m. Ve koca Adamlar aras\u0131nda ufac\u0131k iken bu g\u00fcnlere geldim.<\/p>\n<p style=\"text-align: left\">M. Akif \u0130nan Hoca hari\u00e7 istedi\u011fim kadar onlarla konu\u015famad\u0131m. Serde Ak\u0131nc\u0131&#8217; l\u0131k vard\u0131.<\/p>\n<p style=\"text-align: left\">&#8221;Siz oradan, biz buradan k\u0131raca\u011f\u0131z zincirleri&#8221; diye Avrupa, Asya, Afrika demeden gece g\u00fcnd\u00fcz, dere tepe, may\u0131nl\u0131 tarlara ve s\u0131n\u0131rlar\u0131 ald\u0131rmadan bir \u00f6m\u00fcr ko\u015fup durduk.<\/p>\n<p style=\"text-align: left\">Allah &#8216;\u0131n izniyle&#8230; Son nefesimize kadar halen ko\u015fmakta ve ko\u015facak olan Ak\u0131nc\u0131lar\u0131z. \u0130slam\u0131 1 Dolara satanlar gibi \u015fana, \u015f\u00f6hrete, mala m\u00fclke, mevki ve makama de\u011fi\u015fenlere kap\u0131lmadan, ald\u0131rmadan&#8230;Onun bunun yat\u0131na, kat\u0131na, servetine bakarak hay\u0131flanmadan&#8230;<\/p>\n<p style=\"text-align: left\">\u0130\u015fte bu \u00e7izgi, bu duru\u015f, bu anlay\u0131\u015f \u00f6nden giden a\u011fabeylerimizin, \u00f6nderlerimizin karakterleri haline gelen ahlak\u0131yd\u0131.<\/p>\n<p style=\"text-align: left\">T\u00fcm gen\u00e7 karde\u015flerime, dost ve arkada\u015flar\u0131ma tavsiyem; size yol ve y\u00f6ntem g\u00f6sterek, istikamet tayin eden elinden, ete\u011finden tutaca\u011f\u0131n\u0131z bir b\u00fcy\u00fc\u011f\u00fcn\u00fcz, hocan\u0131z, a\u011fabeyiniz olsun diye tavsiye ediyorum.<\/p>\n<p style=\"text-align: left\">\u0130nsan\u0131 mal\u0131, m\u00fclk\u00fc, makam\u0131, mevkii, \u015fan\u0131, \u015f\u00f6hreti, serveti b\u00fcy\u00fctmez. Hatta; onlar\u0131 Allah yolunda kullanm\u0131yorsa; onlar sahibini bir y\u00fckt\u00fcr.<\/p>\n<p style=\"text-align: left\">B\u00fcy\u00fckl\u00fck, ululuk ve sayg\u0131nl\u0131k Allaha yak\u0131nl\u0131kla ula\u015f\u0131lan bir mertebedir.<\/p>\n<p style=\"text-align: left\">Yedi g\u00fczel Adam, Yedi g\u00fczel insan, yedi g\u00fczel M\u00fcsl\u00fcman olan a\u011fabeylerimizin sonuncusu da nehrin \u00f6teki yakas\u0131na beyaz bir ata binerek g\u00f6\u00e7t\u00fc.<\/p>\n<p style=\"text-align: left\">Hicretin kutlu, makam\u0131n efendimize kom\u015fu, kabrin p\u00fcr nur olsun.<\/p>\n<p style=\"text-align: left\">Sizden \u00f6nce nehrin kar\u015f\u0131 sahiline ge\u00e7en a\u011fabeylere selam ve dualar.<\/p>\n<p style=\"text-align: left\">Onlar\u0131 hep sevdik ve \u015fimdi de hep \u00f6zl\u00fcyoruz.<\/p>\n<p style=\"text-align: left\">Bu \u00f6zlem zincirine Rasim a\u011fabey de kat\u0131ld\u0131.<\/p>\n<p style=\"text-align: left\">Kalemiyle \u00f6mr\u00fc dava yolunda ko\u015farak ge\u00e7ti\u011fi i\u00e7in sevin\u00e7li, onu kaybetti\u011fimiz i\u00e7in \u00fczg\u00fcn\u00fcm.<\/p>\n<p style=\"text-align: left\">***<\/p>\n<div>\n<h2 class=\"_1mf _1mj\"><strong>Y\u0131k\u0131lan \u00c7\u0131nar\u0131n ard\u0131ndan<\/strong><\/h2>\n<\/div>\n<div>\n<div class=\"_1mf _1mj\">***<\/div>\n<\/div>\n<div>\n<div class=\"_1mf _1mj\">\u00a0 \u00a0 \u00a0 \u00a0 \u00a0 \u00a0 \u00a0 \u00a0 \u00a0 \u00a0 \u00a0 \u00a0 \u00a0 \u00a0 \u00a0 \u00a0 \u00a0 \u00a0 \u00a0 \u00a0 \u00a0 \u00a0 \u00a0 \u00a0 \u00a0 \u00a0 \u00a0 \u00a0 \u00a0 \u00a0 \u00a0 \u00a0 \u00a0 \u00a0 \u00a0 Rasim A\u011fabeyin aziz hat\u0131ras\u0131na&#8230;<\/div>\n<\/div>\n<div>\n<div class=\"_1mf _1mj\">***<\/div>\n<\/div>\n<div>\n<div class=\"_1mf _1mj\">Nerede bir yaprak d\u00f6k\u00fclse dal\u0131ndan<\/div>\n<\/div>\n<div>\n<div class=\"_1mf _1mj\">Bir damla kan damlar damar\u0131mdan<\/div>\n<\/div>\n<div>\n<div class=\"_1mf _1mj\">Hafif bir r\u00fczgar esse dal k\u0131m\u0131ldasa<\/div>\n<\/div>\n<div>\n<div class=\"_1mf _1mj\">F\u0131rt\u0131nalar kopar an\u0131lar\u0131mdan<\/div>\n<\/div>\n<div>\n<div class=\"_1mf _1mj\">***<\/div>\n<\/div>\n<div>\n<div class=\"_1mf _1mj\">Gecelere ba\u015fkald\u0131ran asi ve isyankar<\/div>\n<\/div>\n<div>\n<div class=\"_1mf _1mj\">\u015eafaklara ko\u015fan \u00e7\u0131lg\u0131n atlard\u0131k<\/div>\n<\/div>\n<div>\n<div class=\"_1mf _1mj\">Yeni do\u011fmu\u015f \u00e7ocuklar\u0131n \u00e7\u0131\u011fl\u0131klar\u0131n\u0131<\/div>\n<\/div>\n<div>\n<div class=\"_1mf _1mj\">Ku\u015fluk \u015fark\u0131lar\u0131na sarar kutlard\u0131k<\/div>\n<\/div>\n<div>\n<div class=\"_1mf _1mj\"><\/div>\n<\/div>\n<div>\n<div class=\"_1mf _1mj\">***<\/div>\n<\/div>\n<div>\n<div class=\"_1mf _1mj\">G\u00fcne\u015fle birlikte yar\u0131nlara kurulan<\/div>\n<\/div>\n<div>\n<div class=\"_1mf _1mj\">Bir t\u00fcrl\u00fc do\u011fmayan sabahlard\u0131k<\/div>\n<\/div>\n<div>\n<div class=\"_1mf _1mj\">Firavun sistemin karanl\u0131\u011f\u0131nda<\/div>\n<\/div>\n<div>\n<div class=\"_1mf _1mj\">Ayd\u0131nl\u0131k yoldaki sava\u015f\u00e7\u0131lard\u0131k<\/div>\n<\/div>\n<div>\n<div class=\"_1mf _1mj\">***<\/div>\n<\/div>\n<div>\n<div class=\"_1mf _1mj\">Yava\u015f yava\u015f sarar\u0131rken yapraklar<\/div>\n<\/div>\n<div>\n<div class=\"_1mf _1mj\">G\u00f6lgeler sessiz sessiz uzar<\/div>\n<\/div>\n<div>\n<div class=\"_1mf _1mj\">\u0130kindi sonras\u0131 \u00e7\u00f6ker ak\u015famlar<\/div>\n<\/div>\n<div>\n<div class=\"_1mf _1mj\">\u00d6l\u00fcmle birlikte gelir Sonbahar<\/div>\n<\/div>\n<div>\n<div class=\"_1mf _1mj\"><\/div>\n<\/div>\n<div>\n<div class=\"_1mf _1mj\">Arif Altunba\u015f<\/div>\n<\/div>\n<div><\/div>\n<p>&nbsp;<\/p>\n<p>&nbsp;<\/p>\n<p>&nbsp;<\/p>\n","protected":false},"excerpt":{"rendered":"<p>Bu g\u00fczel adamlar bizim yolumuzdaki i\u015faret levhalar\u0131m\u0131z olan a\u011fabeylerimiz, b\u00fcy\u00fcklerimiz idi. G\u00f6n\u00fcl ehli, hasbi ve yi\u011fit insanlard\u0131. Mehmet Akif \u0130nan&#8217;\u0131n (ra) Hocam olmas\u0131 hasebiyle ben bu g\u00fczel insanlar\u0131 Ankarada, en delikanl\u0131 zamanlar\u0131mda &#8221;Edebiyat Dergisi&#8221; ve &#8221;Maverada&#8221; tan\u0131d\u0131m. Ve koca Adamlar aras\u0131nda ufac\u0131k iken bu g\u00fcnlere geldim. M. Akif \u0130nan Hoca hari\u00e7 istedi\u011fim kadar onlarla konu\u015famad\u0131m. &hellip;<\/p>\n","protected":false},"author":2,"featured_media":45523,"comment_status":"open","ping_status":"open","sticky":false,"template":"","format":"standard","meta":{"om_disable_all_campaigns":false,"_themeisle_gutenberg_block_has_review":false,"_joinchat":[],"footnotes":""},"categories":[49,38,43],"tags":[],"class_list":["post-44227","post","type-post","status-publish","format-standard","has-post-thumbnail","","category-arif","category-guncel","category-yazarlar"],"_links":{"self":[{"href":"https:\/\/akincilardergisi.com\/tr\/wp-json\/wp\/v2\/posts\/44227","targetHints":{"allow":["GET"]}}],"collection":[{"href":"https:\/\/akincilardergisi.com\/tr\/wp-json\/wp\/v2\/posts"}],"about":[{"href":"https:\/\/akincilardergisi.com\/tr\/wp-json\/wp\/v2\/types\/post"}],"author":[{"embeddable":true,"href":"https:\/\/akincilardergisi.com\/tr\/wp-json\/wp\/v2\/users\/2"}],"replies":[{"embeddable":true,"href":"https:\/\/akincilardergisi.com\/tr\/wp-json\/wp\/v2\/comments?post=44227"}],"version-history":[{"count":0,"href":"https:\/\/akincilardergisi.com\/tr\/wp-json\/wp\/v2\/posts\/44227\/revisions"}],"wp:featuredmedia":[{"embeddable":true,"href":"https:\/\/akincilardergisi.com\/tr\/wp-json\/wp\/v2\/media\/45523"}],"wp:attachment":[{"href":"https:\/\/akincilardergisi.com\/tr\/wp-json\/wp\/v2\/media?parent=44227"}],"wp:term":[{"taxonomy":"category","embeddable":true,"href":"https:\/\/akincilardergisi.com\/tr\/wp-json\/wp\/v2\/categories?post=44227"},{"taxonomy":"post_tag","embeddable":true,"href":"https:\/\/akincilardergisi.com\/tr\/wp-json\/wp\/v2\/tags?post=44227"}],"curies":[{"name":"wp","href":"https:\/\/api.w.org\/{rel}","templated":true}]}}