{"id":44161,"date":"2022-06-24T12:35:06","date_gmt":"2022-06-24T09:35:06","guid":{"rendered":"http:\/\/akincilardergisi.com\/dergi\/?p=44161"},"modified":"2023-11-04T11:12:40","modified_gmt":"2023-11-04T08:12:40","slug":"firildak","status":"publish","type":"post","link":"https:\/\/akincilardergisi.com\/tr\/firildak\/","title":{"rendered":"F\u0131r\u0131ldak"},"content":{"rendered":"<div class=\"authors detail\">\n<div class=\"picture\"><a style=\"color: #000000\" title=\"Arif Altunba\u015f\" href=\"https:\/\/www.haber7.com\/yazarlar\/arif-altunbas\"><img decoding=\"async\" title=\"F\u0131r\u0131ldak\" src=\"https:\/\/i12.haber7.net\/haber7\/columnists\/\/bw\/905.png\" alt=\"F\u0131r\u0131ldak\" \/><\/a><\/div>\n<\/div>\n<div class=\"news-detail\">\n<div class=\"article\">\n<div class=\"news-content\">\n<p>T\u00fcrkiye \u015fimdiye kadar \u2018\u2019Van&#8217;da HDP&#8217; li Trabzon&#8217;da \u00fclk\u00fcc\u00fc&#8230; Konya\u2019da muhafazakar \u0130stanbul\u2019da DHKP-C ci, Yozgat\u2019ta T\u00fcrk\u00e7\u00fc Van\u2019da K\u00fcrt\u00e7\u00fc, camide imam, meyhanede meyhanec\u2026\u2019\u2019 f\u0131r\u0131ldak bir adam g\u00f6rmedi. \u0130\u015fiten kulaklar, g\u00f6ren g\u00f6zler, hisseden y\u00fcrekler i\u00e7in i\u00e7ler ac\u0131s\u0131 bir ibret vesikas\u0131 t\u00fcm milletimiz i\u00e7in.<\/p>\n<p>Diyarbak\u0131r\u2019da asker ve polisimiz i\u00e7in kaz\u0131lan \u00e7ukurlar\u0131 g\u00f6rmez, fakat da\u011fdaki e\u015fk\u0131yan\u0131n bitini, kaz\u0131lan t\u00fcnellerdeki itin piresini g\u00f6r\u00fcr ve onlar\u0131 korumaya \u00e7al\u0131\u015f\u0131r. Adam\u0131n yats\u0131ya kadar yanan mumu, cehenneme kadar uzanan Zum\u2019 u var.<\/p>\n<p>Halk\u00e7\u0131 fakat halk d\u00fc\u015fman\u0131 olan, yarg\u0131s\u0131z infazlarla katledilen, ezan ve Kur\u2019an okudu\u011fu i\u00e7in zulmedilen, kendi vatan\u0131nda esir ve mahkum etti\u011fi milletimizle helalle\u015fmek isteyen zavall\u0131 bir adam! Sen \u00f6nce kaset kumpas\u0131yla aya\u011f\u0131n\u0131 kayd\u0131r\u0131p koltu\u011funa oturdu\u011fun, yatak odas\u0131na kadar te\u015fhir edip aya\u011fa d\u00fc\u015f\u00fcrd\u00fc\u011f\u00fcn arkada\u015f\u0131n\u0131n kendisi ve aileden \u00f6z\u00fcr dile, onlarla helalle\u015f!<\/p>\n<p>Denize zincir vuran o kumpas kasetini Zorro k\u0131l\u0131kl\u0131, maskeli balo insanlar\u0131n\u0131n ruh gibi 14. kata kadar \u00e7\u0131karak g\u00f6r\u00fcnmeden sana getirdi\u011fi yalan\u0131n hesab\u0131n\u0131 ver! Se\u00e7ti\u011fin kurban bu y\u00fczden hapse girmi\u015fti. \u0130hanetin ucu kendine dayan\u0131nca panikata\u011fa kalk\u0131p h\u0131z\u0131n\u0131 alamad\u0131n. O korkuyla Ankara\u2019dan \u0130stanbul\u2019a kadar otostop \u00e7ektin. Yer yer kendine kat\u0131lan yol arkada\u015flar\u0131n\u0131n i\u00e7inde z\u0131lg\u0131t \u00e7eken, horon tepen, heleheleci PKK\u2019l\u0131 dostlar\u0131 bile vard\u0131. Yalan\u0131n r\u00fczgar\u0131na kap\u0131l\u0131p iyi \u015fov yaparak 85 milyonun akl\u0131yla eylenip alay ettiniz.<\/p>\n<p>Adam\u0131n yalanlar\u0131n\u0131 saymaya kalksan bir \u00f6m\u00fcr yetmez. Yine de \u00e7uvala s\u0131\u011fmayan m\u0131zrak misali sadece birka\u00e7\u0131n\u0131 hat\u0131rlatal\u0131m da milletimize hizmet olsun.<\/p>\n<p>15 Temmuz \u00f6ncesi Erdo\u011fan &#8220;Ka\u00e7acak&#8221; demi\u015f, ama kendisi kedi g\u00f6rm\u00fc\u015f fare gibi tanklar\u0131n aras\u0131ndan s\u0131v\u0131\u015fm\u0131\u015f. \u015eimdi ayn\u0131 yalanlar\u0131 pi\u015firip sofraya getirmeye \u00e7al\u0131\u015f\u0131yor.<\/p>\n<p>Devletin s\u0131r olan belgelerini berber o\u011fluna vermi\u015f. O\u011ful gazetecilere, gazeteciler t\u00fcm\u00a0<a class=\"link_keywords\" style=\"color: #98171c\" title=\"D\u00fcnya Haberleri\" href=\"https:\/\/www.haber7.com\/dunya\" target=\"_blank\" rel=\"noopener\">d\u00fcnya<\/a>ya duyurunca o\u011ful yarg\u0131lan\u0131p hapishanelere d\u00fc\u015fm\u00fc\u015f. Salya s\u00fcm\u00fck \u00f6n\u00fcne gelene yalvarm\u0131\u015f beni buradan kurtar\u0131n diye. Zavall\u0131y\u0131 \u00e7ok duyan olmu\u015f. Baba cesarete gelip berber o\u011fluna o belgeleri ben verdim diyememi\u015f.<\/p>\n<p>Yalanc\u0131 \u00e7oban her k\u0131l\u0131\u011fa girdi\u011fi i\u00e7in bazen solcu bazen sa\u011fc\u0131, bazen T\u00fcrk\u00e7\u00fc bazen K\u00fcrt\u00e7\u00fc, bazen PKK\u2019l\u0131 bazen de FET\u00d6\u2019 c\u00fc olmay\u0131 karakter haline getirmi\u015f. FET\u00d6\u2019c\u00fc darbeye \u2018\u2019Kontroll\u00fc darbe\u2019\u2019 demi\u015f. Nas\u0131l bir kontrol ise; oynanan dev m\u00fcsamere s\u0131ras\u0131na 250 ki\u015fi \u00f6lm\u00fc\u015f, 2500 ki\u015fi yaralanm\u0131\u015f. Devletin mal\u0131na milyarlarca zarar verilmi\u015f. Nedense bu devasa tiyatro Dienes rekoru k\u0131ramam\u0131\u015f, NOBEL \u00f6d\u00fcl\u00fc alamam\u0131\u015f.<\/p>\n<p>H\u0131zl\u0131 tren projesinde yolsuzluk var diye bir belge ortaya atm\u0131\u015f vatanda\u015f. &#8220;6 milyar dolarl\u0131k\u2019\u2019 yolsuzluk iddias\u0131 sahte \u00e7\u0131km\u0131\u015f. Adam\u0131n utanc\u0131ndan y\u00fcz\u00fc bile k\u0131zarmam\u0131\u015f.<\/p>\n<p>MAN Adas\u0131na para ka\u00e7\u0131r\u0131l\u0131yorlar iddias\u0131n\u0131n yalan oldu\u011fu mahkemece ispatlanm\u0131\u015f ve tazminat \u00f6demeye mahkum olmu\u015f. Adam hi\u00e7 bir \u015fey olmam\u0131\u015f gibi davranm\u0131\u015f.<\/p>\n<p>&#8220;Katarl\u0131lara s\u0131navs\u0131z \u00fcniversite hakk\u0131 verildi&#8221; diye bas bas ba\u011f\u0131rm\u0131\u015f. \u0130ddias\u0131n\u0131 ispatlayamam\u0131\u015f, yalan meydana \u00e7\u0131km\u0131\u015f. Ama yine de bizim yalanc\u0131 \u00e7oban meydanda yok.<\/p>\n<p>Milli, yerli duyarl\u0131l\u0131\u011f\u0131ndan dolay\u0131 28 \u015eubatta subayl\u0131ktan at\u0131lan \u2018\u201928 \u015eubat Ma\u011fduru\u2019\u2019 subaylar\u0131m\u0131z\u0131n kurdu\u011fu SADAT \u015eirketi &#8220;Ter\u00f6rist yeti\u015ftiriyor&#8221; diye ortal\u0131\u011f\u0131 velveleye vermi\u015f, hatta; utanmadan, s\u0131k\u0131lmadan devletin izniyle kurulan ve devlete hesap veren yurt d\u0131\u015f\u0131nda faaliyet g\u00f6steren bu \u00f6zel sekt\u00f6r \u015firketinin kap\u0131s\u0131na kadar dayanarak provakasyon denemesi yapm\u0131\u015f. Yalan yanl\u0131\u015f iddialarla hukuksuz olarak devletin kurumlar\u0131n\u0131 basm\u0131\u015f\u2026 \u2018\u2019Kime hizmet ediyor, kim ad\u0131na \u00e7al\u0131\u015f\u0131yor\u2019\u2019 acaba bu gazoz a\u011fac\u0131?<\/p>\n<p>Adam\u0131n s\u00f6ylemedi\u011fi yalan, yapmad\u0131\u011f\u0131 numara, atmad\u0131\u011f\u0131 takla, oynamad\u0131\u011f\u0131 tiyatro kalmam\u0131\u015f. Meydan\u0131 bo\u015f g\u00f6r\u00fcp yapm\u0131\u015fta yapm\u0131\u015f, yapm\u0131\u015fta yapm\u0131\u015f, yapm\u0131\u015fta yapm\u0131\u015f\u2026<\/p>\n<p>Sanki bunlar hi\u00e7 olmam\u0131\u015f ve ya\u015fanmam\u0131\u015f gibi \u015fimdi de pe\u015fine alt\u0131 tane f\u0131r\u0131ldak takm\u0131\u015f rakibini er meydan\u0131na \u00e7a\u011f\u0131r\u0131yor. Yenilginin \u015fampiyonu yalanc\u0131 \u00e7oban uluorta her ki\u015fiyi, kurumu ve meslek sahibini tehdit dip meydan onlara okuyor.<\/p>\n<p>Yalanc\u0131 \u00e7oban \u00e7\u0131kt\u0131\u011f\u0131 her g\u00fcre\u015fte yenilmi\u015f. Yenilmi\u015fte yenilmi\u015f, yenilmi\u015fte yenilmi\u015f, yenilmi\u015fte yenilmi\u015f\u2026 Adam\u0131n a\u011fz\u0131na yalan yuva yapm\u0131\u015f. \u0130nsan m\u0131, adam m\u0131 belli de\u011fil. \u015e\u0131mar\u0131k m\u0131 \u015f\u0131mar\u0131k, \u015firret mi \u015firret. \u2018\u2019O\u011flum git bak! Bak git o\u011flum!\u2019\u2019<\/p>\n<p>\u015eimdi bir oofff \u00e7ekece\u011fim da\u011flara<\/p>\n<p>Merhem s\u00fcrece\u011fim t\u00fcm yaralara<\/p>\n<p>Yalanc\u0131lar\u0131n \u015fah\u0131 bu adam var ya<\/p>\n<p>Diyecek ki; Arif isyan bas\u0131yor damarlara.<\/p>\n<p>Arif Altunba\u015f,\u00a0<a class=\"link_keywords\" style=\"color: #98171c\" title=\"Haber\" href=\"https:\/\/www.haber7.com\/\" target=\"_blank\" rel=\"noopener\">Haber<\/a>\u00a07<\/p>\n<\/div>\n<\/div>\n<\/div>\n<div class=\"comments\"><\/div>\n","protected":false},"excerpt":{"rendered":"<p>T\u00fcrkiye \u015fimdiye kadar \u2018\u2019Van&#8217;da HDP&#8217; li Trabzon&#8217;da \u00fclk\u00fcc\u00fc&#8230; Konya\u2019da muhafazakar \u0130stanbul\u2019da DHKP-C ci, Yozgat\u2019ta T\u00fcrk\u00e7\u00fc Van\u2019da K\u00fcrt\u00e7\u00fc, camide imam, meyhanede meyhanec\u2026\u2019\u2019 f\u0131r\u0131ldak bir adam g\u00f6rmedi. \u0130\u015fiten kulaklar, g\u00f6ren g\u00f6zler, hisseden y\u00fcrekler i\u00e7in i\u00e7ler ac\u0131s\u0131 bir ibret vesikas\u0131 t\u00fcm milletimiz i\u00e7in. Diyarbak\u0131r\u2019da asker ve polisimiz i\u00e7in kaz\u0131lan \u00e7ukurlar\u0131 g\u00f6rmez, fakat da\u011fdaki e\u015fk\u0131yan\u0131n bitini, kaz\u0131lan t\u00fcnellerdeki itin &hellip;<\/p>\n","protected":false},"author":2,"featured_media":45495,"comment_status":"open","ping_status":"open","sticky":false,"template":"","format":"standard","meta":{"om_disable_all_campaigns":false,"_themeisle_gutenberg_block_has_review":false,"_joinchat":[],"footnotes":""},"categories":[49,38,43],"tags":[],"class_list":["post-44161","post","type-post","status-publish","format-standard","has-post-thumbnail","","category-arif","category-guncel","category-yazarlar"],"_links":{"self":[{"href":"https:\/\/akincilardergisi.com\/tr\/wp-json\/wp\/v2\/posts\/44161","targetHints":{"allow":["GET"]}}],"collection":[{"href":"https:\/\/akincilardergisi.com\/tr\/wp-json\/wp\/v2\/posts"}],"about":[{"href":"https:\/\/akincilardergisi.com\/tr\/wp-json\/wp\/v2\/types\/post"}],"author":[{"embeddable":true,"href":"https:\/\/akincilardergisi.com\/tr\/wp-json\/wp\/v2\/users\/2"}],"replies":[{"embeddable":true,"href":"https:\/\/akincilardergisi.com\/tr\/wp-json\/wp\/v2\/comments?post=44161"}],"version-history":[{"count":0,"href":"https:\/\/akincilardergisi.com\/tr\/wp-json\/wp\/v2\/posts\/44161\/revisions"}],"wp:featuredmedia":[{"embeddable":true,"href":"https:\/\/akincilardergisi.com\/tr\/wp-json\/wp\/v2\/media\/45495"}],"wp:attachment":[{"href":"https:\/\/akincilardergisi.com\/tr\/wp-json\/wp\/v2\/media?parent=44161"}],"wp:term":[{"taxonomy":"category","embeddable":true,"href":"https:\/\/akincilardergisi.com\/tr\/wp-json\/wp\/v2\/categories?post=44161"},{"taxonomy":"post_tag","embeddable":true,"href":"https:\/\/akincilardergisi.com\/tr\/wp-json\/wp\/v2\/tags?post=44161"}],"curies":[{"name":"wp","href":"https:\/\/api.w.org\/{rel}","templated":true}]}}